{"id":2904,"date":"2025-03-31T22:42:43","date_gmt":"2025-03-31T22:42:43","guid":{"rendered":"https:\/\/corpoequilibrado.com.br\/?p=2904"},"modified":"2025-04-19T10:37:01","modified_gmt":"2025-04-19T13:37:01","slug":"falta-de-vitamina-d","status":"publish","type":"post","link":"https:\/\/corpoequilibrado.com.br\/es\/falta-de-vitamina-d\/","title":{"rendered":"Falta de vitamina D: s\u00edntomas, causas e impacto en el organismo"},"content":{"rendered":"<p>EL <strong>falta de vitamina D<\/strong> Es m\u00e1s com\u00fan de lo que se piensa y puede afectar a personas de todas las edades. Aunque muchos asocian esto <strong>Vitamina<\/strong> No solo para la salud de los huesos, su deficiencia puede afectar al cuerpo de muchas maneras, causando una variedad de <strong>s\u00edntomas<\/strong> f\u00edsicos y emocionales que comprometen la calidad de vida. En este art\u00edculo descubrir\u00e1s las <strong>principales s\u00edntomas de la deficiencia de vitamina D<\/strong>, para entender <strong>Por qu\u00e9 la vitamina D es esencial para el cuerpo<\/strong> y aprender <strong>C\u00f3mo reponer la vitamina D<\/strong> de forma segura y eficaz.<\/p><div id=\"ez-toc-container\" class=\"ez-toc-v2_0_82_2 counter-hierarchy ez-toc-counter ez-toc-grey ez-toc-container-direction\">\n<div class=\"ez-toc-title-container\">\n<p class=\"ez-toc-title\" style=\"cursor:inherit\">Resumen<\/p>\n<span class=\"ez-toc-title-toggle\"><\/span><\/div>\n<nav><ul class='ez-toc-list ez-toc-list-level-1' ><ul class='ez-toc-list-level-3' ><li class='ez-toc-heading-level-3'><a class=\"ez-toc-link ez-toc-heading-1\" href=\"https:\/\/corpoequilibrado.com.br\/es\/falta-de-vitamina-d\/#Video_explicativo_sobre_falta_de_vitamina_D\" >V\u00eddeo explicativo sobre la deficiencia de vitamina D:<\/a><\/li><\/ul><\/li><li class='ez-toc-page-1 ez-toc-heading-level-2'><a class=\"ez-toc-link ez-toc-heading-2\" href=\"https:\/\/corpoequilibrado.com.br\/es\/falta-de-vitamina-d\/#Quais_sao_os_sintomas_da_falta_de_vitamina_D\" >\u00bfCu\u00e1les son los s\u00edntomas de la deficiencia de vitamina D?<\/a><ul class='ez-toc-list-level-3' ><li class='ez-toc-heading-level-3'><a class=\"ez-toc-link ez-toc-heading-3\" href=\"https:\/\/corpoequilibrado.com.br\/es\/falta-de-vitamina-d\/#1_Fadiga_e_cansaco_constante\" >1. Fatiga y cansancio constante<\/a><\/li><li class='ez-toc-page-1 ez-toc-heading-level-3'><a class=\"ez-toc-link ez-toc-heading-4\" href=\"https:\/\/corpoequilibrado.com.br\/es\/falta-de-vitamina-d\/#2_Dor_nos_ossos_e_nas_articulacoes\" >2. Dolor de huesos y articulaciones<\/a><\/li><li class='ez-toc-page-1 ez-toc-heading-level-3'><a class=\"ez-toc-link ez-toc-heading-5\" href=\"https:\/\/corpoequilibrado.com.br\/es\/falta-de-vitamina-d\/#3_Fraqueza_muscular\" >3. Debilidad muscular<\/a><\/li><li class='ez-toc-page-1 ez-toc-heading-level-3'><a class=\"ez-toc-link ez-toc-heading-6\" href=\"https:\/\/corpoequilibrado.com.br\/es\/falta-de-vitamina-d\/#4_Queda_de_cabelo\" >4. Ca\u00edda del cabello<\/a><\/li><li class='ez-toc-page-1 ez-toc-heading-level-3'><a class=\"ez-toc-link ez-toc-heading-7\" href=\"https:\/\/corpoequilibrado.com.br\/es\/falta-de-vitamina-d\/#5_Alteracoes_de_humor_e_depressao\" >5. Cambios de humor y depresi\u00f3n<\/a><\/li><li class='ez-toc-page-1 ez-toc-heading-level-3'><a class=\"ez-toc-link ez-toc-heading-8\" href=\"https:\/\/corpoequilibrado.com.br\/es\/falta-de-vitamina-d\/#6_Infeccoes_frequentes\" >6. Infecciones frecuentes<\/a><\/li><li class='ez-toc-page-1 ez-toc-heading-level-3'><a class=\"ez-toc-link ez-toc-heading-9\" href=\"https:\/\/corpoequilibrado.com.br\/es\/falta-de-vitamina-d\/#7_Problemas_de_cicatrizacao\" >7. Problemas de curaci\u00f3n<\/a><\/li><\/ul><\/li><li class='ez-toc-page-1 ez-toc-heading-level-2'><a class=\"ez-toc-link ez-toc-heading-10\" href=\"https:\/\/corpoequilibrado.com.br\/es\/falta-de-vitamina-d\/#Por_que_a_vitamina_D_e_importante_para_o_organismo\" >\u00bfPor qu\u00e9 es importante la vitamina D para el organismo?<\/a><\/li><li class='ez-toc-page-1 ez-toc-heading-level-2'><a class=\"ez-toc-link ez-toc-heading-11\" href=\"https:\/\/corpoequilibrado.com.br\/es\/falta-de-vitamina-d\/#Quais_sao_os_riscos_da_deficiencia_de_vitamina_D\" >\u00bfCu\u00e1les son los riesgos de la deficiencia de vitamina D?<\/a><\/li><li class='ez-toc-page-1 ez-toc-heading-level-2'><a class=\"ez-toc-link ez-toc-heading-12\" href=\"https:\/\/corpoequilibrado.com.br\/es\/falta-de-vitamina-d\/#Quais_sao_os_fatores_que_causam_a_deficiencia\" >\u00bfCuales son los factores que causan deficiencia?<\/a><\/li><li class='ez-toc-page-1 ez-toc-heading-level-2'><a class=\"ez-toc-link ez-toc-heading-13\" href=\"https:\/\/corpoequilibrado.com.br\/es\/falta-de-vitamina-d\/#Como_diagnosticar_a_deficiencia_de_vitamina_D\" >\u00bfC\u00f3mo diagnosticar la deficiencia de vitamina D?<\/a><\/li><li class='ez-toc-page-1 ez-toc-heading-level-2'><a class=\"ez-toc-link ez-toc-heading-14\" href=\"https:\/\/corpoequilibrado.com.br\/es\/falta-de-vitamina-d\/#Como_repor_a_vitamina_D_de_forma_segura\" >\u00bfC\u00f3mo reponer vitamina D de forma segura?<\/a><\/li><li class='ez-toc-page-1 ez-toc-heading-level-2'><a class=\"ez-toc-link ez-toc-heading-15\" href=\"https:\/\/corpoequilibrado.com.br\/es\/falta-de-vitamina-d\/#Quais_alimentos_sao_fontes_de_vitamina_D\" >\u00bfQu\u00e9 alimentos son fuentes de vitamina D?<\/a><\/li><li class='ez-toc-page-1 ez-toc-heading-level-2'><a class=\"ez-toc-link ez-toc-heading-16\" href=\"https:\/\/corpoequilibrado.com.br\/es\/falta-de-vitamina-d\/#Qual_o_papel_da_exposicao_solar\" >\u00bfCu\u00e1l es el papel de la exposici\u00f3n al sol?<\/a><\/li><li class='ez-toc-page-1 ez-toc-heading-level-2'><a class=\"ez-toc-link ez-toc-heading-17\" href=\"https:\/\/corpoequilibrado.com.br\/es\/falta-de-vitamina-d\/#Qual_o_tratamento_da_deficiencia_de_vitamina_D\" >\u00bfCu\u00e1l es el tratamiento para la deficiencia de vitamina D?<\/a><\/li><li class='ez-toc-page-1 ez-toc-heading-level-2'><a class=\"ez-toc-link ez-toc-heading-18\" href=\"https:\/\/corpoequilibrado.com.br\/es\/falta-de-vitamina-d\/#Conclusao_O_que_voce_precisa_lembrar\" >Conclusi\u00f3n: Lo que debes recordar<\/a><\/li><\/ul><\/nav><\/div>\n\n\n\n\n<h3 class=\"wp-block-heading\"><span class=\"ez-toc-section\" id=\"Video_explicativo_sobre_falta_de_vitamina_D\"><\/span>V\u00eddeo explicativo sobre la deficiencia de vitamina D:<span class=\"ez-toc-section-end\"><\/span><\/h3>\n\n\n\n<figure class=\"wp-block-embed is-type-video is-provider-youtube wp-block-embed-youtube wp-embed-aspect-16-9 wp-has-aspect-ratio\"><div class=\"wp-block-embed__wrapper\">\n<iframe title=\"\u00a1Puede que usted tenga deficiencia de vitamina D y ni siquiera lo sepa!\" width=\"500\" height=\"281\" src=\"https:\/\/www.youtube.com\/embed\/rhGFnzMVPB0?feature=oembed\" frameborder=\"0\" allow=\"accelerometer; autoplay; clipboard-write; encrypted-media; gyroscope; picture-in-picture; web-share\" referrerpolicy=\"strict-origin-when-cross-origin\" allowfullscreen><\/iframe>\n<\/div><\/figure>\n\n\n\n<h2 class=\"wp-block-heading\"><span class=\"ez-toc-section\" id=\"Quais_sao_os_sintomas_da_falta_de_vitamina_D\"><\/span>\u00bfCu\u00e1les son los s\u00edntomas de la deficiencia de vitamina D?<span class=\"ez-toc-section-end\"><\/span><\/h2>\n\n\n\n<p>EL <strong>La falta de vitamina D puede causar<\/strong> Varios signos en el cuerpo. Algunas de ellas son sutiles, pero otras afectan directamente a la <a href=\"https:\/\/corpoequilibrado.com.br\/es\/bienestar-y-salud-mental\/\" title=\"Aprenda m\u00e1s sobre el bienestar\">bienestar<\/a>. A continuaci\u00f3n enumeramos <strong>7 s\u00edntomas de deficiencia de vitamina D<\/strong> que no puedes ignorar:<\/p>\n\n\n\n<h3 class=\"wp-block-heading\"><span class=\"ez-toc-section\" id=\"1_Fadiga_e_cansaco_constante\"><\/span>1. Fatiga y cansancio constante<span class=\"ez-toc-section-end\"><\/span><\/h3>\n\n\n\n<p>EL <strong>deficiencia de vitamina D<\/strong> Afecta la producci\u00f3n de energ\u00eda en el cuerpo. Personas con baja <strong>niveles de vitaminas<\/strong> informan que se sienten fatigados incluso despu\u00e9s de una buena noche de sue\u00f1o. Este es uno de los <strong>s\u00edntomas principales<\/strong> por la falta de esta vitamina.<\/p>\n\n\n\n<h3 class=\"wp-block-heading\"><span class=\"ez-toc-section\" id=\"2_Dor_nos_ossos_e_nas_articulacoes\"><\/span>2. Dolor de huesos y articulaciones<span class=\"ez-toc-section-end\"><\/span><\/h3>\n\n\n\n<p>Un s\u00edntoma cl\u00e1sico es el dolor \u00f3seo. EL <strong>La vitamina D es esencial para la salud \u00f3sea<\/strong>, ya que ayuda a la absorci\u00f3n de calcio. Su ausencia puede provocar dolores constantes, especialmente en la espalda y las piernas.<\/p>\n\n\n\n<h3 class=\"wp-block-heading\"><span class=\"ez-toc-section\" id=\"3_Fraqueza_muscular\"><\/span>3. Debilidad muscular<span class=\"ez-toc-section-end\"><\/span><\/h3>\n\n\n\n<p>EL <strong>vitamina D en el cuerpo<\/strong> Tambi\u00e9n act\u00faa directamente sobre la fuerza muscular. EL <strong>La deficiencia de vitamina D puede<\/strong> Provocar debilidad, temblores y dificultad para realizar tareas cotidianas sencillas.<\/p>\n\n\n\n<h3 class=\"wp-block-heading\"><span class=\"ez-toc-section\" id=\"4_Queda_de_cabelo\"><\/span>4. Ca\u00edda del cabello<span class=\"ez-toc-section-end\"><\/span><\/h3>\n\n\n\n<p>EL <strong>p\u00e9rdida de cabello<\/strong> excesivo puede ser <strong>otro s\u00edntoma<\/strong> por la deficiencia de esta vitamina. Aunque pueden intervenir varios factores, la falta de <strong>vitamina D en el cuerpo<\/strong> es una de las causas asociadas.<\/p>\n\n\n\n<h3 class=\"wp-block-heading\"><span class=\"ez-toc-section\" id=\"5_Alteracoes_de_humor_e_depressao\"><\/span>5. Cambios de humor y depresi\u00f3n<span class=\"ez-toc-section-end\"><\/span><\/h3>\n\n\n\n<figure class=\"wp-block-image aligncenter size-large\"><img fetchpriority=\"high\" decoding=\"async\" width=\"1024\" height=\"683\" src=\"https:\/\/corpoequilibrado.com.br\/wp-content\/uploads\/2025\/03\/218188-1-1024x683.jpg\" alt=\"tomando vitamina D\" class=\"wp-image-2907\" style=\"aspect-ratio:16\/9;object-fit:cover\" srcset=\"https:\/\/corpoequilibrado.com.br\/wp-content\/uploads\/2025\/03\/218188-1-1024x683.jpg 1024w, https:\/\/corpoequilibrado.com.br\/wp-content\/uploads\/2025\/03\/218188-1-300x200.jpg 300w, https:\/\/corpoequilibrado.com.br\/wp-content\/uploads\/2025\/03\/218188-1-768x512.jpg 768w, https:\/\/corpoequilibrado.com.br\/wp-content\/uploads\/2025\/03\/218188-1.jpg 1500w\" sizes=\"(max-width: 1024px) 100vw, 1024px\" \/><\/figure>\n\n\n\n<p>Los niveles bajos de vitamina D pueden interferir con la producci\u00f3n de serotonina, que <strong>puede afectar<\/strong> el estado de \u00e1nimo. Los estudios muestran una relaci\u00f3n entre <strong>falta de vitamina D<\/strong> y s\u00edntomas como <a href=\"https:\/\/corpoequilibrado.com.br\/es\/como-controlar-la-ansiedad\/\" title=\"Aprenda m\u00e1s sobre la ansiedad\">ansiedad<\/a> y depresi\u00f3n.<\/p>\n\n\n\n<h3 class=\"wp-block-heading\"><span class=\"ez-toc-section\" id=\"6_Infeccoes_frequentes\"><\/span>6. Infecciones frecuentes<span class=\"ez-toc-section-end\"><\/span><\/h3>\n\n\n\n<p>EL <strong>La vitamina D juega un papel importante<\/strong> en la modulaci\u00f3n del sistema inmune. Su ausencia aumenta el riesgo de infecciones respiratorias y enfermedades autoinmunes.<\/p>\n\n\n\n<h3 class=\"wp-block-heading\"><span class=\"ez-toc-section\" id=\"7_Problemas_de_cicatrizacao\"><\/span>7. Problemas de curaci\u00f3n<span class=\"ez-toc-section-end\"><\/span><\/h3>\n\n\n\n<p>La curaci\u00f3n lenta tambi\u00e9n puede ser un signo de <strong>deficiencia de vitamina D<\/strong>. Esto sucede porque esta vitamina participa en los procesos inflamatorios y en la regeneraci\u00f3n celular.<\/p>\n\n\n\n<h2 class=\"wp-block-heading\"><span class=\"ez-toc-section\" id=\"Por_que_a_vitamina_D_e_importante_para_o_organismo\"><\/span>\u00bfPor qu\u00e9 es importante la vitamina D para el organismo?<span class=\"ez-toc-section-end\"><\/span><\/h2>\n\n\n\n<p>EL <strong>La vitamina D es esencial<\/strong> para el buen funcionamiento del organismo. Ella <strong>es una vitamina liposoluble<\/strong> que act\u00faa en <strong>salud \u00f3sea<\/strong>, sistema inmunol\u00f3gico, salud mental y equilibrio hormonal. Sin <strong>niveles adecuados de vitamina D<\/strong>, el organismo puede presentar <strong>problemas de salud<\/strong> a corto y largo plazo.<\/p>\n\n\n\n<p>Adem\u00e1s, <strong>La vitamina D puede ser<\/strong> beneficioso para prevenir <strong>enfermedades causadas por falta<\/strong> de esta sustancia, como <strong>raquitismo<\/strong> y osteomalacia. Ella tambi\u00e9n <strong>se puede obtener<\/strong> a trav\u00e9s de la comida, <strong>exposici\u00f3n al sol<\/strong> y <strong>suplementaci\u00f3n<\/strong>.<\/p>\n\n\n\n<blockquote class=\"wp-block-quote is-layout-flow wp-block-quote-is-layout-flow\">\n<p><strong>\ud83d\udc49La vitamina D es esencial para el buen funcionamiento del organismo. En nuestro <a href=\"https:\/\/corpoequilibrado.com.br\/es\/suplementos-alimenticios\/\" data-type=\"post\" data-id=\"4025\">gu\u00eda de suplementos diet\u00e9ticos<\/a>Encontrar\u00e1s otras vitaminas que trabajan juntas para mantener tu salud al d\u00eda.<\/strong><\/p>\n<\/blockquote>\n\n\n\n<h2 class=\"wp-block-heading\"><span class=\"ez-toc-section\" id=\"Quais_sao_os_riscos_da_deficiencia_de_vitamina_D\"><\/span>\u00bfCu\u00e1les son los riesgos de la deficiencia de vitamina D?<span class=\"ez-toc-section-end\"><\/span><\/h2>\n\n\n\n<p>EL <strong>La deficiencia de vitamina D compromete<\/strong> Varias funciones del cuerpo. A largo plazo, la <strong>falta de vitamina D<\/strong> <strong>puede causar<\/strong>:<\/p>\n\n\n\n<ul class=\"wp-block-list\">\n<li><strong>Raquitismo<\/strong> (en ni\u00f1os)<\/li>\n\n\n\n<li><strong>Osteomalacia<\/strong> y <strong>osteoporosis<\/strong> (en adultos)<\/li>\n\n\n\n<li><strong>enfermedades autoinmunes<\/strong><\/li>\n\n\n\n<li><strong>Depresi\u00f3n y ansiedad<\/strong><\/li>\n\n\n\n<li><strong>riesgo de c\u00e1ncer<\/strong> aument\u00f3<\/li>\n<\/ul>\n\n\n\n<p>Aquellos <strong>riesgos y s\u00edntomas<\/strong> est\u00e1n conectados a los bajos <strong>niveles de 25-hidroxivitamina D<\/strong>, el <strong>forma circulante de la vitamina<\/strong> en la sangre, medida en <strong>prueba de vitamina D<\/strong>.<\/p>\n\n\n\n<h2 class=\"wp-block-heading\"><span class=\"ez-toc-section\" id=\"Quais_sao_os_fatores_que_causam_a_deficiencia\"><\/span>\u00bfCuales son los factores que causan deficiencia?<span class=\"ez-toc-section-end\"><\/span><\/h2>\n\n\n\n<p>EL <strong>La deficiencia de vitamina D es<\/strong> causada principalmente por <strong>falta de exposici\u00f3n al sol<\/strong>. Pero tambi\u00e9n contribuyen otros factores:<\/p>\n\n\n\n<figure class=\"wp-block-image aligncenter size-large\"><img decoding=\"async\" width=\"1024\" height=\"681\" src=\"https:\/\/corpoequilibrado.com.br\/wp-content\/uploads\/2025\/03\/2148674829-1024x681.jpg\" alt=\"mujer tomando el sol\" class=\"wp-image-2911\" style=\"aspect-ratio:16\/9;object-fit:cover\" srcset=\"https:\/\/corpoequilibrado.com.br\/wp-content\/uploads\/2025\/03\/2148674829-1024x681.jpg 1024w, https:\/\/corpoequilibrado.com.br\/wp-content\/uploads\/2025\/03\/2148674829-300x200.jpg 300w, https:\/\/corpoequilibrado.com.br\/wp-content\/uploads\/2025\/03\/2148674829-768x511.jpg 768w, https:\/\/corpoequilibrado.com.br\/wp-content\/uploads\/2025\/03\/2148674829.jpg 1500w\" sizes=\"(max-width: 1024px) 100vw, 1024px\" \/><\/figure>\n\n\n\n<ul class=\"wp-block-list\">\n<li><strong>Falta de exposici\u00f3n al sol<\/strong> (uso excesivo de protector solar o vida en interiores)<\/li>\n\n\n\n<li>Dieta baja en <strong>alimentos ricos en vitamina D<\/strong><\/li>\n\n\n\n<li>Enfermedades que afectan la absorci\u00f3n de grasas (como la enfermedad de Crohn o la enfermedad cel\u00edaca)<\/li>\n\n\n\n<li>La obesidad, que altera la <strong>metabolismo de la vitamina D<\/strong><\/li>\n<\/ul>\n\n\n\n<p>Adem\u00e1s, la <strong>deficiencia de vitamina D<\/strong> Es m\u00e1s com\u00fan en personas mayores, personas de piel oscura y mujeres posmenop\u00e1usicas.<\/p>\n\n\n\n<h2 class=\"wp-block-heading\"><span class=\"ez-toc-section\" id=\"Como_diagnosticar_a_deficiencia_de_vitamina_D\"><\/span>\u00bfC\u00f3mo diagnosticar la deficiencia de vitamina D?<span class=\"ez-toc-section-end\"><\/span><\/h2>\n\n\n\n<p>El diagn\u00f3stico se realiza mediante una <strong>an\u00e1lisis de sangre<\/strong> llamado <strong>25-hidroxivitamina D<\/strong>, que eval\u00faa la <strong>niveles sangu\u00edneos de vitamina D<\/strong>. Valores inferiores a 50 nmol\/L indican <strong>posible deficiencia de vitamina D<\/strong>.<\/p>\n\n\n\n<p>Este examen es esencial para detectar la <strong><a href=\"https:\/\/www.cnnbrasil.com.br\/saude\/falta-de-vitamina-d\/\" target=\"_blank\" rel=\"noreferrer noopener nofollow\">falta de vitamina D<\/a> en el organismo<\/strong> Incluso antes de la <strong>s\u00edntomas de deficiencia<\/strong> hacerse evidente.<\/p>\n\n\n\n<h2 class=\"wp-block-heading\"><span class=\"ez-toc-section\" id=\"Como_repor_a_vitamina_D_de_forma_segura\"><\/span>\u00bfC\u00f3mo reponer vitamina D de forma segura?<span class=\"ez-toc-section-end\"><\/span><\/h2>\n\n\n\n<p>EL <strong>suplementaci\u00f3n vitam\u00ednica<\/strong> Debe realizarse bajo supervisi\u00f3n m\u00e9dica. Existen diferentes presentaciones, como c\u00e1psulas, gotas o comprimidos masticables. <strong><a href=\"https:\/\/corpoequilibrado.com.br\/es\/beneficios-de-la-vitamina-k2\/\" title=\"Obtenga m\u00e1s informaci\u00f3n sobre la vitamina D3\">vitamina D3<\/a><\/strong>, que es el m\u00e1s efectivo.<\/p>\n\n\n\n<p>La dosis recomendada var\u00eda seg\u00fan la edad, <strong>niveles de vitaminas<\/strong> y estilo de vida. <strong>La suplementaci\u00f3n con vitamina D es<\/strong> Especialmente importante para los ancianos, las mujeres embarazadas y las personas con baja <strong>exposici\u00f3n al sol<\/strong>.<\/p>\n\n\n\n<h2 class=\"wp-block-heading\"><span class=\"ez-toc-section\" id=\"Quais_alimentos_sao_fontes_de_vitamina_D\"><\/span>\u00bfQu\u00e9 alimentos son fuentes de vitamina D?<span class=\"ez-toc-section-end\"><\/span><\/h2>\n\n\n\n<p>Aunque el <strong>La vitamina D se puede obtener<\/strong> Por la dieta, hay pocos <strong>alimentos ricos en vitamina D<\/strong>. Los principales son:<\/p>\n\n\n\n<figure class=\"wp-block-image aligncenter size-full\"><img decoding=\"async\" width=\"940\" height=\"627\" src=\"https:\/\/corpoequilibrado.com.br\/wp-content\/uploads\/2025\/04\/pexels-photo-1305063-1305063.jpg\" alt=\"alimentos con vitamina D\" class=\"wp-image-3321\" style=\"aspect-ratio:16\/9;object-fit:cover\" srcset=\"https:\/\/corpoequilibrado.com.br\/wp-content\/uploads\/2025\/04\/pexels-photo-1305063-1305063.jpg 940w, https:\/\/corpoequilibrado.com.br\/wp-content\/uploads\/2025\/04\/pexels-photo-1305063-1305063-300x200.jpg 300w, https:\/\/corpoequilibrado.com.br\/wp-content\/uploads\/2025\/04\/pexels-photo-1305063-1305063-768x512.jpg 768w\" sizes=\"(max-width: 940px) 100vw, 940px\" \/><\/figure>\n\n\n\n<ul class=\"wp-block-list\">\n<li>Pescados grasos (salm\u00f3n, at\u00fan, sardinas)<\/li>\n\n\n\n<li>H\u00edgado de res<\/li>\n\n\n\n<li><strong>Yema<\/strong><\/li>\n\n\n\n<li>Hongos expuestos a la luz ultravioleta<\/li>\n\n\n\n<li>Leche y cereales <strong>fortificado con vitamina D<\/strong><\/li>\n<\/ul>\n\n\n\n<p>Estos alimentos ayudan a complementar la <strong>niveles de esta vitamina<\/strong>, pero dif\u00edcilmente reemplazan por completo a los <strong>exposici\u00f3n al sol<\/strong> y el <strong>suplementaci\u00f3n vitam\u00ednica<\/strong>.<\/p>\n\n\n\n<h2 class=\"wp-block-heading\"><span class=\"ez-toc-section\" id=\"Qual_o_papel_da_exposicao_solar\"><\/span>\u00bfCu\u00e1l es el papel de la exposici\u00f3n al sol?<span class=\"ez-toc-section-end\"><\/span><\/h2>\n\n\n\n<p>EL <strong>exposici\u00f3n al sol<\/strong> es el principal <strong>fuente de vitamina D<\/strong>. Aproximadamente entre 10 y 30 minutos de luz solar al d\u00eda, especialmente entre las 10 de la ma\u00f1ana y las 3 de la tarde, son suficientes para estimular <strong>producci\u00f3n de vitamina D<\/strong> A trav\u00e9s de la piel.<\/p>\n\n\n\n<p>Incluso con un uso moderado de protector solar, todav\u00eda es posible sintetizar la vitamina. Sin embargo, <strong>incluida la falta de exposici\u00f3n al sol<\/strong>Muchas personas no logran alcanzar el <strong>niveles adecuados de vitamina D<\/strong>, especialmente en per\u00edodos invernales o en regiones con poca luz solar.<\/p>\n\n\n\n<h2 class=\"wp-block-heading\"><span class=\"ez-toc-section\" id=\"Qual_o_tratamento_da_deficiencia_de_vitamina_D\"><\/span>\u00bfCu\u00e1l es el tratamiento para la deficiencia de vitamina D?<span class=\"ez-toc-section-end\"><\/span><\/h2>\n\n\n\n<p>EL <strong>tratamiento de la deficiencia de vitaminas<\/strong> Implica un enfoque combinado:<\/p>\n\n\n\n<figure class=\"wp-block-image aligncenter size-large\"><img loading=\"lazy\" decoding=\"async\" width=\"1024\" height=\"683\" src=\"https:\/\/corpoequilibrado.com.br\/wp-content\/uploads\/2025\/03\/2149080569-1-1024x683.jpg\" alt=\"vitamina D\" class=\"wp-image-2910\" style=\"aspect-ratio:16\/9;object-fit:cover\" srcset=\"https:\/\/corpoequilibrado.com.br\/wp-content\/uploads\/2025\/03\/2149080569-1-1024x683.jpg 1024w, https:\/\/corpoequilibrado.com.br\/wp-content\/uploads\/2025\/03\/2149080569-1-300x200.jpg 300w, https:\/\/corpoequilibrado.com.br\/wp-content\/uploads\/2025\/03\/2149080569-1-768x512.jpg 768w, https:\/\/corpoequilibrado.com.br\/wp-content\/uploads\/2025\/03\/2149080569-1.jpg 1500w\" sizes=\"(max-width: 1024px) 100vw, 1024px\" \/><\/figure>\n\n\n\n<ol class=\"wp-block-list\">\n<li><strong>Suplementaci\u00f3n con vitamina D<\/strong>, seg\u00fan consejo m\u00e9dico<\/li>\n\n\n\n<li>M\u00e1s grande <strong>exposici\u00f3n al sol<\/strong> revisado<\/li>\n\n\n\n<li>Inclusi\u00f3n de <strong>fuentes de esta vitamina<\/strong> en la dieta<\/li>\n\n\n\n<li>Monitoreo continuo con <strong>an\u00e1lisis de sangre<\/strong><\/li>\n<\/ol>\n\n\n\n<p>EL <strong>tratamiento de la deficiencia de vitamina D<\/strong> Se puede hacer en pocas semanas, pero el seguimiento es fundamental para evitar reca\u00eddas y asegurar un buen estado. <strong>salud y calidad de vida<\/strong>.<\/p>\n\n\n\n<h2 class=\"wp-block-heading\"><span class=\"ez-toc-section\" id=\"Conclusao_O_que_voce_precisa_lembrar\"><\/span>Conclusi\u00f3n: Lo que debes recordar<span class=\"ez-toc-section-end\"><\/span><\/h2>\n\n\n\n<ul class=\"wp-block-list\">\n<li>EL <strong>falta de vitamina D<\/strong> Puede causar una variedad de s\u00edntomas f\u00edsicos y emocionales.<\/li>\n\n\n\n<li>T\u00fa <strong>s\u00edntomas principales<\/strong> incluyen fatiga, dolor \u00f3seo, debilidad muscular, p\u00e9rdida de cabello, infecciones frecuentes, cambios de humor y curaci\u00f3n lenta.<\/li>\n\n\n\n<li>EL <strong>La vitamina D es esencial<\/strong> para el correcto funcionamiento del organismo, incluidos los sistemas \u00f3seo, inmunol\u00f3gico y neurol\u00f3gico.<\/li>\n\n\n\n<li>EL <strong>deficiencia de vitamina D<\/strong> puede aumentar el riesgo de enfermedades graves como la osteoporosis, <strong>raquitismo<\/strong>, enfermedades autoinmunes e incluso <strong>riesgo de c\u00e1ncer<\/strong>.<\/li>\n\n\n\n<li>La mejor manera de obtener la vitamina es a trav\u00e9s de <strong>exposici\u00f3n al sol<\/strong>, <strong>alimentaci\u00f3n equilibrada<\/strong> y <strong>suplementaci\u00f3n<\/strong> cuando sea necesario.<\/li>\n\n\n\n<li>Consulte siempre con un profesional para <strong>diagn\u00f3stico de deficiencia de vitaminas<\/strong> y <strong>reponer vitamina D<\/strong> sin peligro.<\/li>\n<\/ul>\n\n\n\n<p>Ahora que ya sabes el <strong>signos de deficiencia de vitaminas<\/strong>\u00a1Presta atenci\u00f3n a tu cuerpo y cuida tu salud con h\u00e1bitos simples pero poderosos!<\/p>","protected":false},"excerpt":{"rendered":"<p>A falta de vitamina D \u00e9 mais comum do que se imagina e pode afetar pessoas de todas as idades. Embora muitos associem essa vitamina apenas \u00e0 sa\u00fade dos ossos, sua defici\u00eancia pode impactar o corpo de v\u00e1rias maneiras, causando [&hellip;]<\/p>","protected":false},"author":1,"featured_media":2906,"comment_status":"closed","ping_status":"open","sticky":false,"template":"","format":"standard","meta":{"_uag_custom_page_level_css":"","site-sidebar-layout":"default","site-content-layout":"","ast-site-content-layout":"default","site-content-style":"default","site-sidebar-style":"default","ast-global-header-display":"","ast-banner-title-visibility":"","ast-main-header-display":"","ast-hfb-above-header-display":"","ast-hfb-below-header-display":"","ast-hfb-mobile-header-display":"","site-post-title":"","ast-breadcrumbs-content":"","ast-featured-img":"","footer-sml-layout":"","ast-disable-related-posts":"","theme-transparent-header-meta":"","adv-header-id-meta":"","stick-header-meta":"","header-above-stick-meta":"","header-main-stick-meta":"","header-below-stick-meta":"","astra-migrate-meta-layouts":"set","ast-page-background-enabled":"default","ast-page-background-meta":{"desktop":{"background-color":"","background-image":"","background-repeat":"repeat","background-position":"center center","background-size":"auto","background-attachment":"scroll","background-type":"","background-media":"","overlay-type":"","overlay-color":"","overlay-opacity":"","overlay-gradient":""},"tablet":{"background-color":"","background-image":"","background-repeat":"repeat","background-position":"center center","background-size":"auto","background-attachment":"scroll","background-type":"","background-media":"","overlay-type":"","overlay-color":"","overlay-opacity":"","overlay-gradient":""},"mobile":{"background-color":"","background-image":"","background-repeat":"repeat","background-position":"center center","background-size":"auto","background-attachment":"scroll","background-type":"","background-media":"","overlay-type":"","overlay-color":"","overlay-opacity":"","overlay-gradient":""}},"ast-content-background-meta":{"desktop":{"background-color":"var(--ast-global-color-5)","background-image":"","background-repeat":"repeat","background-position":"center center","background-size":"auto","background-attachment":"scroll","background-type":"","background-media":"","overlay-type":"","overlay-color":"","overlay-opacity":"","overlay-gradient":""},"tablet":{"background-color":"var(--ast-global-color-5)","background-image":"","background-repeat":"repeat","background-position":"center center","background-size":"auto","background-attachment":"scroll","background-type":"","background-media":"","overlay-type":"","overlay-color":"","overlay-opacity":"","overlay-gradient":""},"mobile":{"background-color":"var(--ast-global-color-5)","background-image":"","background-repeat":"repeat","background-position":"center center","background-size":"auto","background-attachment":"scroll","background-type":"","background-media":"","overlay-type":"","overlay-color":"","overlay-opacity":"","overlay-gradient":""}},"footnotes":""},"categories":[29],"tags":[141,43],"class_list":["post-2904","post","type-post","status-publish","format-standard","has-post-thumbnail","hentry","category-suplementos-e-vitaminas-categoria","tag-imunidade","tag-vitamina-d"],"uagb_featured_image_src":{"full":["https:\/\/corpoequilibrado.com.br\/wp-content\/uploads\/2025\/03\/fadiga-vitamina-d-capa-blog-v2-1200x675-1.jpg",1200,675,false],"thumbnail":["https:\/\/corpoequilibrado.com.br\/wp-content\/uploads\/2025\/03\/fadiga-vitamina-d-capa-blog-v2-1200x675-1-150x150.jpg",150,150,true],"medium":["https:\/\/corpoequilibrado.com.br\/wp-content\/uploads\/2025\/03\/fadiga-vitamina-d-capa-blog-v2-1200x675-1-300x169.jpg",300,169,true],"medium_large":["https:\/\/corpoequilibrado.com.br\/wp-content\/uploads\/2025\/03\/fadiga-vitamina-d-capa-blog-v2-1200x675-1-768x432.jpg",768,432,true],"large":["https:\/\/corpoequilibrado.com.br\/wp-content\/uploads\/2025\/03\/fadiga-vitamina-d-capa-blog-v2-1200x675-1-1024x576.jpg",1024,576,true],"1536x1536":["https:\/\/corpoequilibrado.com.br\/wp-content\/uploads\/2025\/03\/fadiga-vitamina-d-capa-blog-v2-1200x675-1.jpg",1200,675,false],"2048x2048":["https:\/\/corpoequilibrado.com.br\/wp-content\/uploads\/2025\/03\/fadiga-vitamina-d-capa-blog-v2-1200x675-1.jpg",1200,675,false],"trp-custom-language-flag":["https:\/\/corpoequilibrado.com.br\/wp-content\/uploads\/2025\/03\/fadiga-vitamina-d-capa-blog-v2-1200x675-1.jpg",18,10,false]},"uagb_author_info":{"display_name":"Equipe Corpo Equilibrado","author_link":"https:\/\/corpoequilibrado.com.br\/es\/author\/rcastello20gmail-com\/"},"uagb_comment_info":0,"uagb_excerpt":"A falta de vitamina D \u00e9 mais comum do que se imagina e pode afetar pessoas de todas as idades. Embora muitos associem essa vitamina apenas \u00e0 sa\u00fade dos ossos, sua defici\u00eancia pode impactar o corpo de v\u00e1rias maneiras, causando [&hellip;]","_links":{"self":[{"href":"https:\/\/corpoequilibrado.com.br\/es\/wp-json\/wp\/v2\/posts\/2904","targetHints":{"allow":["GET"]}}],"collection":[{"href":"https:\/\/corpoequilibrado.com.br\/es\/wp-json\/wp\/v2\/posts"}],"about":[{"href":"https:\/\/corpoequilibrado.com.br\/es\/wp-json\/wp\/v2\/types\/post"}],"author":[{"embeddable":true,"href":"https:\/\/corpoequilibrado.com.br\/es\/wp-json\/wp\/v2\/users\/1"}],"replies":[{"embeddable":true,"href":"https:\/\/corpoequilibrado.com.br\/es\/wp-json\/wp\/v2\/comments?post=2904"}],"version-history":[{"count":0,"href":"https:\/\/corpoequilibrado.com.br\/es\/wp-json\/wp\/v2\/posts\/2904\/revisions"}],"wp:featuredmedia":[{"embeddable":true,"href":"https:\/\/corpoequilibrado.com.br\/es\/wp-json\/wp\/v2\/media\/2906"}],"wp:attachment":[{"href":"https:\/\/corpoequilibrado.com.br\/es\/wp-json\/wp\/v2\/media?parent=2904"}],"wp:term":[{"taxonomy":"category","embeddable":true,"href":"https:\/\/corpoequilibrado.com.br\/es\/wp-json\/wp\/v2\/categories?post=2904"},{"taxonomy":"post_tag","embeddable":true,"href":"https:\/\/corpoequilibrado.com.br\/es\/wp-json\/wp\/v2\/tags?post=2904"}],"curies":[{"name":"wp","href":"https:\/\/api.w.org\/{rel}","templated":true}]}}