{"id":2961,"date":"2025-04-01T16:54:34","date_gmt":"2025-04-01T16:54:34","guid":{"rendered":"https:\/\/corpoequilibrado.com.br\/?p=2961"},"modified":"2025-04-19T10:37:47","modified_gmt":"2025-04-19T13:37:47","slug":"colageno-para-la-piel","status":"publish","type":"post","link":"https:\/\/corpoequilibrado.com.br\/es\/colageno-para-la-piel\/","title":{"rendered":"Col\u00e1geno para la piel: beneficios, tipos y c\u00f3mo estimular su producci\u00f3n natural"},"content":{"rendered":"<p>El col\u00e1geno es una prote\u00edna esencial para la firmeza, elasticidad y salud de la piel. A medida que envejece, su producci\u00f3n natural de col\u00e1geno disminuye, lo que puede causar arrugas, flacidez de la piel y p\u00e9rdida de vitalidad. En este art\u00edculo entender\u00e1s para qu\u00e9 sirve el col\u00e1geno en la piel, qu\u00e9 tipos existen, c\u00f3mo estimular la producci\u00f3n de col\u00e1geno y los beneficios del col\u00e1geno para la piel y las articulaciones. \u00a1Una gu\u00eda completa para mantener una apariencia joven y saludable!<\/p><div id=\"ez-toc-container\" class=\"ez-toc-v2_0_82_2 counter-hierarchy ez-toc-counter ez-toc-grey ez-toc-container-direction\">\n<div class=\"ez-toc-title-container\">\n<p class=\"ez-toc-title\" style=\"cursor:inherit\">Resumen<\/p>\n<span class=\"ez-toc-title-toggle\"><\/span><\/div>\n<nav><ul class='ez-toc-list ez-toc-list-level-1' ><ul class='ez-toc-list-level-3' ><li class='ez-toc-heading-level-3'><a class=\"ez-toc-link ez-toc-heading-1\" href=\"https:\/\/corpoequilibrado.com.br\/es\/colageno-para-la-piel\/#Video_explicativo_sobre_os_beneficios_do_colageno_para_a_pele\" >V\u00eddeo explicativo sobre los beneficios del col\u00e1geno para la piel:<\/a><\/li><\/ul><\/li><li class='ez-toc-page-1 ez-toc-heading-level-2'><a class=\"ez-toc-link ez-toc-heading-2\" href=\"https:\/\/corpoequilibrado.com.br\/es\/colageno-para-la-piel\/#O_que_e_o_colageno_e_por_que_ele_e_essencial_para_a_pele\" >\u00bfQu\u00e9 es el col\u00e1geno y por qu\u00e9 es esencial para la piel?<\/a><\/li><li class='ez-toc-page-1 ez-toc-heading-level-2'><a class=\"ez-toc-link ez-toc-heading-3\" href=\"https:\/\/corpoequilibrado.com.br\/es\/colageno-para-la-piel\/#Quais_sao_os_principais_tipos_de_colageno\" >\u00bfCu\u00e1les son los principales tipos de col\u00e1geno?<\/a><\/li><li class='ez-toc-page-1 ez-toc-heading-level-2'><a class=\"ez-toc-link ez-toc-heading-4\" href=\"https:\/\/corpoequilibrado.com.br\/es\/colageno-para-la-piel\/#Quais_os_beneficios_do_colageno_para_a_pele\" >\u00bfCu\u00e1les son los beneficios del col\u00e1geno para la piel?<\/a><\/li><li class='ez-toc-page-1 ez-toc-heading-level-2'><a class=\"ez-toc-link ez-toc-heading-5\" href=\"https:\/\/corpoequilibrado.com.br\/es\/colageno-para-la-piel\/#Como_estimular_a_producao_de_colageno_naturalmente\" >\u00bfC\u00f3mo estimular la producci\u00f3n de col\u00e1geno de forma natural?<\/a><\/li><li class='ez-toc-page-1 ez-toc-heading-level-2'><a class=\"ez-toc-link ez-toc-heading-6\" href=\"https:\/\/corpoequilibrado.com.br\/es\/colageno-para-la-piel\/#O_que_causa_a_perda_de_colageno_na_pele\" >\u00bfQu\u00e9 causa la p\u00e9rdida de col\u00e1geno en la piel?<\/a><\/li><li class='ez-toc-page-1 ez-toc-heading-level-2'><a class=\"ez-toc-link ez-toc-heading-7\" href=\"https:\/\/corpoequilibrado.com.br\/es\/colageno-para-la-piel\/#Quando_e_quanto_colageno_tomar_por_dia\" >\u00bfCu\u00e1ndo y cu\u00e1nto col\u00e1geno debo tomar al d\u00eda?<\/a><\/li><li class='ez-toc-page-1 ez-toc-heading-level-2'><a class=\"ez-toc-link ez-toc-heading-8\" href=\"https:\/\/corpoequilibrado.com.br\/es\/colageno-para-la-piel\/#Quais_ingredientes_potencializam_os_efeitos_do_colageno\" >\u00bfQu\u00e9 ingredientes potencian los efectos del col\u00e1geno?<\/a><\/li><li class='ez-toc-page-1 ez-toc-heading-level-2'><a class=\"ez-toc-link ez-toc-heading-9\" href=\"https:\/\/corpoequilibrado.com.br\/es\/colageno-para-la-piel\/#Em_quanto_tempo_o_colageno_comeca_a_fazer_efeito\" >\u00bfCu\u00e1nto tiempo tarda en empezar a actuar el col\u00e1geno?<\/a><\/li><li class='ez-toc-page-1 ez-toc-heading-level-2'><a class=\"ez-toc-link ez-toc-heading-10\" href=\"https:\/\/corpoequilibrado.com.br\/es\/colageno-para-la-piel\/#Suplementos_de_colageno_funcionam_mesmo\" >\u00bfRealmente funcionan los suplementos de col\u00e1geno?<\/a><\/li><li class='ez-toc-page-1 ez-toc-heading-level-2'><a class=\"ez-toc-link ez-toc-heading-11\" href=\"https:\/\/corpoequilibrado.com.br\/es\/colageno-para-la-piel\/#Quais_alimentos_ajudam_a_produzir_colageno\" >\u00bfQu\u00e9 alimentos ayudan a producir col\u00e1geno?<\/a><\/li><li class='ez-toc-page-1 ez-toc-heading-level-2'><a class=\"ez-toc-link ez-toc-heading-12\" href=\"https:\/\/corpoequilibrado.com.br\/es\/colageno-para-la-piel\/#Quais_os_tipos_de_colageno_em_suplementos\" >\u00bfQu\u00e9 tipos de col\u00e1geno hay en los suplementos?<\/a><\/li><li class='ez-toc-page-1 ez-toc-heading-level-2'><a class=\"ez-toc-link ez-toc-heading-13\" href=\"https:\/\/corpoequilibrado.com.br\/es\/colageno-para-la-piel\/#O_colageno_ajuda_nas_articulacoes\" >\u00bfEl col\u00e1geno ayuda a las articulaciones?<\/a><\/li><li class='ez-toc-page-1 ez-toc-heading-level-2'><a class=\"ez-toc-link ez-toc-heading-14\" href=\"https:\/\/corpoequilibrado.com.br\/es\/colageno-para-la-piel\/#E_seguro_tomar_colageno_todos_os_dias\" >\u00bfEs seguro tomar col\u00e1geno todos los d\u00edas?<\/a><\/li><li class='ez-toc-page-1 ez-toc-heading-level-2'><a class=\"ez-toc-link ez-toc-heading-15\" href=\"https:\/\/corpoequilibrado.com.br\/es\/colageno-para-la-piel\/#Principais_pontos_para_lembrar\" >Puntos clave para recordar<\/a><\/li><li class='ez-toc-page-1 ez-toc-heading-level-2'><a class=\"ez-toc-link ez-toc-heading-16\" href=\"https:\/\/corpoequilibrado.com.br\/es\/colageno-para-la-piel\/#Perguntas_Frequentes_sobre_Colageno_na_Pele\" >Preguntas frecuentes sobre el col\u00e1geno en la piel<\/a><ul class='ez-toc-list-level-3' ><li class='ez-toc-heading-level-3'><a class=\"ez-toc-link ez-toc-heading-17\" href=\"https:\/\/corpoequilibrado.com.br\/es\/colageno-para-la-piel\/#Qual_e_o_melhor_colageno_para_pele_firme\" >\u00bfCu\u00e1l es el mejor col\u00e1geno para una piel firme?<\/a><\/li><li class='ez-toc-page-1 ez-toc-heading-level-3'><a class=\"ez-toc-link ez-toc-heading-18\" href=\"https:\/\/corpoequilibrado.com.br\/es\/colageno-para-la-piel\/#Colageno_ajuda_mesmo_a_reduzir_rugas\" >\u00bfEl col\u00e1geno realmente ayuda a reducir las arrugas?<\/a><\/li><li class='ez-toc-page-1 ez-toc-heading-level-3'><a class=\"ez-toc-link ez-toc-heading-19\" href=\"https:\/\/corpoequilibrado.com.br\/es\/colageno-para-la-piel\/#Posso_tomar_colageno_com_outros_suplementos\" >\u00bfPuedo tomar col\u00e1geno con otros suplementos?<\/a><\/li><li class='ez-toc-page-1 ez-toc-heading-level-3'><a class=\"ez-toc-link ez-toc-heading-20\" href=\"https:\/\/corpoequilibrado.com.br\/es\/colageno-para-la-piel\/#Existe_diferenca_entre_colageno_natural_e_industrial\" >\u00bfExiste alguna diferencia entre el col\u00e1geno natural y el industrial?<\/a><\/li><li class='ez-toc-page-1 ez-toc-heading-level-3'><a class=\"ez-toc-link ez-toc-heading-21\" href=\"https:\/\/corpoequilibrado.com.br\/es\/colageno-para-la-piel\/#A_perda_de_colageno_pode_ser_revertida\" >\u00bfSe puede revertir la p\u00e9rdida de col\u00e1geno?<\/a><\/li><\/ul><\/li><\/ul><\/nav><\/div>\n\n\n\n\n<h3 class=\"wp-block-heading\"><span class=\"ez-toc-section\" id=\"Video_explicativo_sobre_os_beneficios_do_colageno_para_a_pele\"><\/span>V\u00eddeo explicativo sobre los beneficios del col\u00e1geno para la piel:<span class=\"ez-toc-section-end\"><\/span><\/h3>\n\n\n\n<figure class=\"wp-block-embed is-type-video is-provider-youtube wp-block-embed-youtube wp-embed-aspect-16-9 wp-has-aspect-ratio\"><div class=\"wp-block-embed__wrapper\">\n<iframe title=\"Col\u00e1geno: \u00a1El secreto para una piel firme y joven!\" width=\"500\" height=\"281\" src=\"https:\/\/www.youtube.com\/embed\/k8W7A2UMGGE?feature=oembed\" frameborder=\"0\" allow=\"accelerometer; autoplay; clipboard-write; encrypted-media; gyroscope; picture-in-picture; web-share\" referrerpolicy=\"strict-origin-when-cross-origin\" allowfullscreen><\/iframe>\n<\/div><\/figure>\n\n\n\n<h2 class=\"wp-block-heading\"><span class=\"ez-toc-section\" id=\"O_que_e_o_colageno_e_por_que_ele_e_essencial_para_a_pele\"><\/span>\u00bfQu\u00e9 es el col\u00e1geno y por qu\u00e9 es esencial para la piel?<span class=\"ez-toc-section-end\"><\/span><\/h2>\n\n\n\n<p>El col\u00e1geno es una prote\u00edna abundante en el cuerpo humano, especialmente en tejidos como la piel, cart\u00edlagos, tendones y huesos. Forma una red estructural que sostiene las c\u00e9lulas de la piel, manteniendo su elasticidad, firmeza e hidrataci\u00f3n.<\/p>\n\n\n\n<p>A medida que envejecemos, la producci\u00f3n de col\u00e1geno del cuerpo comienza a disminuir naturalmente. Esta p\u00e9rdida compromete la estructura de la piel y est\u00e1 relacionada con la aparici\u00f3n de arrugas, flacidez y p\u00e9rdida de luminosidad. Adem\u00e1s de la piel, el col\u00e1geno contribuye a la salud de las articulaciones, siendo esencial para la movilidad y la prevenci\u00f3n del dolor.<\/p>\n\n\n\n<h2 class=\"wp-block-heading\"><span class=\"ez-toc-section\" id=\"Quais_sao_os_principais_tipos_de_colageno\"><\/span>\u00bfCu\u00e1les son los principales tipos de col\u00e1geno?<span class=\"ez-toc-section-end\"><\/span><\/h2>\n\n\n\n<p>Existen varios tipos de col\u00e1geno, pero los m\u00e1s relevantes para la salud y belleza de la piel son:<\/p>\n\n\n\n<figure class=\"wp-block-image aligncenter size-large\"><img fetchpriority=\"high\" decoding=\"async\" width=\"1024\" height=\"683\" src=\"https:\/\/corpoequilibrado.com.br\/wp-content\/uploads\/2025\/04\/31084-1-1024x683.jpg\" alt=\"mujer aplic\u00e1ndose col\u00e1geno\" class=\"wp-image-2963\" style=\"aspect-ratio:16\/9;object-fit:cover\" srcset=\"https:\/\/corpoequilibrado.com.br\/wp-content\/uploads\/2025\/04\/31084-1-1024x683.jpg 1024w, https:\/\/corpoequilibrado.com.br\/wp-content\/uploads\/2025\/04\/31084-1-300x200.jpg 300w, https:\/\/corpoequilibrado.com.br\/wp-content\/uploads\/2025\/04\/31084-1-768x512.jpg 768w, https:\/\/corpoequilibrado.com.br\/wp-content\/uploads\/2025\/04\/31084-1.jpg 1500w\" sizes=\"(max-width: 1024px) 100vw, 1024px\" \/><\/figure>\n\n\n\n<p><strong>Col\u00e1geno tipo I<\/strong>:el m\u00e1s abundante en el cuerpo, representando alrededor del 90% del col\u00e1geno total. Est\u00e1 presente en la piel, los huesos y los tendones, y es esencial para la firmeza y elasticidad de la piel.<\/p>\n\n\n\n<p><strong>Col\u00e1geno tipo II<\/strong>:Se encuentra en el cart\u00edlago y est\u00e1 asociado con la salud y la movilidad de las articulaciones.<\/p>\n\n\n\n<p><strong>Col\u00e1geno tipo III<\/strong>:complemento tipo I, tambi\u00e9n presente en la estructura de la piel y los vasos sangu\u00edneos.<\/p>\n\n\n\n<p>A la hora de elegir un suplemento de col\u00e1geno, comprueba el tipo de col\u00e1geno predominante y si se adapta a tus objetivos (piel, articulaciones, etc.).<\/p>\n\n\n\n<h2 class=\"wp-block-heading\"><span class=\"ez-toc-section\" id=\"Quais_os_beneficios_do_colageno_para_a_pele\"><\/span>\u00bfCu\u00e1les son los beneficios del col\u00e1geno para la piel?<span class=\"ez-toc-section-end\"><\/span><\/h2>\n\n\n\n<p>La suplementaci\u00f3n con col\u00e1geno y una nutrici\u00f3n adecuada pueden ofrecer varios beneficios para la piel:<\/p>\n\n\n\n<ul class=\"wp-block-list\">\n<li>Mejora la firmeza de la piel y reduce las arrugas.<\/li>\n\n\n\n<li>L\u00edneas de expresi\u00f3n suaves<\/li>\n\n\n\n<li>Combatir la flacidez de la piel<\/li>\n\n\n\n<li>Prevenir la p\u00e9rdida de elasticidad<\/li>\n\n\n\n<li>Ayuda a mantener la piel hidratada.<\/li>\n\n\n\n<li>Mejorar la textura de la piel<\/li>\n<\/ul>\n\n\n\n<p>Adem\u00e1s de la est\u00e9tica, el col\u00e1geno tambi\u00e9n protege frente a las agresiones externas como la contaminaci\u00f3n y la exposici\u00f3n solar, actuando como barrera de soporte de la piel. El col\u00e1geno hidrolizado es ampliamente utilizado por su f\u00e1cil absorci\u00f3n. Sus efectos sobre el col\u00e1geno se perciben a medio plazo, siempre que su ingesta sea regular.<\/p>\n\n\n\n<blockquote class=\"wp-block-quote is-layout-flow wp-block-quote-is-layout-flow\">\n<p><strong><a href=\"https:\/\/corpoequilibrado.com.br\/es\/belleza-natural\/\" data-type=\"post\" data-id=\"3964\">\ud83d\udc49 Para obtener m\u00e1s informaci\u00f3n, consulta nuestra gu\u00eda completa de belleza natural centrada en el col\u00e1geno y los antioxidantes.<\/a><\/strong><\/p>\n<\/blockquote>\n\n\n\n<h2 class=\"wp-block-heading\"><span class=\"ez-toc-section\" id=\"Como_estimular_a_producao_de_colageno_naturalmente\"><\/span>\u00bfC\u00f3mo estimular la producci\u00f3n de col\u00e1geno de forma natural?<span class=\"ez-toc-section-end\"><\/span><\/h2>\n\n\n\n<p>Puedes estimular la producci\u00f3n de prote\u00ednas de forma natural con h\u00e1bitos saludables. La producci\u00f3n de col\u00e1geno se ve favorecida por:<\/p>\n\n\n\n<ul class=\"wp-block-list\">\n<li>Consumo de alimentos ricos en col\u00e1geno y vitamina C<\/li>\n\n\n\n<li>Evite la exposici\u00f3n excesiva al sol, que puede degradar las fibras de col\u00e1geno.<\/li>\n\n\n\n<li>Sue\u00f1o adecuado y control del sue\u00f1o <a href=\"https:\/\/corpoequilibrado.com.br\/es\/sintomas-de-cortisol-alto\/\" title=\"Aprenda m\u00e1s sobre el estr\u00e9s\">estr\u00e9s<\/a><\/li>\n\n\n\n<li>Hidrataci\u00f3n y uso de protector solar diariamente<\/li>\n<\/ul>\n\n\n\n<p>Adem\u00e1s, el uso de antioxidantes como <a href=\"https:\/\/corpoequilibrado.com.br\/es\/resveratrol\/\" title=\"Obtenga m\u00e1s informaci\u00f3n sobre el resveratrol\">resveratrol<\/a>, puede prevenir la degradaci\u00f3n del col\u00e1geno ya presente en la piel. Una buena rutina de cuidado de la piel y h\u00e1bitos como evitar fumar tambi\u00e9n ayudan a preservar la integridad de las fibras de col\u00e1geno.<\/p>\n\n\n\n<h2 class=\"wp-block-heading\"><span class=\"ez-toc-section\" id=\"O_que_causa_a_perda_de_colageno_na_pele\"><\/span>\u00bfQu\u00e9 causa la p\u00e9rdida de col\u00e1geno en la piel?<span class=\"ez-toc-section-end\"><\/span><\/h2>\n\n\n\n<p>La p\u00e9rdida de col\u00e1geno se produce por varias razones:<\/p>\n\n\n\n<figure class=\"wp-block-image aligncenter size-large\"><img decoding=\"async\" width=\"1024\" height=\"569\" src=\"https:\/\/corpoequilibrado.com.br\/wp-content\/uploads\/2025\/04\/9-1-1024x569.jpg\" alt=\"col\u00e1geno y vitaminas en la piel\" class=\"wp-image-2965\" style=\"aspect-ratio:16\/9;object-fit:cover\" srcset=\"https:\/\/corpoequilibrado.com.br\/wp-content\/uploads\/2025\/04\/9-1-1024x569.jpg 1024w, https:\/\/corpoequilibrado.com.br\/wp-content\/uploads\/2025\/04\/9-1-300x167.jpg 300w, https:\/\/corpoequilibrado.com.br\/wp-content\/uploads\/2025\/04\/9-1-768x426.jpg 768w, https:\/\/corpoequilibrado.com.br\/wp-content\/uploads\/2025\/04\/9-1.jpg 1500w\" sizes=\"(max-width: 1024px) 100vw, 1024px\" \/><\/figure>\n\n\n\n<ul class=\"wp-block-list\">\n<li>Envejecimiento natural (causa principal)<\/li>\n\n\n\n<li>Mala nutrici\u00f3n<\/li>\n\n\n\n<li>Exposici\u00f3n excesiva al sol<\/li>\n\n\n\n<li>Fumar y la contaminaci\u00f3n<\/li>\n\n\n\n<li>Falta de sue\u00f1o y estr\u00e9s cr\u00f3nico<\/li>\n<\/ul>\n\n\n\n<p>Estos factores afectan la producci\u00f3n de col\u00e1geno del cuerpo y da\u00f1an la apariencia de la piel. La degradaci\u00f3n de la fibra puede ocurrir m\u00e1s r\u00e1pidamente en personas con malos h\u00e1bitos o enfermedades cr\u00f3nicas, por lo que es a\u00fan m\u00e1s importante adoptar medidas preventivas.<\/p>\n\n\n\n<h2 class=\"wp-block-heading\"><span class=\"ez-toc-section\" id=\"Quando_e_quanto_colageno_tomar_por_dia\"><\/span>\u00bfCu\u00e1ndo y cu\u00e1nto col\u00e1geno debo tomar al d\u00eda?<span class=\"ez-toc-section-end\"><\/span><\/h2>\n\n\n\n<p>El mejor momento para tomar col\u00e1geno puede variar, pero muchos expertos recomiendan utilizar <strong>con el est\u00f3mago vac\u00edo o antes de acostarse<\/strong>, ya que estos momentos favorecen la absorci\u00f3n y acci\u00f3n de los p\u00e9ptidos de col\u00e1geno. Sin embargo, lo m\u00e1s importante es mantener <strong>la regularidad diaria<\/strong>.<\/p>\n\n\n\n<p>La dosis ideal suele ser <strong>5 a 10 gramos al d\u00eda<\/strong>, que puede variar dependiendo de los objetivos de cada persona. Siempre consulte con un profesional de la salud para ajustar la cantidad adecuada a su caso.<\/p>\n\n\n\n<h2 class=\"wp-block-heading\"><span class=\"ez-toc-section\" id=\"Quais_ingredientes_potencializam_os_efeitos_do_colageno\"><\/span>\u00bfQu\u00e9 ingredientes potencian los efectos del col\u00e1geno?<span class=\"ez-toc-section-end\"><\/span><\/h2>\n\n\n\n<p>Alguno <a href=\"https:\/\/corpoequilibrado.com.br\/es\/suplementos-alimenticios\/\" title=\"Obtenga m\u00e1s informaci\u00f3n sobre los suplementos\">suplementos<\/a> incluir <strong>vitamina C<\/strong> y <strong>\u00e1cido hialur\u00f3nico<\/strong> en sus f\u00f3rmulas, lo que potencia los resultados. La vitamina C act\u00faa directamente sobre <strong>s\u00edntesis de col\u00e1geno<\/strong>, mientras que el \u00e1cido hialur\u00f3nico ayuda a mantener la hidrataci\u00f3n y el volumen de la piel. Otros activos como <strong>biotina<\/strong> y <strong>silicio org\u00e1nico<\/strong> Tambi\u00e9n son bienvenidos.<\/p>\n\n\n\n<h2 class=\"wp-block-heading\"><span class=\"ez-toc-section\" id=\"Em_quanto_tempo_o_colageno_comeca_a_fazer_efeito\"><\/span>\u00bfCu\u00e1nto tiempo tarda en empezar a actuar el col\u00e1geno?<span class=\"ez-toc-section-end\"><\/span><\/h2>\n\n\n\n<figure class=\"wp-block-image aligncenter size-large\"><img decoding=\"async\" width=\"1024\" height=\"569\" src=\"https:\/\/corpoequilibrado.com.br\/wp-content\/uploads\/2025\/04\/4-1-1024x569.jpg\" alt=\"absorci\u00f3n cut\u00e1nea\" class=\"wp-image-2966\" style=\"aspect-ratio:16\/9;object-fit:cover\" srcset=\"https:\/\/corpoequilibrado.com.br\/wp-content\/uploads\/2025\/04\/4-1-1024x569.jpg 1024w, https:\/\/corpoequilibrado.com.br\/wp-content\/uploads\/2025\/04\/4-1-300x167.jpg 300w, https:\/\/corpoequilibrado.com.br\/wp-content\/uploads\/2025\/04\/4-1-768x426.jpg 768w, https:\/\/corpoequilibrado.com.br\/wp-content\/uploads\/2025\/04\/4-1.jpg 1500w\" sizes=\"(max-width: 1024px) 100vw, 1024px\" \/><\/figure>\n\n\n\n<p>Los efectos del col\u00e1geno pueden empezar a notarse a partir de <strong>4 a 6 semanas de uso continuo<\/strong>, principalmente en la hidrataci\u00f3n y textura de la piel. Los beneficios para las u\u00f1as, el cabello y las articulaciones pueden provenir de: <strong>2 a 3 meses<\/strong> aparecer. El secreto est\u00e1 en <strong>consistencia y calidad del suplemento<\/strong>.<\/p>\n\n\n\n<h2 class=\"wp-block-heading\"><span class=\"ez-toc-section\" id=\"Suplementos_de_colageno_funcionam_mesmo\"><\/span>\u00bfRealmente funcionan los suplementos de col\u00e1geno?<span class=\"ez-toc-section-end\"><\/span><\/h2>\n\n\n\n<p>S\u00ed, siempre que se utilicen correctamente. EL <a href=\"https:\/\/www.netshoes.com.br\/blog\/bem-estar\/post\/maneira-correta-de-tomar-colageno-hidrolisado\" target=\"_blank\" rel=\"noreferrer noopener nofollow\">col\u00e1geno hidrolizado<\/a>, tambi\u00e9n llamados p\u00e9ptidos de col\u00e1geno, se absorbe m\u00e1s f\u00e1cilmente y puede contribuir a:<\/p>\n\n\n\n<ul class=\"wp-block-list\">\n<li>Aumenta la elasticidad y firmeza de la piel.<\/li>\n\n\n\n<li>Reducir las arrugas<\/li>\n\n\n\n<li>Fortalece las u\u00f1as y el cabello.<\/li>\n\n\n\n<li>Mejorar la salud de las articulaciones<\/li>\n<\/ul>\n\n\n\n<p>La suplementaci\u00f3n de col\u00e1geno se puede realizar a trav\u00e9s de c\u00e1psulas o polvo. Consulte con un profesional antes de comenzar a usarlo, especialmente si tiene alg\u00fan problema de salud. Para obtener mejores resultados, combine su ingesta con una dieta equilibrada rica en antioxidantes.<\/p>\n\n\n\n<h2 class=\"wp-block-heading\"><span class=\"ez-toc-section\" id=\"Quais_alimentos_ajudam_a_produzir_colageno\"><\/span>\u00bfQu\u00e9 alimentos ayudan a producir col\u00e1geno?<span class=\"ez-toc-section-end\"><\/span><\/h2>\n\n\n\n<p>Algunos alimentos son ricos o promueven la formaci\u00f3n de col\u00e1geno en el cuerpo:<\/p>\n\n\n\n<figure class=\"wp-block-image aligncenter size-full\"><img loading=\"lazy\" decoding=\"async\" width=\"940\" height=\"627\" src=\"https:\/\/corpoequilibrado.com.br\/wp-content\/uploads\/2025\/04\/pexels-photo-5965658-5965658.jpg\" alt=\"frutas y verduras\" class=\"wp-image-2968\" style=\"aspect-ratio:16\/9;object-fit:cover\" srcset=\"https:\/\/corpoequilibrado.com.br\/wp-content\/uploads\/2025\/04\/pexels-photo-5965658-5965658.jpg 940w, https:\/\/corpoequilibrado.com.br\/wp-content\/uploads\/2025\/04\/pexels-photo-5965658-5965658-300x200.jpg 300w, https:\/\/corpoequilibrado.com.br\/wp-content\/uploads\/2025\/04\/pexels-photo-5965658-5965658-768x512.jpg 768w\" sizes=\"(max-width: 940px) 100vw, 940px\" \/><\/figure>\n\n\n\n<ul class=\"wp-block-list\">\n<li>Caldo de huesos de animales (rico en prote\u00edna de col\u00e1geno)<\/li>\n\n\n\n<li>Carne y pescado<\/li>\n\n\n\n<li>Frutas c\u00edtricas (vitamina C)<\/li>\n\n\n\n<li>Verduras de color verde oscuro (antioxidantes)<\/li>\n\n\n\n<li>Semillas y frutos secos (zinc y cobre)<\/li>\n<\/ul>\n\n\n\n<p>Estos nutrientes son esenciales para estimular la producci\u00f3n de col\u00e1geno y mantener niveles adecuados de col\u00e1geno. Una dieta rica y variada es la base para que el cuerpo tenga los recursos necesarios para producir col\u00e1geno de forma natural.<\/p>\n\n\n\n<h2 class=\"wp-block-heading\"><span class=\"ez-toc-section\" id=\"Quais_os_tipos_de_colageno_em_suplementos\"><\/span>\u00bfQu\u00e9 tipos de col\u00e1geno hay en los suplementos?<span class=\"ez-toc-section-end\"><\/span><\/h2>\n\n\n\n<p>Adem\u00e1s del col\u00e1geno tipo I y II, existen diferentes formas en las que se puede presentar el suplemento:<\/p>\n\n\n\n<ul class=\"wp-block-list\">\n<li><strong>Col\u00e1geno hidrolizado<\/strong>: m\u00e1s f\u00e1cil de absorber, ideal para pieles firmes<\/li>\n\n\n\n<li><strong>Col\u00e1geno no hidrolizado<\/strong>:menos absorbido, a menudo utilizado en cosm\u00e9ticos<\/li>\n\n\n\n<li><strong>Col\u00e1geno en c\u00e1psulas<\/strong>:pr\u00e1ctico, pero requiere una buena formulaci\u00f3n<\/li>\n<\/ul>\n\n\n\n<p>Algunos productos incluyen vitamina C, \u00e1cido hialur\u00f3nico y silicio org\u00e1nico para mejorar la estimulaci\u00f3n del col\u00e1geno. Tambi\u00e9n existen col\u00e1genos que se centran en las articulaciones, la piel, el cabello o las u\u00f1as.<\/p>\n\n\n\n<h2 class=\"wp-block-heading\"><span class=\"ez-toc-section\" id=\"O_colageno_ajuda_nas_articulacoes\"><\/span>\u00bfEl col\u00e1geno ayuda a las articulaciones?<span class=\"ez-toc-section-end\"><\/span><\/h2>\n\n\n\n<p>S\u00ed, el col\u00e1geno tipo II est\u00e1 presente en el cart\u00edlago y ayuda en la regeneraci\u00f3n del tejido en las articulaciones. Su ingesti\u00f3n puede:<\/p>\n\n\n\n<figure class=\"wp-block-image aligncenter size-full\"><img loading=\"lazy\" decoding=\"async\" width=\"940\" height=\"529\" src=\"https:\/\/corpoequilibrado.com.br\/wp-content\/uploads\/2025\/04\/pexels-photo-7298631-7298631.jpg\" alt=\"dolor articular\" class=\"wp-image-2970\" style=\"aspect-ratio:16\/9;object-fit:cover\" srcset=\"https:\/\/corpoequilibrado.com.br\/wp-content\/uploads\/2025\/04\/pexels-photo-7298631-7298631.jpg 940w, https:\/\/corpoequilibrado.com.br\/wp-content\/uploads\/2025\/04\/pexels-photo-7298631-7298631-300x169.jpg 300w, https:\/\/corpoequilibrado.com.br\/wp-content\/uploads\/2025\/04\/pexels-photo-7298631-7298631-768x432.jpg 768w\" sizes=\"(max-width: 940px) 100vw, 940px\" \/><\/figure>\n\n\n\n<ul class=\"wp-block-list\">\n<li>Reducir el dolor articular<\/li>\n\n\n\n<li>Mejorar la movilidad<\/li>\n\n\n\n<li>Prevenci\u00f3n del desgaste en deportistas<\/li>\n<\/ul>\n\n\n\n<p>Los estudios indican que el uso regular de col\u00e1geno tipo II puede reducir la inflamaci\u00f3n en las articulaciones y mejorar la lubricaci\u00f3n entre los huesos. Esto es especialmente beneficioso para las personas con artritis, los ancianos y los deportistas.<\/p>\n\n\n\n<p>La combinaci\u00f3n de col\u00e1geno tipo II, <a href=\"https:\/\/corpoequilibrado.com.br\/es\/falta-de-vitamina-d\/\" title=\"Aprenda m\u00e1s sobre la vitamina D\">vitamina D<\/a> y el calcio es ideal para los huesos y el cart\u00edlago. Es posible encontrar suplementos con esta f\u00f3rmula espec\u00edfica orientada al apoyo de las articulaciones.<\/p>\n\n\n\n<h2 class=\"wp-block-heading\"><span class=\"ez-toc-section\" id=\"E_seguro_tomar_colageno_todos_os_dias\"><\/span>\u00bfEs seguro tomar col\u00e1geno todos los d\u00edas?<span class=\"ez-toc-section-end\"><\/span><\/h2>\n\n\n\n<p>Tomar col\u00e1geno todos los d\u00edas es seguro para la mayor\u00eda de las personas, siempre que se respete la dosis recomendada (generalmente entre 5 y 10 g de col\u00e1geno al d\u00eda).<\/p>\n\n\n\n<p>La suplementaci\u00f3n con col\u00e1geno se considera segura, pero es importante verificar el origen del producto y buscar orientaci\u00f3n de un profesional. Las personas con alergias alimentarias, problemas renales o que est\u00e9n tomando medicamentos espec\u00edficos deben consultar con su m\u00e9dico antes de comenzar.<\/p>\n\n\n\n<h2 class=\"wp-block-heading\"><span class=\"ez-toc-section\" id=\"Principais_pontos_para_lembrar\"><\/span>Puntos clave para recordar<span class=\"ez-toc-section-end\"><\/span><\/h2>\n\n\n\n<ul class=\"wp-block-list\">\n<li>El col\u00e1geno es una prote\u00edna esencial para la firmeza y elasticidad de la piel.<\/li>\n\n\n\n<li>La producci\u00f3n de col\u00e1geno disminuye con la edad, pero puede estimularse<\/li>\n\n\n\n<li>Existen varios tipos de col\u00e1geno, cada uno con una funci\u00f3n espec\u00edfica.<\/li>\n\n\n\n<li>El col\u00e1geno hidrolizado se absorbe mejor.<\/li>\n\n\n\n<li>Los alimentos ricos en col\u00e1geno y vitamina C ayudan en la producci\u00f3n natural<\/li>\n\n\n\n<li>Los suplementos con col\u00e1geno tipo I y II tienen grandes efectos sobre la piel y las articulaciones.<\/li>\n\n\n\n<li>Mantener h\u00e1bitos saludables previene la degradaci\u00f3n del col\u00e1geno ya presente<\/li>\n\n\n\n<li>El \u00e1cido hialur\u00f3nico y la vitamina C potencian los efectos de la suplementaci\u00f3n.<\/li>\n\n\n\n<li>Los resultados aparecen con el uso continuo, de 4 a 6 semanas.<\/li>\n<\/ul>\n\n\n\n<h2 class=\"wp-block-heading\"><span class=\"ez-toc-section\" id=\"Perguntas_Frequentes_sobre_Colageno_na_Pele\"><\/span>Preguntas frecuentes sobre el col\u00e1geno en la piel<span class=\"ez-toc-section-end\"><\/span><\/h2>\n\n\n\n<h3 class=\"wp-block-heading\"><span class=\"ez-toc-section\" id=\"Qual_e_o_melhor_colageno_para_pele_firme\"><\/span>\u00bfCu\u00e1l es el mejor col\u00e1geno para una piel firme?<span class=\"ez-toc-section-end\"><\/span><\/h3>\n\n\n\n<p>El col\u00e1geno hidrolizado tipo I es el m\u00e1s recomendado para quienes buscan una piel firme y el\u00e1stica. Tiene alta absorci\u00f3n y se puede potenciar con vitamina C.<\/p>\n\n\n\n<h3 class=\"wp-block-heading\"><span class=\"ez-toc-section\" id=\"Colageno_ajuda_mesmo_a_reduzir_rugas\"><\/span>\u00bfEl col\u00e1geno realmente ayuda a reducir las arrugas?<span class=\"ez-toc-section-end\"><\/span><\/h3>\n\n\n\n<p>\u00a1S\u00ed! El consumo continuo de col\u00e1geno para la piel se asocia con la reducci\u00f3n de arrugas y la mejora de la firmeza de la piel, adem\u00e1s de dejar la piel con un aspecto juvenil.<\/p>\n\n\n\n<h3 class=\"wp-block-heading\"><span class=\"ez-toc-section\" id=\"Posso_tomar_colageno_com_outros_suplementos\"><\/span>\u00bfPuedo tomar col\u00e1geno con otros suplementos?<span class=\"ez-toc-section-end\"><\/span><\/h3>\n\n\n\n<p>S\u00ed, especialmente con vitamina C, \u00e1cido hialur\u00f3nico y biotina, que ayudan en la producci\u00f3n de col\u00e1geno y a mantener la salud de la piel.<\/p>\n\n\n\n<h3 class=\"wp-block-heading\"><span class=\"ez-toc-section\" id=\"Existe_diferenca_entre_colageno_natural_e_industrial\"><\/span>\u00bfExiste alguna diferencia entre el col\u00e1geno natural y el industrial?<span class=\"ez-toc-section-end\"><\/span><\/h3>\n\n\n\n<p>El col\u00e1geno natural proviene de alimentos (como huesos y carne), mientras que el col\u00e1geno industrial se obtiene de fuentes animales y se procesa para facilitar su absorci\u00f3n. Ambos pueden ser \u00fatiles.<\/p>\n\n\n\n<h3 class=\"wp-block-heading\"><span class=\"ez-toc-section\" id=\"A_perda_de_colageno_pode_ser_revertida\"><\/span>\u00bfSe puede revertir la p\u00e9rdida de col\u00e1geno?<span class=\"ez-toc-section-end\"><\/span><\/h3>\n\n\n\n<p>Es posible estimular la producci\u00f3n de col\u00e1geno y prevenir su degradaci\u00f3n con una nutrici\u00f3n adecuada, suplementos y cuidado de la piel.<\/p>\n\n\n\n<p><\/p>","protected":false},"excerpt":{"rendered":"<p>O col\u00e1geno \u00e9 uma prote\u00edna essencial para a firmeza, elasticidade e sa\u00fade da pele. Com o passar dos anos, sua produ\u00e7\u00e3o natural de col\u00e1geno diminui, o que pode causar rugas, flacidez e perda do vi\u00e7o. Neste artigo, voc\u00ea vai entender [&hellip;]<\/p>","protected":false},"author":1,"featured_media":2964,"comment_status":"closed","ping_status":"open","sticky":false,"template":"","format":"standard","meta":{"_uag_custom_page_level_css":"","site-sidebar-layout":"default","site-content-layout":"","ast-site-content-layout":"default","site-content-style":"default","site-sidebar-style":"default","ast-global-header-display":"","ast-banner-title-visibility":"","ast-main-header-display":"","ast-hfb-above-header-display":"","ast-hfb-below-header-display":"","ast-hfb-mobile-header-display":"","site-post-title":"","ast-breadcrumbs-content":"","ast-featured-img":"","footer-sml-layout":"","ast-disable-related-posts":"","theme-transparent-header-meta":"","adv-header-id-meta":"","stick-header-meta":"","header-above-stick-meta":"","header-main-stick-meta":"","header-below-stick-meta":"","astra-migrate-meta-layouts":"set","ast-page-background-enabled":"default","ast-page-background-meta":{"desktop":{"background-color":"","background-image":"","background-repeat":"repeat","background-position":"center center","background-size":"auto","background-attachment":"scroll","background-type":"","background-media":"","overlay-type":"","overlay-color":"","overlay-opacity":"","overlay-gradient":""},"tablet":{"background-color":"","background-image":"","background-repeat":"repeat","background-position":"center center","background-size":"auto","background-attachment":"scroll","background-type":"","background-media":"","overlay-type":"","overlay-color":"","overlay-opacity":"","overlay-gradient":""},"mobile":{"background-color":"","background-image":"","background-repeat":"repeat","background-position":"center center","background-size":"auto","background-attachment":"scroll","background-type":"","background-media":"","overlay-type":"","overlay-color":"","overlay-opacity":"","overlay-gradient":""}},"ast-content-background-meta":{"desktop":{"background-color":"var(--ast-global-color-5)","background-image":"","background-repeat":"repeat","background-position":"center center","background-size":"auto","background-attachment":"scroll","background-type":"","background-media":"","overlay-type":"","overlay-color":"","overlay-opacity":"","overlay-gradient":""},"tablet":{"background-color":"var(--ast-global-color-5)","background-image":"","background-repeat":"repeat","background-position":"center center","background-size":"auto","background-attachment":"scroll","background-type":"","background-media":"","overlay-type":"","overlay-color":"","overlay-opacity":"","overlay-gradient":""},"mobile":{"background-color":"var(--ast-global-color-5)","background-image":"","background-repeat":"repeat","background-position":"center center","background-size":"auto","background-attachment":"scroll","background-type":"","background-media":"","overlay-type":"","overlay-color":"","overlay-opacity":"","overlay-gradient":""}},"footnotes":""},"categories":[48],"tags":[36,138],"class_list":["post-2961","post","type-post","status-publish","format-standard","has-post-thumbnail","hentry","category-beleza-e-estetica-categoria","tag-colageno","tag-pele"],"uagb_featured_image_src":{"full":["https:\/\/corpoequilibrado.com.br\/wp-content\/uploads\/2025\/04\/48829-1.jpg",1500,1000,false],"thumbnail":["https:\/\/corpoequilibrado.com.br\/wp-content\/uploads\/2025\/04\/48829-1-150x150.jpg",150,150,true],"medium":["https:\/\/corpoequilibrado.com.br\/wp-content\/uploads\/2025\/04\/48829-1-300x200.jpg",300,200,true],"medium_large":["https:\/\/corpoequilibrado.com.br\/wp-content\/uploads\/2025\/04\/48829-1-768x512.jpg",768,512,true],"large":["https:\/\/corpoequilibrado.com.br\/wp-content\/uploads\/2025\/04\/48829-1-1024x683.jpg",1024,683,true],"1536x1536":["https:\/\/corpoequilibrado.com.br\/wp-content\/uploads\/2025\/04\/48829-1.jpg",1500,1000,false],"2048x2048":["https:\/\/corpoequilibrado.com.br\/wp-content\/uploads\/2025\/04\/48829-1.jpg",1500,1000,false],"trp-custom-language-flag":["https:\/\/corpoequilibrado.com.br\/wp-content\/uploads\/2025\/04\/48829-1.jpg",18,12,false]},"uagb_author_info":{"display_name":"Equipe Corpo Equilibrado","author_link":"https:\/\/corpoequilibrado.com.br\/es\/author\/rcastello20gmail-com\/"},"uagb_comment_info":0,"uagb_excerpt":"O col\u00e1geno \u00e9 uma prote\u00edna essencial para a firmeza, elasticidade e sa\u00fade da pele. Com o passar dos anos, sua produ\u00e7\u00e3o natural de col\u00e1geno diminui, o que pode causar rugas, flacidez e perda do vi\u00e7o. Neste artigo, voc\u00ea vai entender [&hellip;]","_links":{"self":[{"href":"https:\/\/corpoequilibrado.com.br\/es\/wp-json\/wp\/v2\/posts\/2961","targetHints":{"allow":["GET"]}}],"collection":[{"href":"https:\/\/corpoequilibrado.com.br\/es\/wp-json\/wp\/v2\/posts"}],"about":[{"href":"https:\/\/corpoequilibrado.com.br\/es\/wp-json\/wp\/v2\/types\/post"}],"author":[{"embeddable":true,"href":"https:\/\/corpoequilibrado.com.br\/es\/wp-json\/wp\/v2\/users\/1"}],"replies":[{"embeddable":true,"href":"https:\/\/corpoequilibrado.com.br\/es\/wp-json\/wp\/v2\/comments?post=2961"}],"version-history":[{"count":0,"href":"https:\/\/corpoequilibrado.com.br\/es\/wp-json\/wp\/v2\/posts\/2961\/revisions"}],"wp:featuredmedia":[{"embeddable":true,"href":"https:\/\/corpoequilibrado.com.br\/es\/wp-json\/wp\/v2\/media\/2964"}],"wp:attachment":[{"href":"https:\/\/corpoequilibrado.com.br\/es\/wp-json\/wp\/v2\/media?parent=2961"}],"wp:term":[{"taxonomy":"category","embeddable":true,"href":"https:\/\/corpoequilibrado.com.br\/es\/wp-json\/wp\/v2\/categories?post=2961"},{"taxonomy":"post_tag","embeddable":true,"href":"https:\/\/corpoequilibrado.com.br\/es\/wp-json\/wp\/v2\/tags?post=2961"}],"curies":[{"name":"wp","href":"https:\/\/api.w.org\/{rel}","templated":true}]}}