{"id":3076,"date":"2025-04-02T19:04:45","date_gmt":"2025-04-02T19:04:45","guid":{"rendered":"https:\/\/corpoequilibrado.com.br\/?p=3076"},"modified":"2025-04-19T10:40:29","modified_gmt":"2025-04-19T13:40:29","slug":"suplementos-dieteticos-para-personas-mayores","status":"publish","type":"post","link":"https:\/\/corpoequilibrado.com.br\/es\/suplementos-dieteticos-para-personas-mayores\/","title":{"rendered":"Suplementos diet\u00e9ticos para personas mayores: los m\u00e1s recomendados para la salud, la energ\u00eda y la longevidad"},"content":{"rendered":"<p>Los suplementos diet\u00e9ticos adecuados pueden marcar la diferencia en la salud de las personas mayores. A medida que pasan los a\u00f1os, el cuerpo cambia y <strong>necesidades nutricionales de las personas mayores<\/strong> aumentar. Una buena <strong>suplemento diet\u00e9tico para personas mayores<\/strong> Puede mejorar la calidad de vida, prevenir discapacidades y <strong>fortalecer el sistema inmunol\u00f3gico<\/strong>. En este art\u00edculo descubrir\u00e1s las <strong>Los mejores suplementos para personas mayores<\/strong>, su <strong>beneficios para la salud<\/strong>, y <strong>\u00bfQu\u00e9 suplementos?<\/strong> Vale la pena incluirlos en tu rutina con el apoyo de un <strong>profesional de la salud<\/strong>.<\/p><div id=\"ez-toc-container\" class=\"ez-toc-v2_0_82_2 counter-hierarchy ez-toc-counter ez-toc-grey ez-toc-container-direction\">\n<div class=\"ez-toc-title-container\">\n<p class=\"ez-toc-title\" style=\"cursor:inherit\">Resumen<\/p>\n<span class=\"ez-toc-title-toggle\"><\/span><\/div>\n<nav><ul class='ez-toc-list ez-toc-list-level-1' ><ul class='ez-toc-list-level-3' ><li class='ez-toc-heading-level-3'><a class=\"ez-toc-link ez-toc-heading-1\" href=\"https:\/\/corpoequilibrado.com.br\/es\/suplementos-dieteticos-para-personas-mayores\/#Video_explicativo_sobre_os_melhores_suplementos_alimentares_para_idosos\" >V\u00eddeo explicativo sobre los mejores complementos diet\u00e9ticos para personas mayores:<\/a><\/li><\/ul><\/li><li class='ez-toc-page-1 ez-toc-heading-level-2'><a class=\"ez-toc-link ez-toc-heading-2\" href=\"https:\/\/corpoequilibrado.com.br\/es\/suplementos-dieteticos-para-personas-mayores\/#Por_que_os_idosos_precisam_de_suplementos_alimentares\" >\u00bfPor qu\u00e9 las personas mayores necesitan suplementos diet\u00e9ticos?<\/a><\/li><li class='ez-toc-page-1 ez-toc-heading-level-2'><a class=\"ez-toc-link ez-toc-heading-3\" href=\"https:\/\/corpoequilibrado.com.br\/es\/suplementos-dieteticos-para-personas-mayores\/#Quais_sao_os_principais_suplementos_alimentares_para_idosos\" >\u00bfCu\u00e1les son los principales complementos diet\u00e9ticos para las personas mayores?<\/a><ul class='ez-toc-list-level-3' ><li class='ez-toc-heading-level-3'><a class=\"ez-toc-link ez-toc-heading-4\" href=\"https:\/\/corpoequilibrado.com.br\/es\/suplementos-dieteticos-para-personas-mayores\/#Vitamina_D_essencial_para_ossos_e_imunidade\" >Vitamina D: esencial para los huesos y la inmunidad<\/a><\/li><li class='ez-toc-page-1 ez-toc-heading-level-3'><a class=\"ez-toc-link ez-toc-heading-5\" href=\"https:\/\/corpoequilibrado.com.br\/es\/suplementos-dieteticos-para-personas-mayores\/#Calcio_e_magnesio_dupla_para_ossos_fortes\" >Calcio y magnesio: un d\u00fao para unos huesos fuertes<\/a><\/li><li class='ez-toc-page-1 ez-toc-heading-level-3'><a class=\"ez-toc-link ez-toc-heading-6\" href=\"https:\/\/corpoequilibrado.com.br\/es\/suplementos-dieteticos-para-personas-mayores\/#Proteina_e_suplemento_proteico_combate_a_perda_muscular\" >Prote\u00ednas y suplementos proteicos: combatiendo la p\u00e9rdida muscular<\/a><\/li><li class='ez-toc-page-1 ez-toc-heading-level-3'><a class=\"ez-toc-link ez-toc-heading-7\" href=\"https:\/\/corpoequilibrado.com.br\/es\/suplementos-dieteticos-para-personas-mayores\/#Creatina_energia_e_forca_muscular_para_a_terceira_idade\" >Creatina: energ\u00eda y fuerza muscular para personas mayores<\/a><\/li><li class='ez-toc-page-1 ez-toc-heading-level-3'><a class=\"ez-toc-link ez-toc-heading-8\" href=\"https:\/\/corpoequilibrado.com.br\/es\/suplementos-dieteticos-para-personas-mayores\/#Omega_3_coracao_cerebro_e_inflamacao\" >Omega 3: coraz\u00f3n, cerebro e inflamaci\u00f3n<\/a><\/li><li class='ez-toc-page-1 ez-toc-heading-level-3'><a class=\"ez-toc-link ez-toc-heading-9\" href=\"https:\/\/corpoequilibrado.com.br\/es\/suplementos-dieteticos-para-personas-mayores\/#Fibras_regulando_o_intestino_e_prevenindo_doencas\" >Fibra: regula el intestino y previene enfermedades<\/a><\/li><li class='ez-toc-page-1 ez-toc-heading-level-3'><a class=\"ez-toc-link ez-toc-heading-10\" href=\"https:\/\/corpoequilibrado.com.br\/es\/suplementos-dieteticos-para-personas-mayores\/#Suplementos_que_ajudam_na_memoria_e_concentracao\" >Suplementos que ayudan con la memoria y la concentraci\u00f3n.<\/a><\/li><\/ul><\/li><li class='ez-toc-page-1 ez-toc-heading-level-2'><a class=\"ez-toc-link ez-toc-heading-11\" href=\"https:\/\/corpoequilibrado.com.br\/es\/suplementos-dieteticos-para-personas-mayores\/#Qualquer_suplemento_deve_ser_indicado_por_profissional_de_saude\" >Cualquier suplemento debe ser prescrito por un profesional de la salud.<\/a><\/li><li class='ez-toc-page-1 ez-toc-heading-level-2'><a class=\"ez-toc-link ez-toc-heading-12\" href=\"https:\/\/corpoequilibrado.com.br\/es\/suplementos-dieteticos-para-personas-mayores\/#Conclusao_quais_os_melhores_suplementos_alimentares_para_idosos\" >Conclusi\u00f3n: \u00bfCu\u00e1les son los mejores suplementos diet\u00e9ticos para personas mayores?<\/a><\/li><\/ul><\/nav><\/div>\n\n\n\n\n<h3 class=\"wp-block-heading\"><span class=\"ez-toc-section\" id=\"Video_explicativo_sobre_os_melhores_suplementos_alimentares_para_idosos\"><\/span>V\u00eddeo explicativo sobre los mejores complementos diet\u00e9ticos para personas mayores:<span class=\"ez-toc-section-end\"><\/span><\/h3>\n\n\n\n<figure class=\"wp-block-embed is-type-video is-provider-youtube wp-block-embed-youtube wp-embed-aspect-16-9 wp-has-aspect-ratio\"><div class=\"wp-block-embed__wrapper\">\n<iframe title=\"Los mejores suplementos para personas mayores: \u00bfcu\u00e1les funcionan realmente?\" width=\"500\" height=\"281\" src=\"https:\/\/www.youtube.com\/embed\/Fh0W9i3a7ug?feature=oembed\" frameborder=\"0\" allow=\"accelerometer; autoplay; clipboard-write; encrypted-media; gyroscope; picture-in-picture; web-share\" referrerpolicy=\"strict-origin-when-cross-origin\" allowfullscreen><\/iframe>\n<\/div><\/figure>\n\n\n\n<h2 class=\"wp-block-heading\"><span class=\"ez-toc-section\" id=\"Por_que_os_idosos_precisam_de_suplementos_alimentares\"><\/span>\u00bfPor qu\u00e9 las personas mayores necesitan suplementos diet\u00e9ticos?<span class=\"ez-toc-section-end\"><\/span><\/h2>\n\n\n\n<p>A medida que envejecemos, el cuerpo absorbe menos <strong>nutrientes esenciales<\/strong> de alimentos, el apetito tiende a disminuir y surgen condiciones que requieren una mayor ingesta <strong>nutricional<\/strong>. EL <strong>suplementaci\u00f3n alimentaria<\/strong> Se vuelve importante compensar estas deficiencias y ayudar a <strong>mantenimiento de la salud<\/strong>.<\/p>\n\n\n\n<p>EL <strong>p\u00e9rdida de masa muscular<\/strong>, el <strong>salud \u00f3sea<\/strong>, y el correcto funcionamiento de la <strong>sistema inmunitario<\/strong> se ven directamente afectados por la falta de <strong>vitaminas y minerales<\/strong>. Por lo tanto, la <strong>uso de suplementos diet\u00e9ticos<\/strong> Puede traer beneficios reales a la <strong>salud de las personas mayores<\/strong>.<\/p>\n\n\n\n<h2 class=\"wp-block-heading\"><span class=\"ez-toc-section\" id=\"Quais_sao_os_principais_suplementos_alimentares_para_idosos\"><\/span>\u00bfCu\u00e1les son los principales complementos diet\u00e9ticos para las personas mayores?<span class=\"ez-toc-section-end\"><\/span><\/h2>\n\n\n\n<p>T\u00fa <strong>suplementos principales<\/strong> incluir <strong><a href=\"https:\/\/corpoequilibrado.com.br\/es\/falta-de-vitamina-d\/\" title=\"Aprenda m\u00e1s sobre la vitamina D\">vitamina D<\/a><\/strong>, <strong>calcio<\/strong>, <strong>omega 3<\/strong>, <strong>prote\u00edna<\/strong> (como el <strong>prote\u00edna de suero<\/strong>), <strong>fibras diet\u00e9ticas<\/strong> y <strong>complejo B<\/strong>. Aquellos <strong>nutrientes esenciales para la salud<\/strong> actuar directamente sobre el <strong>recuperaci\u00f3n muscular<\/strong>, en la prevenci\u00f3n de enfermedades y en el fortalecimiento general del cuerpo.<\/p>\n\n\n\n<figure class=\"wp-block-image aligncenter size-full\"><img fetchpriority=\"high\" decoding=\"async\" width=\"940\" height=\"627\" src=\"https:\/\/corpoequilibrado.com.br\/wp-content\/uploads\/2025\/04\/pexels-photo-4661296-4661296.jpg\" alt=\"Suplementos diet\u00e9ticos para personas mayores\" class=\"wp-image-3125\" style=\"aspect-ratio:16\/9;object-fit:cover\" srcset=\"https:\/\/corpoequilibrado.com.br\/wp-content\/uploads\/2025\/04\/pexels-photo-4661296-4661296.jpg 940w, https:\/\/corpoequilibrado.com.br\/wp-content\/uploads\/2025\/04\/pexels-photo-4661296-4661296-300x200.jpg 300w, https:\/\/corpoequilibrado.com.br\/wp-content\/uploads\/2025\/04\/pexels-photo-4661296-4661296-768x512.jpg 768w\" sizes=\"(max-width: 940px) 100vw, 940px\" \/><\/figure>\n\n\n\n<p>T\u00fa <strong>Los mejores suplementos para personas mayores<\/strong> Son aquellas adaptadas a las necesidades espec\u00edficas de cada persona. Por ello, es fundamental contar con el apoyo de un <strong>nutricionista<\/strong> para elegir el <strong>El mejor suplemento diet\u00e9tico para personas mayores<\/strong>.<\/p>\n\n\n\n<h3 class=\"wp-block-heading\"><span class=\"ez-toc-section\" id=\"Vitamina_D_essencial_para_ossos_e_imunidade\"><\/span>Vitamina D: esencial para los huesos y la inmunidad<span class=\"ez-toc-section-end\"><\/span><\/h3>\n\n\n\n<p>EL <strong>vitamina D<\/strong> es fundamental para la <strong>salud \u00f3sea<\/strong>, ayudando en <strong>absorci\u00f3n de calcio<\/strong> y prevenir fracturas. Adem\u00e1s, es importante que la <strong>sistema inmunitario<\/strong>, ayudando a proteger contra las infecciones.<\/p>\n\n\n\n<p>Muchos <strong>anciano<\/strong> tiene una deficiencia en esto <strong>Vitamina<\/strong>, ya sea por poca exposici\u00f3n al sol o dificultad en su absorci\u00f3n. Por lo tanto, la <strong>suplementaci\u00f3n<\/strong> con vitamina D es uno de los m\u00e1s recomendados en <strong>tercera edad<\/strong>.<\/p>\n\n\n\n<h3 class=\"wp-block-heading\"><span class=\"ez-toc-section\" id=\"Calcio_e_magnesio_dupla_para_ossos_fortes\"><\/span>Calcio y magnesio: un d\u00fao para unos huesos fuertes<span class=\"ez-toc-section-end\"><\/span><\/h3>\n\n\n\n<p>EL <strong>calcio<\/strong> es un <strong>mineral<\/strong> esencial para el <strong>mantener la salud \u00f3sea<\/strong> y prevenir la osteoporosis. Ya el <strong><a href=\"https:\/\/corpoequilibrado.com.br\/es\/beneficios-del-magnesio\/\" title=\"Aprenda m\u00e1s sobre el magnesio\">magnesio<\/a><\/strong> Ayuda a la absorci\u00f3n de calcio y tambi\u00e9n act\u00faa sobre la relajaci\u00f3n muscular y la funci\u00f3n nerviosa.<\/p>\n\n\n\n<p>Este d\u00fao cobra a\u00fan m\u00e1s importancia cuando se combina con el <strong>vitamina D<\/strong>, formando uno de los <strong>suplementos para personas mayores<\/strong> M\u00e1s completo para fortalecer el cuerpo.<\/p>\n\n\n\n<h3 class=\"wp-block-heading\"><span class=\"ez-toc-section\" id=\"Proteina_e_suplemento_proteico_combate_a_perda_muscular\"><\/span>Prote\u00ednas y suplementos proteicos: combatiendo la p\u00e9rdida muscular<span class=\"ez-toc-section-end\"><\/span><\/h3>\n\n\n\n<p>Con el envejecimiento, es com\u00fan que ocurran <strong>disminuci\u00f3n de la masa muscular<\/strong>. EL <strong>prote\u00edna<\/strong> Es esencial evitar esta p\u00e9rdida y mantener la <strong>masa magra<\/strong>.<\/p>\n\n\n\n<figure class=\"wp-block-image aligncenter size-large\"><img decoding=\"async\" width=\"1024\" height=\"585\" src=\"https:\/\/corpoequilibrado.com.br\/wp-content\/uploads\/2025\/04\/unnamed-file-18-1024x585.jpg\" alt=\"Los mejores suplementos diet\u00e9ticos para personas mayores\" class=\"wp-image-3071\" style=\"aspect-ratio:16\/9;object-fit:cover\" srcset=\"https:\/\/corpoequilibrado.com.br\/wp-content\/uploads\/2025\/04\/unnamed-file-18-1024x585.jpg 1024w, https:\/\/corpoequilibrado.com.br\/wp-content\/uploads\/2025\/04\/unnamed-file-18-300x171.jpg 300w, https:\/\/corpoequilibrado.com.br\/wp-content\/uploads\/2025\/04\/unnamed-file-18-768x439.jpg 768w, https:\/\/corpoequilibrado.com.br\/wp-content\/uploads\/2025\/04\/unnamed-file-18.jpg 1103w\" sizes=\"(max-width: 1024px) 100vw, 1024px\" \/><\/figure>\n\n\n\n<p>El uso de <strong>suplemento proteico<\/strong>, como el <strong>prote\u00edna de suero<\/strong>, puede indicarse para aumentar la <strong>ingesti\u00f3n<\/strong> prote\u00ednas de forma pr\u00e1ctica, especialmente cuando hay dificultad para alcanzar los objetivos con una dieta tradicional.<\/p>\n\n\n\n<h3 class=\"wp-block-heading\"><span class=\"ez-toc-section\" id=\"Creatina_energia_e_forca_muscular_para_a_terceira_idade\"><\/span>Creatina: energ\u00eda y fuerza muscular para personas mayores<span class=\"ez-toc-section-end\"><\/span><\/h3>\n\n\n\n<p>EL <strong>creatina<\/strong> ha demostrado ser un <strong>suplemento<\/strong> eficaz y seguro para las personas mayores, especialmente para combatir <strong>p\u00e9rdida de masa muscular<\/strong> y en la mejora de la <strong>fuerza f\u00edsica<\/strong>. Los estudios demuestran que la suplementaci\u00f3n con creatina puede contribuir a <strong>mantenimiento de la masa magra<\/strong>, movilidad y funcionalidad muscular en <strong>tercera edad<\/strong>.<\/p>\n\n\n\n<p>Adem\u00e1s, la <strong>creatina<\/strong> Ayuda en la producci\u00f3n de energ\u00eda durante las actividades f\u00edsicas, lo que puede mejorar el rendimiento en ejercicios de resistencia y fuerza. Tambi\u00e9n puede tener beneficios cognitivos, ya que hay estudios que demuestran que tiene un efecto positivo en la funci\u00f3n cerebral.<\/p>\n\n\n\n<p>Para las personas mayores que practican actividades f\u00edsicas, la creatina puede ser un poderoso aliado, siempre que su uso est\u00e9 acompa\u00f1ado de una <strong>profesional de la salud<\/strong> para garantizar la dosis correcta y la seguridad.<\/p>\n\n\n\n<blockquote class=\"wp-block-quote is-layout-flow wp-block-quote-is-layout-flow\">\n<p><strong>\ud83d\udc49\u00bfQuieres saber sobre otros suplementos esenciales adem\u00e1s de los recomendados para personas mayores? Mira esto <a href=\"https:\/\/corpoequilibrado.com.br\/es\/suplementos-alimenticios\/\" data-type=\"post\" data-id=\"4025\">Gu\u00eda completa de vitaminas y suplementos diet\u00e9ticos<\/a> Para todas las etapas de la vida.<\/strong><\/p>\n<\/blockquote>\n\n\n\n<h3 class=\"wp-block-heading\"><span class=\"ez-toc-section\" id=\"Omega_3_coracao_cerebro_e_inflamacao\"><\/span>Omega 3: coraz\u00f3n, cerebro e inflamaci\u00f3n<span class=\"ez-toc-section-end\"><\/span><\/h3>\n\n\n\n<p>EL <strong>omega 3<\/strong> es un <strong>complemento alimenticio<\/strong> con varios beneficios. \u00c9l protege a la <strong>sistema cardiovascular<\/strong>, mejora la funci\u00f3n cerebral y tiene acci\u00f3n antiinflamatoria.<\/p>\n\n\n\n<p>Estudios demuestran su eficacia en la prevenci\u00f3n de enfermedades neurodegenerativas como <strong>Alzheimer<\/strong>, adem\u00e1s de contribuir a la <strong>metabolismo<\/strong> y reducir el riesgo de enfermedades cr\u00f3nicas.<\/p>\n\n\n\n<h3 class=\"wp-block-heading\"><span class=\"ez-toc-section\" id=\"Fibras_regulando_o_intestino_e_prevenindo_doencas\"><\/span>Fibra: regula el intestino y previene enfermedades<span class=\"ez-toc-section-end\"><\/span><\/h3>\n\n\n\n<p>EL <strong>fibra<\/strong> Es importante para la salud digestiva, especialmente para regular <a href=\"https:\/\/corpoequilibrado.com.br\/es\/como-aflojar-los-intestinos-en-minutos\/\" title=\"Aprenda m\u00e1s sobre el intestino\">intestino<\/a> y prevenir el estre\u00f1imiento. EL <strong>consumo de fibra diet\u00e9tica<\/strong> Tambi\u00e9n est\u00e1 relacionado con el control de <a href=\"https:\/\/corpoequilibrado.com.br\/es\/colesterol-hdl-que-y-como-aumentar\/\" title=\"Aprenda m\u00e1s sobre el colesterol\">colesterol<\/a> y glucosa en sangre.<\/p>\n\n\n\n<figure class=\"wp-block-image aligncenter size-large\"><img decoding=\"async\" width=\"1024\" height=\"585\" src=\"https:\/\/corpoequilibrado.com.br\/wp-content\/uploads\/2025\/04\/unnamed-file-19-1024x585.jpg\" alt=\"omega3 para personas mayores\" class=\"wp-image-3072\" style=\"aspect-ratio:16\/9;object-fit:cover\" srcset=\"https:\/\/corpoequilibrado.com.br\/wp-content\/uploads\/2025\/04\/unnamed-file-19-1024x585.jpg 1024w, https:\/\/corpoequilibrado.com.br\/wp-content\/uploads\/2025\/04\/unnamed-file-19-300x171.jpg 300w, https:\/\/corpoequilibrado.com.br\/wp-content\/uploads\/2025\/04\/unnamed-file-19-768x439.jpg 768w, https:\/\/corpoequilibrado.com.br\/wp-content\/uploads\/2025\/04\/unnamed-file-19.jpg 1103w\" sizes=\"(max-width: 1024px) 100vw, 1024px\" \/><\/figure>\n\n\n\n<p><strong>Suplementos diet\u00e9ticos para personas mayores<\/strong> Con fibra est\u00e1n indicados cuando la dieta es pobre en verduras, cereales y frutas. Adem\u00e1s de mejorar la funci\u00f3n intestinal, pueden <strong>fortalecer el sistema inmunol\u00f3gico<\/strong>.<\/p>\n\n\n\n<h3 class=\"wp-block-heading\"><span class=\"ez-toc-section\" id=\"Suplementos_que_ajudam_na_memoria_e_concentracao\"><\/span>Suplementos que ayudan con la memoria y la concentraci\u00f3n.<span class=\"ez-toc-section-end\"><\/span><\/h3>\n\n\n\n<p>En el <strong>tercera edad<\/strong>Mantener activa la funci\u00f3n cognitiva es esencial. Alguno <strong><a href=\"https:\/\/www.cnnbrasil.com.br\/saude\/longevidade-5-suplementos-que-podem-auxiliar-a-envelhecer-com-saude\/\" target=\"_blank\" rel=\"noreferrer noopener nofollow\">suplementos espec\u00edficos<\/a><\/strong> con <strong>vitaminas B<\/strong>, <strong>colina<\/strong> y <strong>antioxidantes<\/strong> puede ayudar en <strong>memoria<\/strong>, previniendo o retrasando el deterioro cognitivo.<\/p>\n\n\n\n<p>Una correcta suplementaci\u00f3n puede <strong>mejorar la salud<\/strong> cerebral, ayudando en <strong>concentraci\u00f3n<\/strong>, razonamiento y prevenci\u00f3n de enfermedades neurodegenerativas.<\/p>\n\n\n\n<h2 class=\"wp-block-heading\"><span class=\"ez-toc-section\" id=\"Qualquer_suplemento_deve_ser_indicado_por_profissional_de_saude\"><\/span>Cualquier suplemento debe ser prescrito por un profesional de la salud.<span class=\"ez-toc-section-end\"><\/span><\/h2>\n\n\n\n<p>Antes de empezar <strong>cualquier suplemento<\/strong>, lo ideal es buscar una <strong>profesional de la salud<\/strong> o <strong>nutricionista<\/strong>. Cada <strong>Los ancianos son \u00fanicos<\/strong>, con necesidades y condiciones espec\u00edficas.<\/p>\n\n\n\n<p>Evite la automedicaci\u00f3n y elija <strong>suplementos de calidad<\/strong>, con buen origen y seguridad. EL <strong>suplementaci\u00f3n alimentaria<\/strong> correcto puede prevenir <strong>deficiencias nutricionales<\/strong> y promover la longevidad con bienestar.<\/p>\n\n\n\n<h2 class=\"wp-block-heading\"><span class=\"ez-toc-section\" id=\"Conclusao_quais_os_melhores_suplementos_alimentares_para_idosos\"><\/span>Conclusi\u00f3n: \u00bfCu\u00e1les son los mejores suplementos diet\u00e9ticos para personas mayores?<span class=\"ez-toc-section-end\"><\/span><\/h2>\n\n\n\n<p>La suplementaci\u00f3n puede ser un poderoso aliado en <strong>salud en la vejez<\/strong>, especialmente cuando se asocia con una <strong>alimentaci\u00f3n equilibrada<\/strong>. T\u00fa <strong>principales tipos de suplementos<\/strong> incluir:<\/p>\n\n\n\n<figure class=\"wp-block-image aligncenter size-large\"><img loading=\"lazy\" decoding=\"async\" width=\"1024\" height=\"585\" src=\"https:\/\/corpoequilibrado.com.br\/wp-content\/uploads\/2025\/04\/unnamed-file-22-1024x585.jpg\" alt=\"elecci\u00f3n de suplementos para personas mayores\" class=\"wp-image-3075\" style=\"aspect-ratio:16\/9;object-fit:cover\" srcset=\"https:\/\/corpoequilibrado.com.br\/wp-content\/uploads\/2025\/04\/unnamed-file-22-1024x585.jpg 1024w, https:\/\/corpoequilibrado.com.br\/wp-content\/uploads\/2025\/04\/unnamed-file-22-300x171.jpg 300w, https:\/\/corpoequilibrado.com.br\/wp-content\/uploads\/2025\/04\/unnamed-file-22-768x439.jpg 768w, https:\/\/corpoequilibrado.com.br\/wp-content\/uploads\/2025\/04\/unnamed-file-22.jpg 1103w\" sizes=\"(max-width: 1024px) 100vw, 1024px\" \/><\/figure>\n\n\n\n<ul class=\"wp-block-list\">\n<li><strong>Vitamina D, calcio y magnesio<\/strong> para huesos fuertes;<\/li>\n\n\n\n<li><strong>Omega 3<\/strong> para el cerebro y el coraz\u00f3n;<\/li>\n\n\n\n<li><strong>Prote\u00edna<\/strong> y <strong>creatina<\/strong> Para el <strong>masa muscular<\/strong>;<\/li>\n\n\n\n<li><strong>Fibras<\/strong> para el intestino;<\/li>\n\n\n\n<li><strong>vitaminas B<\/strong> para la energ\u00eda y la cognici\u00f3n.<\/li>\n<\/ul>\n\n\n\n<p>Elige el <strong>El mejor suplemento diet\u00e9tico para personas mayores<\/strong> depende de la <strong>necesidades nutricionales<\/strong> individual. Con la orientaci\u00f3n adecuada, es posible <strong>mejorar la salud general<\/strong> y vivir con m\u00e1s calidad y vitalidad.<\/p>\n\n\n\n<p><strong>Resumen r\u00e1pido: Qu\u00e9 recordar:<\/strong><\/p>\n\n\n\n<ul class=\"wp-block-list\">\n<li>EL <strong>suplemento diet\u00e9tico para personas mayores<\/strong> ayuda a llenar los vac\u00edos nutricionales;<\/li>\n\n\n\n<li>EL <strong>vitamina D<\/strong> y el <strong>calcio<\/strong> son fundamentales para la <strong>salud \u00f3sea<\/strong>;<\/li>\n\n\n\n<li><strong>Omega 3<\/strong> y <strong>coenzima Q10<\/strong> beneficia el coraz\u00f3n y el cerebro;<\/li>\n\n\n\n<li><strong>prote\u00edna de suero<\/strong> y <strong>creatina<\/strong> ayuda a evitar <strong>p\u00e9rdida de masa muscular<\/strong>;<\/li>\n\n\n\n<li>Consulte siempre a un <strong>nutricionista<\/strong> Antes de empezar <strong>suplementaci\u00f3n<\/strong>.<\/li>\n<\/ul>\n\n\n\n<p><\/p>","protected":false},"excerpt":{"rendered":"<p>Complementos diet\u00e9ticos para personas mayores: descubre cu\u00e1les son los m\u00e1s recomendables y sus beneficios.<\/p>","protected":false},"author":1,"featured_media":3070,"comment_status":"closed","ping_status":"open","sticky":false,"template":"","format":"standard","meta":{"_uag_custom_page_level_css":"","site-sidebar-layout":"default","site-content-layout":"","ast-site-content-layout":"default","site-content-style":"default","site-sidebar-style":"default","ast-global-header-display":"","ast-banner-title-visibility":"","ast-main-header-display":"","ast-hfb-above-header-display":"","ast-hfb-below-header-display":"","ast-hfb-mobile-header-display":"","site-post-title":"","ast-breadcrumbs-content":"","ast-featured-img":"","footer-sml-layout":"","ast-disable-related-posts":"","theme-transparent-header-meta":"","adv-header-id-meta":"","stick-header-meta":"","header-above-stick-meta":"","header-main-stick-meta":"","header-below-stick-meta":"","astra-migrate-meta-layouts":"set","ast-page-background-enabled":"default","ast-page-background-meta":{"desktop":{"background-color":"","background-image":"","background-repeat":"repeat","background-position":"center center","background-size":"auto","background-attachment":"scroll","background-type":"","background-media":"","overlay-type":"","overlay-color":"","overlay-opacity":"","overlay-gradient":""},"tablet":{"background-color":"","background-image":"","background-repeat":"repeat","background-position":"center center","background-size":"auto","background-attachment":"scroll","background-type":"","background-media":"","overlay-type":"","overlay-color":"","overlay-opacity":"","overlay-gradient":""},"mobile":{"background-color":"","background-image":"","background-repeat":"repeat","background-position":"center center","background-size":"auto","background-attachment":"scroll","background-type":"","background-media":"","overlay-type":"","overlay-color":"","overlay-opacity":"","overlay-gradient":""}},"ast-content-background-meta":{"desktop":{"background-color":"var(--ast-global-color-5)","background-image":"","background-repeat":"repeat","background-position":"center center","background-size":"auto","background-attachment":"scroll","background-type":"","background-media":"","overlay-type":"","overlay-color":"","overlay-opacity":"","overlay-gradient":""},"tablet":{"background-color":"var(--ast-global-color-5)","background-image":"","background-repeat":"repeat","background-position":"center center","background-size":"auto","background-attachment":"scroll","background-type":"","background-media":"","overlay-type":"","overlay-color":"","overlay-opacity":"","overlay-gradient":""},"mobile":{"background-color":"var(--ast-global-color-5)","background-image":"","background-repeat":"repeat","background-position":"center center","background-size":"auto","background-attachment":"scroll","background-type":"","background-media":"","overlay-type":"","overlay-color":"","overlay-opacity":"","overlay-gradient":""}},"footnotes":""},"categories":[29],"tags":[127,128],"class_list":["post-3076","post","type-post","status-publish","format-standard","has-post-thumbnail","hentry","category-suplementos-e-vitaminas-categoria","tag-idosos","tag-saude-ossea"],"uagb_featured_image_src":{"full":["https:\/\/corpoequilibrado.com.br\/wp-content\/uploads\/2025\/04\/unnamed-file-17.jpg",1103,630,false],"thumbnail":["https:\/\/corpoequilibrado.com.br\/wp-content\/uploads\/2025\/04\/unnamed-file-17-150x150.jpg",150,150,true],"medium":["https:\/\/corpoequilibrado.com.br\/wp-content\/uploads\/2025\/04\/unnamed-file-17-300x171.jpg",300,171,true],"medium_large":["https:\/\/corpoequilibrado.com.br\/wp-content\/uploads\/2025\/04\/unnamed-file-17-768x439.jpg",768,439,true],"large":["https:\/\/corpoequilibrado.com.br\/wp-content\/uploads\/2025\/04\/unnamed-file-17-1024x585.jpg",1024,585,true],"1536x1536":["https:\/\/corpoequilibrado.com.br\/wp-content\/uploads\/2025\/04\/unnamed-file-17.jpg",1103,630,false],"2048x2048":["https:\/\/corpoequilibrado.com.br\/wp-content\/uploads\/2025\/04\/unnamed-file-17.jpg",1103,630,false],"trp-custom-language-flag":["https:\/\/corpoequilibrado.com.br\/wp-content\/uploads\/2025\/04\/unnamed-file-17.jpg",18,10,false]},"uagb_author_info":{"display_name":"Equipe Corpo Equilibrado","author_link":"https:\/\/corpoequilibrado.com.br\/es\/author\/rcastello20gmail-com\/"},"uagb_comment_info":0,"uagb_excerpt":"Suplementos alimentares para idosos: descubra quais s\u00e3o os mais indicados e seus benef\u00edcios.","_links":{"self":[{"href":"https:\/\/corpoequilibrado.com.br\/es\/wp-json\/wp\/v2\/posts\/3076","targetHints":{"allow":["GET"]}}],"collection":[{"href":"https:\/\/corpoequilibrado.com.br\/es\/wp-json\/wp\/v2\/posts"}],"about":[{"href":"https:\/\/corpoequilibrado.com.br\/es\/wp-json\/wp\/v2\/types\/post"}],"author":[{"embeddable":true,"href":"https:\/\/corpoequilibrado.com.br\/es\/wp-json\/wp\/v2\/users\/1"}],"replies":[{"embeddable":true,"href":"https:\/\/corpoequilibrado.com.br\/es\/wp-json\/wp\/v2\/comments?post=3076"}],"version-history":[{"count":0,"href":"https:\/\/corpoequilibrado.com.br\/es\/wp-json\/wp\/v2\/posts\/3076\/revisions"}],"wp:featuredmedia":[{"embeddable":true,"href":"https:\/\/corpoequilibrado.com.br\/es\/wp-json\/wp\/v2\/media\/3070"}],"wp:attachment":[{"href":"https:\/\/corpoequilibrado.com.br\/es\/wp-json\/wp\/v2\/media?parent=3076"}],"wp:term":[{"taxonomy":"category","embeddable":true,"href":"https:\/\/corpoequilibrado.com.br\/es\/wp-json\/wp\/v2\/categories?post=3076"},{"taxonomy":"post_tag","embeddable":true,"href":"https:\/\/corpoequilibrado.com.br\/es\/wp-json\/wp\/v2\/tags?post=3076"}],"curies":[{"name":"wp","href":"https:\/\/api.w.org\/{rel}","templated":true}]}}