{"id":3330,"date":"2025-04-05T17:52:04","date_gmt":"2025-04-05T20:52:04","guid":{"rendered":"https:\/\/corpoequilibrado.com.br\/?p=3330"},"modified":"2025-04-19T10:52:54","modified_gmt":"2025-04-19T13:52:54","slug":"sintomas-de-insomnio","status":"publish","type":"post","link":"https:\/\/corpoequilibrado.com.br\/es\/sintomas-de-insomnio\/","title":{"rendered":"S\u00edntomas del insomnio: comprenda los signos, las causas y c\u00f3mo aliviar el problema"},"content":{"rendered":"<p>\u00bfTiene problemas para dormir o se despierta varias veces durante la noche sin poder volver a dormir? El insomnio es un trastorno del sue\u00f1o que afecta a millones de personas y puede causar graves da\u00f1os. <strong>calidad del sue\u00f1o<\/strong> y la salud en general. Para entender <strong>\u00bfCu\u00e1les son los s\u00edntomas?<\/strong>, <strong>\u00bfCu\u00e1les son las causas?<\/strong> y <strong>C\u00f3mo tratar el insomnio<\/strong> Es fundamental recuperar un buen descanso nocturno y tener m\u00e1s energ\u00eda en el d\u00eda a d\u00eda.<\/p><div id=\"ez-toc-container\" class=\"ez-toc-v2_0_82_2 counter-hierarchy ez-toc-counter ez-toc-grey ez-toc-container-direction\">\n<div class=\"ez-toc-title-container\">\n<p class=\"ez-toc-title\" style=\"cursor:inherit\">Resumen<\/p>\n<span class=\"ez-toc-title-toggle\"><\/span><\/div>\n<nav><ul class='ez-toc-list ez-toc-list-level-1' ><ul class='ez-toc-list-level-3' ><li class='ez-toc-heading-level-3'><a class=\"ez-toc-link ez-toc-heading-1\" href=\"https:\/\/corpoequilibrado.com.br\/es\/sintomas-de-insomnio\/#Video_explicativo_sobre_a_insonia_suas_diferentes_causas_e_possiveis_tratamentos\" >V\u00eddeo explicativo sobre el insomnio, sus diferentes causas y posibles tratamientos:<\/a><\/li><\/ul><\/li><li class='ez-toc-page-1 ez-toc-heading-level-2'><a class=\"ez-toc-link ez-toc-heading-2\" href=\"https:\/\/corpoequilibrado.com.br\/es\/sintomas-de-insomnio\/#O_que_e_insonia_e_por_que_ela_afeta_tanta_gente\" >\u00bfQu\u00e9 es el insomnio y por qu\u00e9 afecta a tantas personas?<\/a><\/li><li class='ez-toc-page-1 ez-toc-heading-level-2'><a class=\"ez-toc-link ez-toc-heading-3\" href=\"https:\/\/corpoequilibrado.com.br\/es\/sintomas-de-insomnio\/#Principais_sintomas_da_insonia_que_voce_deve_observar\" >Principales s\u00edntomas del insomnio a los que debes prestar atenci\u00f3n<\/a><\/li><li class='ez-toc-page-1 ez-toc-heading-level-2'><a class=\"ez-toc-link ez-toc-heading-4\" href=\"https:\/\/corpoequilibrado.com.br\/es\/sintomas-de-insomnio\/#Causas_da_Insonia_o_que_pode_desencadear_esse_disturbio_do_sono\" >Causas del insomnio: \u00bfQu\u00e9 puede desencadenar este trastorno del sue\u00f1o?<\/a><\/li><li class='ez-toc-page-1 ez-toc-heading-level-2'><a class=\"ez-toc-link ez-toc-heading-5\" href=\"https:\/\/corpoequilibrado.com.br\/es\/sintomas-de-insomnio\/#Insonia_por_ansiedade_entenda_essa_relacao_comum\" >Insomnio por ansiedad: comprenda esta relaci\u00f3n com\u00fan<\/a><\/li><li class='ez-toc-page-1 ez-toc-heading-level-2'><a class=\"ez-toc-link ez-toc-heading-6\" href=\"https:\/\/corpoequilibrado.com.br\/es\/sintomas-de-insomnio\/#Insonia_na_gravidez_como_lidar_com_as_noites_mal_dormidas\" >Insomnio durante el embarazo: c\u00f3mo afrontar las noches de insomnio<\/a><\/li><li class='ez-toc-page-1 ez-toc-heading-level-2'><a class=\"ez-toc-link ez-toc-heading-7\" href=\"https:\/\/corpoequilibrado.com.br\/es\/sintomas-de-insomnio\/#Insonia_na_menopausa_alteracoes_hormonais_e_o_impacto_no_sono\" >Insomnio en la menopausia: cambios hormonales y su impacto en el sue\u00f1o<\/a><\/li><li class='ez-toc-page-1 ez-toc-heading-level-2'><a class=\"ez-toc-link ez-toc-heading-8\" href=\"https:\/\/corpoequilibrado.com.br\/es\/sintomas-de-insomnio\/#Insonia_CID_classificacao_medica_e_como_e_feito_o_diagnostico\" >Insomnio CIE: clasificaci\u00f3n m\u00e9dica y c\u00f3mo se realiza el diagn\u00f3stico<\/a><\/li><li class='ez-toc-page-1 ez-toc-heading-level-2'><a class=\"ez-toc-link ez-toc-heading-9\" href=\"https:\/\/corpoequilibrado.com.br\/es\/sintomas-de-insomnio\/#Insonia_o_que_fazer_estrategias_naturais_e_eficazes_para_melhorar_o_sono\" >Insomnio qu\u00e9 hacer: estrategias naturales y efectivas para mejorar el sue\u00f1o<\/a><\/li><li class='ez-toc-page-1 ez-toc-heading-level-2'><a class=\"ez-toc-link ez-toc-heading-10\" href=\"https:\/\/corpoequilibrado.com.br\/es\/sintomas-de-insomnio\/#Quando_procurar_ajuda_profissional_para_tratar_a_insonia\" >Cu\u00e1ndo buscar ayuda profesional para el insomnio<\/a><\/li><li class='ez-toc-page-1 ez-toc-heading-level-2'><a class=\"ez-toc-link ez-toc-heading-11\" href=\"https:\/\/corpoequilibrado.com.br\/es\/sintomas-de-insomnio\/#Resumo_o_que_voce_precisa_lembrar_sobre_a_insonia\" >Resumen: Lo que debes recordar sobre el insomnio<\/a><\/li><\/ul><\/nav><\/div>\n\n\n\n\n<p>En este art\u00edculo completo, descubrir\u00e1s:<\/p>\n\n\n\n<ul class=\"wp-block-list\">\n<li>T\u00fa <strong>s\u00edntomas principales<\/strong> del insomnio;<\/li>\n\n\n\n<li>Hacia <strong>causas del insomnio<\/strong> y sus desencadenantes;<\/li>\n\n\n\n<li>\u00bfC\u00f3mo se hace? <strong>diagn\u00f3stico de insomnio<\/strong>;<\/li>\n\n\n\n<li>Estrategias naturales y m\u00e9dicas para <strong>tratar el insomnio<\/strong>;<\/li>\n\n\n\n<li>Consejos pr\u00e1cticos para <strong>dormir mejor<\/strong> y prevenir <strong>episodios de insomnio<\/strong>.<\/li>\n<\/ul>\n\n\n\n<p>Contin\u00fae leyendo para entender por qu\u00e9. <strong>El insomnio no es s\u00f3lo un inconveniente<\/strong> y qu\u00e9 puedes hacer para <strong>mejora la calidad de tu sue\u00f1o<\/strong> con cambios simples \u2014y efectivos\u2014.<\/p>\n\n\n\n<h3 class=\"wp-block-heading\"><span class=\"ez-toc-section\" id=\"Video_explicativo_sobre_a_insonia_suas_diferentes_causas_e_possiveis_tratamentos\"><\/span>V\u00eddeo explicativo sobre el insomnio, sus diferentes causas y posibles tratamientos:<span class=\"ez-toc-section-end\"><\/span><\/h3>\n\n\n\n<figure class=\"wp-block-embed is-type-video is-provider-youtube wp-block-embed-youtube wp-embed-aspect-16-9 wp-has-aspect-ratio\"><div class=\"wp-block-embed__wrapper\">\n<iframe title=\"\u00bfNo puedes dormir? Comprenda los s\u00edntomas del insomnio y c\u00f3mo afrontarlo\" width=\"500\" height=\"281\" src=\"https:\/\/www.youtube.com\/embed\/Fr_qQ8hyuoM?feature=oembed\" frameborder=\"0\" allow=\"accelerometer; autoplay; clipboard-write; encrypted-media; gyroscope; picture-in-picture; web-share\" referrerpolicy=\"strict-origin-when-cross-origin\" allowfullscreen><\/iframe>\n<\/div><\/figure>\n\n\n\n<h2 class=\"wp-block-heading\"><span class=\"ez-toc-section\" id=\"O_que_e_insonia_e_por_que_ela_afeta_tanta_gente\"><\/span><strong>\u00bfQu\u00e9 es el insomnio y por qu\u00e9 afecta a tantas personas?<\/strong><span class=\"ez-toc-section-end\"><\/span><\/h2>\n\n\n\n<p>EL <strong>El insomnio se define como cualquier dificultad para iniciar o mantener el sue\u00f1o.<\/strong>, o despertarse muy temprano y no poder volver a dormir. Puede ser ocasional o evolucionar hacia un caso de <strong><a href=\"https:\/\/www.neurologica.com.br\/blog\/o-que-e-a-insonia-cronica-sintomas-e-tratamento\/\" target=\"_blank\" rel=\"noreferrer noopener nofollow\">insomnio cr\u00f3nico<\/a><\/strong>, interfiriendo significativamente con el bienestar f\u00edsico, emocional y mental.<\/p>\n\n\n\n<p>El insomnio es <strong>un trastorno del sue\u00f1o<\/strong> que, seg\u00fan la Clasificaci\u00f3n Internacional de Enfermedades, puede <strong>ser clasificado<\/strong> en:<\/p>\n\n\n\n<ul class=\"wp-block-list\">\n<li><strong>insomnio agudo<\/strong> (corto plazo): relacionado con eventos estresantes o cambios en la rutina;<\/li>\n\n\n\n<li><strong>insomnio cr\u00f3nico<\/strong>:cuando los s\u00edntomas persisten durante <strong>m\u00e1s de tres meses<\/strong> y ocurren al menos tres veces a la semana;<\/li>\n\n\n\n<li><strong>Insomnio primario<\/strong>:cuando no existe ninguna condici\u00f3n m\u00e9dica o psicol\u00f3gica asociada.<\/li>\n<\/ul>\n\n\n\n<p>EL <strong>incidencia del insomnio<\/strong> es alto: muchos adultos informan <strong>insomnio intermitente<\/strong> en alg\u00fan momento de la vida. Ella <strong>Puede ser parte de los s\u00edntomas.<\/strong> de otros trastornos y debe investigarse cuidadosamente.<\/p>\n\n\n\n<h2 class=\"wp-block-heading\"><span class=\"ez-toc-section\" id=\"Principais_sintomas_da_insonia_que_voce_deve_observar\"><\/span><strong>Principales s\u00edntomas del insomnio a los que debes prestar atenci\u00f3n<\/strong><span class=\"ez-toc-section-end\"><\/span><\/h2>\n\n\n\n<p>Identificar el <strong>s\u00edntomas de insomnio<\/strong> es el primer paso para combatir el problema. Los signos var\u00edan, pero los m\u00e1s comunes incluyen:<\/p>\n\n\n\n<figure class=\"wp-block-image aligncenter size-full\"><img fetchpriority=\"high\" decoding=\"async\" width=\"940\" height=\"627\" src=\"https:\/\/corpoequilibrado.com.br\/wp-content\/uploads\/2025\/04\/pexels-photo-6951522-6951522.jpg\" alt=\"s\u00edntomas de insomnio\" class=\"wp-image-3333\" style=\"aspect-ratio:16\/9;object-fit:cover\" srcset=\"https:\/\/corpoequilibrado.com.br\/wp-content\/uploads\/2025\/04\/pexels-photo-6951522-6951522.jpg 940w, https:\/\/corpoequilibrado.com.br\/wp-content\/uploads\/2025\/04\/pexels-photo-6951522-6951522-300x200.jpg 300w, https:\/\/corpoequilibrado.com.br\/wp-content\/uploads\/2025\/04\/pexels-photo-6951522-6951522-768x512.jpg 768w\" sizes=\"(max-width: 940px) 100vw, 940px\" \/><\/figure>\n\n\n\n<ul class=\"wp-block-list\">\n<li><strong>Dificultad para dormir<\/strong> al acostarse, incluso cuando est\u00e1 cansado;<\/li>\n\n\n\n<li><strong>Despertarse frecuentemente durante la noche<\/strong>, incapaz de mantener el sue\u00f1o;<\/li>\n\n\n\n<li><strong>Despierta muy temprano<\/strong>, sin poder <strong>vuelve a dormir<\/strong>;<\/li>\n\n\n\n<li><strong>Sentirse cansado al despertar<\/strong>, incluso despu\u00e9s de un largo <strong>dormir por la noche<\/strong>.<\/li>\n<\/ul>\n\n\n\n<p>Otros <strong>s\u00edntomas diurnos<\/strong> Tambi\u00e9n indican insomnio:<\/p>\n\n\n\n<ul class=\"wp-block-list\">\n<li>Irritabilidad y cambios de humor;<\/li>\n\n\n\n<li>Dificultad para concentrarse y fallos de memoria;<\/li>\n\n\n\n<li>Somnolencia durante todo el d\u00eda y bajo rendimiento en el trabajo o el estudio.<\/li>\n<\/ul>\n\n\n\n<p>Si estos <strong>s\u00edntomas presentados<\/strong> persiste, el ideal es <strong>investigar las posibles causas<\/strong> y considere una <strong>tratamiento del insomnio<\/strong>.<\/p>\n\n\n\n<h2 class=\"wp-block-heading\"><span class=\"ez-toc-section\" id=\"Causas_da_Insonia_o_que_pode_desencadear_esse_disturbio_do_sono\"><\/span><strong>Causas del insomnio: \u00bfQu\u00e9 puede desencadenar este trastorno del sue\u00f1o?<\/strong><span class=\"ez-toc-section-end\"><\/span><\/h2>\n\n\n\n<p>Hacia <strong>causas del insomnio<\/strong> Puede variar de persona a persona, pero algunos factores son comunes:<\/p>\n\n\n\n<ul class=\"wp-block-list\">\n<li><strong><a href=\"https:\/\/corpoequilibrado.com.br\/es\/sintomas-de-cortisol-alto\/\" title=\"Aprenda m\u00e1s sobre el estr\u00e9s\">Estr\u00e9s<\/a> emocional<\/strong> y problemas en el trabajo, la familia o las finanzas;<\/li>\n\n\n\n<li><strong><a href=\"https:\/\/corpoequilibrado.com.br\/es\/como-controlar-la-ansiedad\/\" title=\"Aprenda m\u00e1s sobre la ansiedad\">Ansiedad<\/a> y depresi\u00f3n<\/strong> \u2014 que tambi\u00e9n son <strong>trastornos del sue\u00f1o<\/strong> asociado;<\/li>\n\n\n\n<li>Consumo de <strong>cafe\u00edna<\/strong>, alcohol o nicotina, especialmente <strong>cerca de la hora de dormir<\/strong>;<\/li>\n\n\n\n<li><strong>Horas de sue\u00f1o irregulares<\/strong> y despierta, que <strong>dificulta el sue\u00f1o<\/strong> y desregula la <strong>ciclo del sue\u00f1o<\/strong>.<\/li>\n<\/ul>\n\n\n\n<p>Adem\u00e1s, factores como:<\/p>\n\n\n\n<ul class=\"wp-block-list\">\n<li><strong>Ambiente de sue\u00f1o inadecuado<\/strong> (demasiado ruido, luz o calor);<\/li>\n\n\n\n<li>Uso de pantallas <strong>antes de acostarse<\/strong>, que inhibe la producci\u00f3n de <a href=\"https:\/\/corpoequilibrado.com.br\/es\/melatonina-para-que-sirve\/\" title=\"Aprenda m\u00e1s sobre la melatonina\">melatonina<\/a>;<\/li>\n\n\n\n<li>Condiciones m\u00e9dicas como: <strong>apnea del sue\u00f1o<\/strong> o <strong>s\u00edndrome de piernas inquietas<\/strong>.<\/li>\n<\/ul>\n\n\n\n<p>Estos <strong>posibles causas<\/strong> deben analizarse en conjunto para orientar el mejor plan de acci\u00f3n.<\/p>\n\n\n\n<h2 class=\"wp-block-heading\"><span class=\"ez-toc-section\" id=\"Insonia_por_ansiedade_entenda_essa_relacao_comum\"><\/span><strong>Insomnio por ansiedad: comprenda esta relaci\u00f3n com\u00fan<\/strong><span class=\"ez-toc-section-end\"><\/span><\/h2>\n\n\n\n<p>EL <strong>El insomnio puede tener<\/strong> Tiene su origen en la ansiedad, siendo \u00e9ste uno de los desencadenantes m\u00e1s frecuentes. Una mente acelerada, pensamientos incesantes y una sensaci\u00f3n de alerta impiden que el cuerpo se relaje. <strong>antes de acostarse<\/strong>.<\/p>\n\n\n\n<p>La relaci\u00f3n entre la ansiedad y el insomnio forma una <strong>c\u00edrculo vicioso<\/strong>:<\/p>\n\n\n\n<ul class=\"wp-block-list\">\n<li>Ansiedad <strong>dificulta el sue\u00f1o<\/strong> y conduce a noches de insomnio;<\/li>\n\n\n\n<li>La falta de sue\u00f1o aumenta la ansiedad al d\u00eda siguiente;<\/li>\n\n\n\n<li>Y todo esto se repite, comprometiendo a\u00fan m\u00e1s la salud.<\/li>\n<\/ul>\n\n\n\n<p><strong>T\u00e9cnicas de relajaci\u00f3n<\/strong> C\u00f3mo la meditaci\u00f3n, la respiraci\u00f3n profunda o la atenci\u00f3n plena pueden ayudar a reducir este estado de alerta <strong>cerca de la hora de dormir<\/strong> y <strong>mejorar la calidad del sue\u00f1o<\/strong>.<\/p>\n\n\n\n<blockquote class=\"wp-block-quote is-layout-flow wp-block-quote-is-layout-flow\">\n<p><strong>\ud83d\udc49Si quieres entender c\u00f3mo afecta el insomnio a tu mente y c\u00f3mo cuidar tu salud emocional de forma completa, consulta este <a href=\"https:\/\/corpoequilibrado.com.br\/es\/bienestar-y-salud-mental\/\" data-type=\"post\" data-id=\"3976\">Gu\u00eda sobre bienestar y salud mental.<\/a><\/strong><\/p>\n<\/blockquote>\n\n\n\n<h2 class=\"wp-block-heading\"><span class=\"ez-toc-section\" id=\"Insonia_na_gravidez_como_lidar_com_as_noites_mal_dormidas\"><\/span><strong>Insomnio durante el embarazo: c\u00f3mo afrontar las noches de insomnio<\/strong><span class=\"ez-toc-section-end\"><\/span><\/h2>\n\n\n\n<p>Durante el embarazo, es com\u00fan que el sue\u00f1o se vea afectado por varios motivos:<\/p>\n\n\n\n<figure class=\"wp-block-image aligncenter size-full\"><img decoding=\"async\" width=\"940\" height=\"628\" src=\"https:\/\/corpoequilibrado.com.br\/wp-content\/uploads\/2025\/04\/pexels-photo-1556672-1556672.jpg\" alt=\"embarazada con insomnio\" class=\"wp-image-3334\" style=\"aspect-ratio:16\/9;object-fit:cover\" srcset=\"https:\/\/corpoequilibrado.com.br\/wp-content\/uploads\/2025\/04\/pexels-photo-1556672-1556672.jpg 940w, https:\/\/corpoequilibrado.com.br\/wp-content\/uploads\/2025\/04\/pexels-photo-1556672-1556672-300x200.jpg 300w, https:\/\/corpoequilibrado.com.br\/wp-content\/uploads\/2025\/04\/pexels-photo-1556672-1556672-768x513.jpg 768w\" sizes=\"(max-width: 940px) 100vw, 940px\" \/><\/figure>\n\n\n\n<ul class=\"wp-block-list\">\n<li><strong>Cambios hormonales<\/strong> intenso;<\/li>\n\n\n\n<li><strong>Molestias f\u00edsicas<\/strong> (como volumen abdominal y dolor de espalda);<\/li>\n\n\n\n<li><strong>Necesidad de ir al ba\u00f1o con frecuencia.<\/strong>, rompiendo el ritmo del sue\u00f1o.<\/li>\n<\/ul>\n\n\n\n<p>Adem\u00e1s, la <strong>ansiedad<\/strong> relacionado con la llegada del beb\u00e9 y las nuevas responsabilidades puede ser intenso. EL <strong>insomnio durante el embarazo<\/strong> Es un desaf\u00edo, pero se puede aliviar con:<\/p>\n\n\n\n<ul class=\"wp-block-list\">\n<li><strong>Higiene del sue\u00f1o<\/strong>:mantener una habitaci\u00f3n oscura, fresca y silenciosa;<\/li>\n\n\n\n<li><strong>Rutina relajante<\/strong> antes de acostarse;<\/li>\n\n\n\n<li>Evitar <strong>cafe\u00edna<\/strong> y comidas pesadas por la noche;<\/li>\n\n\n\n<li>Actividades ligeras, como caminar y estirarse.<\/li>\n<\/ul>\n\n\n\n<p>EL <strong>el embarazo es<\/strong> Un momento delicado, y cualquier <strong>trastorno<\/strong> Debe estar acompa\u00f1ado por un profesional.<\/p>\n\n\n\n<h2 class=\"wp-block-heading\"><span class=\"ez-toc-section\" id=\"Insonia_na_menopausa_alteracoes_hormonais_e_o_impacto_no_sono\"><\/span><strong>Insomnio en la menopausia: cambios hormonales y su impacto en el sue\u00f1o<\/strong><span class=\"ez-toc-section-end\"><\/span><\/h2>\n\n\n\n<p>EL <strong><a href=\"https:\/\/corpoequilibrado.com.br\/es\/menopausia-cuales-son-los-sintomas\/\" title=\"Aprenda m\u00e1s sobre la menopausia\">menopausia<\/a><\/strong> trae consigo cambios fisiol\u00f3gicos importantes, principalmente debidos a la ca\u00edda de los niveles de estr\u00f3genos. Esto puede causar:<\/p>\n\n\n\n<ul class=\"wp-block-list\">\n<li><strong>Sofocos y sudores nocturnos<\/strong>;<\/li>\n\n\n\n<li><strong>Ansiedad y cambios de humor<\/strong>;<\/li>\n\n\n\n<li><strong>Dificultad para conciliar el sue\u00f1o o permanecer dormido<\/strong>.<\/li>\n<\/ul>\n\n\n\n<p>Esta condici\u00f3n aumenta el riesgo de <strong>insomnio cr\u00f3nico<\/strong>. Para solucionar la situaci\u00f3n:<\/p>\n\n\n\n<ul class=\"wp-block-list\">\n<li>Mantener el ambiente fresco (ventiladores y ropa ligera);<\/li>\n\n\n\n<li>Mantener horarios regulares para acostarse y despertarse;<\/li>\n\n\n\n<li>Apuesta por <strong>t\u00e9cnicas de relajaci\u00f3n<\/strong> y <strong>terapia cognitivo-conductual<\/strong>.<\/li>\n<\/ul>\n\n\n\n<p>Cuando sea necesario, el profesional puede recomendar <strong>formas de tratamiento<\/strong> M\u00e1s espec\u00edfico.<\/p>\n\n\n\n<h2 class=\"wp-block-heading\"><span class=\"ez-toc-section\" id=\"Insonia_CID_classificacao_medica_e_como_e_feito_o_diagnostico\"><\/span><strong>Insomnio CIE: clasificaci\u00f3n m\u00e9dica y c\u00f3mo se realiza el diagn\u00f3stico<\/strong><span class=\"ez-toc-section-end\"><\/span><\/h2>\n\n\n\n<p>El insomnio es <strong>clasificado<\/strong> Para el <strong>CIE-10 bajo el c\u00f3digo F51.0<\/strong>, que corresponde a trastornos del sue\u00f1o no org\u00e1nicos.<\/p>\n\n\n\n<p>EL <strong>El diagn\u00f3stico de insomnio se realiza por quejas<\/strong> reportado por el paciente, asociado a:<\/p>\n\n\n\n<ul class=\"wp-block-list\">\n<li><strong>Evaluaci\u00f3n de s\u00edntomas<\/strong> nocturno y diurno;<\/li>\n\n\n\n<li>Inscripci\u00f3n en <strong>diario de sue\u00f1o<\/strong>;<\/li>\n\n\n\n<li>Aplicaci\u00f3n de cuestionarios cl\u00ednicos y escalas de evaluaci\u00f3n;<\/li>\n\n\n\n<li>En algunos casos, <strong>ex\u00e1menes de polisomnograf\u00eda<\/strong> se indican.<\/li>\n<\/ul>\n\n\n\n<p>EL <strong>El diagn\u00f3stico del insomnio debe ser individualizado<\/strong>, considerando factores emocionales, conductuales y fisiol\u00f3gicos.<\/p>\n\n\n\n<h2 class=\"wp-block-heading\"><span class=\"ez-toc-section\" id=\"Insonia_o_que_fazer_estrategias_naturais_e_eficazes_para_melhorar_o_sono\"><\/span><strong>Insomnio qu\u00e9 hacer: estrategias naturales y efectivas para mejorar el sue\u00f1o<\/strong><span class=\"ez-toc-section-end\"><\/span><\/h2>\n\n\n\n<p>Antes de buscar medicaci\u00f3n, vale la pena adoptar cambios en el estilo de vida que puedan <strong>combatir el insomnio<\/strong> y mejorar la <strong>calidad del sue\u00f1o<\/strong>:<\/p>\n\n\n\n<figure class=\"wp-block-image aligncenter size-full\"><img decoding=\"async\" width=\"940\" height=\"627\" src=\"https:\/\/corpoequilibrado.com.br\/wp-content\/uploads\/2025\/04\/pexels-photo-3771069-3771069.jpg\" alt=\"hombre dormido\" class=\"wp-image-3335\" style=\"aspect-ratio:16\/9;object-fit:cover\" srcset=\"https:\/\/corpoequilibrado.com.br\/wp-content\/uploads\/2025\/04\/pexels-photo-3771069-3771069.jpg 940w, https:\/\/corpoequilibrado.com.br\/wp-content\/uploads\/2025\/04\/pexels-photo-3771069-3771069-300x200.jpg 300w, https:\/\/corpoequilibrado.com.br\/wp-content\/uploads\/2025\/04\/pexels-photo-3771069-3771069-768x512.jpg 768w\" sizes=\"(max-width: 940px) 100vw, 940px\" \/><\/figure>\n\n\n\n<ul class=\"wp-block-list\">\n<li><strong>Higiene del sue\u00f1o<\/strong>:mantener una rutina regular para acostarse y despertarse;<\/li>\n\n\n\n<li>Evitar <strong>cafe\u00edna<\/strong> y estimulantes <strong>cerca de la hora de dormir<\/strong>;<\/li>\n\n\n\n<li><strong>Desconectarse de las pantallas<\/strong> al menos 1 hora antes de acostarse;<\/li>\n\n\n\n<li>Usar <strong>poca luz<\/strong> y entornos pac\u00edficos;<\/li>\n\n\n\n<li>Adopte pr\u00e1cticas como la meditaci\u00f3n y la respiraci\u00f3n consciente.<\/li>\n<\/ul>\n\n\n\n<p>Tambi\u00e9n incluye:<\/p>\n\n\n\n<ul class=\"wp-block-list\">\n<li><strong>T\u00e9s calmantes<\/strong>, como la manzanilla y la melisa;<\/li>\n\n\n\n<li><strong>Ba\u00f1os calientes<\/strong> y aceites esenciales;<\/li>\n\n\n\n<li><strong>Ejercicio f\u00edsico moderado<\/strong>lejos de la <strong>hora de acostarse<\/strong>.<\/li>\n<\/ul>\n\n\n\n<p>Estas simples acciones tienen un efecto positivo en la <strong>dormir es<\/strong> Esencial para el cuerpo y la mente.<\/p>\n\n\n\n<h2 class=\"wp-block-heading\"><span class=\"ez-toc-section\" id=\"Quando_procurar_ajuda_profissional_para_tratar_a_insonia\"><\/span><strong>Cu\u00e1ndo buscar ayuda profesional para el insomnio<\/strong><span class=\"ez-toc-section-end\"><\/span><\/h2>\n\n\n\n<p>EL <strong>insomnio por lo general<\/strong> merece atenci\u00f3n m\u00e9dica cuando:<\/p>\n\n\n\n<ul class=\"wp-block-list\">\n<li>Persiste durante m\u00e1s de tres meses;<\/li>\n\n\n\n<li>Causa <strong>s\u00edntomas diurnos<\/strong> grave;<\/li>\n\n\n\n<li>Afecta la productividad, las relaciones y la salud mental.<\/li>\n<\/ul>\n\n\n\n<p>En estos casos, la <strong>El tratamiento del insomnio debe realizarse<\/strong> por expertos, que pueden recomendar:<\/p>\n\n\n\n<ul class=\"wp-block-list\">\n<li><strong>Terapia cognitivo-conductual para el insomnio (TCC-I)<\/strong>;<\/li>\n\n\n\n<li><strong>Tratamiento de otras enfermedades concomitantes<\/strong>;<\/li>\n\n\n\n<li>Medicamentos espec\u00edficos (s\u00f3lo como \u00faltimo recurso y con receta m\u00e9dica).<\/li>\n<\/ul>\n\n\n\n<p>Recuerda: insomnio <strong>puede ser tratado<\/strong>, y <strong>opciones de tratamiento<\/strong> Existen m\u00e9todos eficaces.<\/p>\n\n\n\n<h2 class=\"wp-block-heading\"><span class=\"ez-toc-section\" id=\"Resumo_o_que_voce_precisa_lembrar_sobre_a_insonia\"><\/span><strong>Resumen: Lo que debes recordar sobre el insomnio<\/strong><span class=\"ez-toc-section-end\"><\/span><\/h2>\n\n\n\n<ul class=\"wp-block-list\">\n<li><strong>El insomnio es un trastorno<\/strong> que afecta el sue\u00f1o y la calidad de vida;<\/li>\n\n\n\n<li>\u00bfPodr\u00eda ser? <strong>agudo<\/strong> o <strong>cr\u00f3nica<\/strong>, y a menudo est\u00e1 vinculado a <strong>ansiedad, estr\u00e9s o malos h\u00e1bitos<\/strong>;<\/li>\n\n\n\n<li>T\u00fa <strong>s\u00edntomas principales<\/strong> incluyen dificultad para dormir, despertarse varias veces y cansancio durante el d\u00eda;<\/li>\n\n\n\n<li>Pr\u00e1cticas de <strong>higiene del sue\u00f1o<\/strong> ayudar mucho a <strong>dormir mejor<\/strong>;<\/li>\n\n\n\n<li>En casos persistentes, <strong>Se realiza el diagn\u00f3stico de insomnio<\/strong> con apoyo m\u00e9dico especializado;<\/li>\n\n\n\n<li>EL <strong>tratamiento del insomnio<\/strong> puede incluir cambios en el estilo de vida, terapias y medicamentos;<\/li>\n\n\n\n<li><strong>El insomnio no es<\/strong> algo que debes ignorar: cuidar tu sue\u00f1o es cuidar tu salud.<\/li>\n<\/ul>\n\n\n\n<p><\/p>","protected":false},"excerpt":{"rendered":"<p>Los s\u00edntomas del insomnio podr\u00edan estar afectando tu vida. Descubra se\u00f1ales y acciones para mejorar el sue\u00f1o.<\/p>","protected":false},"author":1,"featured_media":3325,"comment_status":"closed","ping_status":"open","sticky":false,"template":"","format":"standard","meta":{"_uag_custom_page_level_css":"","site-sidebar-layout":"default","site-content-layout":"","ast-site-content-layout":"default","site-content-style":"default","site-sidebar-style":"default","ast-global-header-display":"","ast-banner-title-visibility":"","ast-main-header-display":"","ast-hfb-above-header-display":"","ast-hfb-below-header-display":"","ast-hfb-mobile-header-display":"","site-post-title":"","ast-breadcrumbs-content":"","ast-featured-img":"","footer-sml-layout":"","ast-disable-related-posts":"","theme-transparent-header-meta":"","adv-header-id-meta":"","stick-header-meta":"","header-above-stick-meta":"","header-main-stick-meta":"","header-below-stick-meta":"","astra-migrate-meta-layouts":"set","ast-page-background-enabled":"default","ast-page-background-meta":{"desktop":{"background-color":"","background-image":"","background-repeat":"repeat","background-position":"center center","background-size":"auto","background-attachment":"scroll","background-type":"","background-media":"","overlay-type":"","overlay-color":"","overlay-opacity":"","overlay-gradient":""},"tablet":{"background-color":"","background-image":"","background-repeat":"repeat","background-position":"center center","background-size":"auto","background-attachment":"scroll","background-type":"","background-media":"","overlay-type":"","overlay-color":"","overlay-opacity":"","overlay-gradient":""},"mobile":{"background-color":"","background-image":"","background-repeat":"repeat","background-position":"center center","background-size":"auto","background-attachment":"scroll","background-type":"","background-media":"","overlay-type":"","overlay-color":"","overlay-opacity":"","overlay-gradient":""}},"ast-content-background-meta":{"desktop":{"background-color":"var(--ast-global-color-5)","background-image":"","background-repeat":"repeat","background-position":"center center","background-size":"auto","background-attachment":"scroll","background-type":"","background-media":"","overlay-type":"","overlay-color":"","overlay-opacity":"","overlay-gradient":""},"tablet":{"background-color":"var(--ast-global-color-5)","background-image":"","background-repeat":"repeat","background-position":"center center","background-size":"auto","background-attachment":"scroll","background-type":"","background-media":"","overlay-type":"","overlay-color":"","overlay-opacity":"","overlay-gradient":""},"mobile":{"background-color":"var(--ast-global-color-5)","background-image":"","background-repeat":"repeat","background-position":"center center","background-size":"auto","background-attachment":"scroll","background-type":"","background-media":"","overlay-type":"","overlay-color":"","overlay-opacity":"","overlay-gradient":""}},"footnotes":""},"categories":[74],"tags":[114,119],"class_list":["post-3330","post","type-post","status-publish","format-standard","has-post-thumbnail","hentry","category-bem-estar-e-saude-mental-categoria","tag-estresse","tag-sono"],"uagb_featured_image_src":{"full":["https:\/\/corpoequilibrado.com.br\/wp-content\/uploads\/2025\/04\/unnamed-file-53.jpg",945,630,false],"thumbnail":["https:\/\/corpoequilibrado.com.br\/wp-content\/uploads\/2025\/04\/unnamed-file-53-150x150.jpg",150,150,true],"medium":["https:\/\/corpoequilibrado.com.br\/wp-content\/uploads\/2025\/04\/unnamed-file-53-300x200.jpg",300,200,true],"medium_large":["https:\/\/corpoequilibrado.com.br\/wp-content\/uploads\/2025\/04\/unnamed-file-53-768x512.jpg",768,512,true],"large":["https:\/\/corpoequilibrado.com.br\/wp-content\/uploads\/2025\/04\/unnamed-file-53.jpg",945,630,false],"1536x1536":["https:\/\/corpoequilibrado.com.br\/wp-content\/uploads\/2025\/04\/unnamed-file-53.jpg",945,630,false],"2048x2048":["https:\/\/corpoequilibrado.com.br\/wp-content\/uploads\/2025\/04\/unnamed-file-53.jpg",945,630,false],"trp-custom-language-flag":["https:\/\/corpoequilibrado.com.br\/wp-content\/uploads\/2025\/04\/unnamed-file-53.jpg",18,12,false]},"uagb_author_info":{"display_name":"Equipe Corpo Equilibrado","author_link":"https:\/\/corpoequilibrado.com.br\/es\/author\/rcastello20gmail-com\/"},"uagb_comment_info":0,"uagb_excerpt":"Ins\u00f4nia sintomas pode estar afetando sua vida. Descubra sinais e a\u00e7\u00f5es para melhorar o sono.","_links":{"self":[{"href":"https:\/\/corpoequilibrado.com.br\/es\/wp-json\/wp\/v2\/posts\/3330","targetHints":{"allow":["GET"]}}],"collection":[{"href":"https:\/\/corpoequilibrado.com.br\/es\/wp-json\/wp\/v2\/posts"}],"about":[{"href":"https:\/\/corpoequilibrado.com.br\/es\/wp-json\/wp\/v2\/types\/post"}],"author":[{"embeddable":true,"href":"https:\/\/corpoequilibrado.com.br\/es\/wp-json\/wp\/v2\/users\/1"}],"replies":[{"embeddable":true,"href":"https:\/\/corpoequilibrado.com.br\/es\/wp-json\/wp\/v2\/comments?post=3330"}],"version-history":[{"count":0,"href":"https:\/\/corpoequilibrado.com.br\/es\/wp-json\/wp\/v2\/posts\/3330\/revisions"}],"wp:featuredmedia":[{"embeddable":true,"href":"https:\/\/corpoequilibrado.com.br\/es\/wp-json\/wp\/v2\/media\/3325"}],"wp:attachment":[{"href":"https:\/\/corpoequilibrado.com.br\/es\/wp-json\/wp\/v2\/media?parent=3330"}],"wp:term":[{"taxonomy":"category","embeddable":true,"href":"https:\/\/corpoequilibrado.com.br\/es\/wp-json\/wp\/v2\/categories?post=3330"},{"taxonomy":"post_tag","embeddable":true,"href":"https:\/\/corpoequilibrado.com.br\/es\/wp-json\/wp\/v2\/tags?post=3330"}],"curies":[{"name":"wp","href":"https:\/\/api.w.org\/{rel}","templated":true}]}}