{"id":3870,"date":"2025-04-09T21:06:19","date_gmt":"2025-04-10T00:06:19","guid":{"rendered":"https:\/\/corpoequilibrado.com.br\/?p=3870"},"modified":"2025-04-19T10:49:24","modified_gmt":"2025-04-19T13:49:24","slug":"tratamiento-de-los-sintomas-de-la-gingivitis","status":"publish","type":"post","link":"https:\/\/corpoequilibrado.com.br\/es\/tratamiento-de-los-sintomas-de-la-gingivitis\/","title":{"rendered":"Gingivitis: Causas, s\u00edntomas, tratamientos y c\u00f3mo prevenir problemas de enc\u00edas"},"content":{"rendered":"<p><strong>La gingivitis es una inflamaci\u00f3n de las enc\u00edas.<\/strong> que afecta a millones de personas y puede evolucionar en afecciones m\u00e1s graves, como <strong>periodontitis<\/strong>. En este art\u00edculo comprender\u00e1s qu\u00e9 es la gingivitis, cu\u00e1les son sus s\u00edntomas, causas, tipos, tratamientos y c\u00f3mo <strong>prevenir<\/strong> Este problema que compromete la <strong><a href=\"https:\/\/corpoequilibrado.com.br\/es\/salud-bucal\/\" title=\"Aprenda m\u00e1s sobre la salud bucal\">salud bucal<\/a><\/strong>. M\u00e1s informaci\u00f3n <strong>sobre la gingivitis<\/strong> es fundamental para evitar complicaciones y garantizar una sonrisa sana.<\/p><div id=\"ez-toc-container\" class=\"ez-toc-v2_0_82_2 counter-hierarchy ez-toc-counter ez-toc-grey ez-toc-container-direction\">\n<div class=\"ez-toc-title-container\">\n<p class=\"ez-toc-title\" style=\"cursor:inherit\">Resumen<\/p>\n<span class=\"ez-toc-title-toggle\"><\/span><\/div>\n<nav><ul class='ez-toc-list ez-toc-list-level-1' ><ul class='ez-toc-list-level-3' ><li class='ez-toc-heading-level-3'><a class=\"ez-toc-link ez-toc-heading-1\" href=\"https:\/\/corpoequilibrado.com.br\/es\/tratamiento-de-los-sintomas-de-la-gingivitis\/#Video_explicativo_sobre_a_Gengivite\" >V\u00eddeo explicativo sobre la Gingivitis:<\/a><\/li><\/ul><\/li><li class='ez-toc-page-1 ez-toc-heading-level-2'><a class=\"ez-toc-link ez-toc-heading-2\" href=\"https:\/\/corpoequilibrado.com.br\/es\/tratamiento-de-los-sintomas-de-la-gingivitis\/#Gengiva_inchada_e_sangrando_o_que_pode_indicar\" >Enc\u00edas inflamadas y sangrantes: \u00bfqu\u00e9 podr\u00eda indicar?<\/a><\/li><li class='ez-toc-page-1 ez-toc-heading-level-2'><a class=\"ez-toc-link ez-toc-heading-3\" href=\"https:\/\/corpoequilibrado.com.br\/es\/tratamiento-de-los-sintomas-de-la-gingivitis\/#Quais_sao_os_sintomas_mais_comuns_da_Gengivite\" >\u00bfCu\u00e1les son los s\u00edntomas m\u00e1s comunes de la gingivitis?<\/a><\/li><li class='ez-toc-page-1 ez-toc-heading-level-2'><a class=\"ez-toc-link ez-toc-heading-4\" href=\"https:\/\/corpoequilibrado.com.br\/es\/tratamiento-de-los-sintomas-de-la-gingivitis\/#Gengivite_tem_tratamento\" >\u00bfExiste cura para la gingivitis?<\/a><\/li><li class='ez-toc-page-1 ez-toc-heading-level-2'><a class=\"ez-toc-link ez-toc-heading-5\" href=\"https:\/\/corpoequilibrado.com.br\/es\/tratamiento-de-los-sintomas-de-la-gingivitis\/#Gengiva_inchada_e_doendo_quando_se_preocupar\" >Enc\u00edas inflamadas y dolorosas: \u00bfcu\u00e1ndo preocuparse?<\/a><\/li><li class='ez-toc-page-1 ez-toc-heading-level-2'><a class=\"ez-toc-link ez-toc-heading-6\" href=\"https:\/\/corpoequilibrado.com.br\/es\/tratamiento-de-los-sintomas-de-la-gingivitis\/#Gengivoestomatite_o_que_e_e_como_se_relaciona_com_a_gengivite\" >Gingivoestomatitis: \u00bfqu\u00e9 es y c\u00f3mo se relaciona con la gingivitis?<\/a><\/li><li class='ez-toc-page-1 ez-toc-heading-level-2'><a class=\"ez-toc-link ez-toc-heading-7\" href=\"https:\/\/corpoequilibrado.com.br\/es\/tratamiento-de-los-sintomas-de-la-gingivitis\/#Gengivite_causada_por_tartaro\" >Gingivitis causada por sarro<\/a><\/li><li class='ez-toc-page-1 ez-toc-heading-level-2'><a class=\"ez-toc-link ez-toc-heading-8\" href=\"https:\/\/corpoequilibrado.com.br\/es\/tratamiento-de-los-sintomas-de-la-gingivitis\/#O_que_pode_ser_a_gengiva_inchada_no_ultimo_dente\" >\u00bfCu\u00e1l podr\u00eda ser la causa de la inflamaci\u00f3n de las enc\u00edas en el \u00faltimo diente?<\/a><\/li><li class='ez-toc-page-1 ez-toc-heading-level-2'><a class=\"ez-toc-link ez-toc-heading-9\" href=\"https:\/\/corpoequilibrado.com.br\/es\/tratamiento-de-los-sintomas-de-la-gingivitis\/#Gengiva_inchada_como_desinchar_com_seguranca\" >Enc\u00edas inflamadas: \u00bfc\u00f3mo reducir la hinchaz\u00f3n de forma segura?<\/a><\/li><li class='ez-toc-page-1 ez-toc-heading-level-2'><a class=\"ez-toc-link ez-toc-heading-10\" href=\"https:\/\/corpoequilibrado.com.br\/es\/tratamiento-de-los-sintomas-de-la-gingivitis\/#Gengivite_exige_cirurgia\" >\u00bfLa gingivitis requiere cirug\u00eda?<\/a><\/li><li class='ez-toc-page-1 ez-toc-heading-level-2'><a class=\"ez-toc-link ez-toc-heading-11\" href=\"https:\/\/corpoequilibrado.com.br\/es\/tratamiento-de-los-sintomas-de-la-gingivitis\/#Gengivite_ulcerativa_necrosante_entenda_essa_forma_grave\" >Gingivitis ulcerosa necrosante: comprenda esta forma grave<\/a><\/li><li class='ez-toc-page-1 ez-toc-heading-level-2'><a class=\"ez-toc-link ez-toc-heading-12\" href=\"https:\/\/corpoequilibrado.com.br\/es\/tratamiento-de-los-sintomas-de-la-gingivitis\/#Conclusao_principais_pontos_sobre_gengivite\" >Conclusi\u00f3n: Puntos clave sobre la gingivitis<\/a><\/li><\/ul><\/nav><\/div>\n\n\n\n\n<h3 class=\"wp-block-heading\"><span class=\"ez-toc-section\" id=\"Video_explicativo_sobre_a_Gengivite\"><\/span>V\u00eddeo explicativo sobre la Gingivitis:<span class=\"ez-toc-section-end\"><\/span><\/h3>\n\n\n\n<figure class=\"wp-block-embed is-type-video is-provider-youtube wp-block-embed-youtube wp-embed-aspect-16-9 wp-has-aspect-ratio\"><div class=\"wp-block-embed__wrapper\">\n<iframe title=\"Cuidado de las enc\u00edas: todo sobre la gingivitis y c\u00f3mo prevenirla\" width=\"500\" height=\"281\" src=\"https:\/\/www.youtube.com\/embed\/dbzNYScY3lM?feature=oembed\" frameborder=\"0\" allow=\"accelerometer; autoplay; clipboard-write; encrypted-media; gyroscope; picture-in-picture; web-share\" referrerpolicy=\"strict-origin-when-cross-origin\" allowfullscreen><\/iframe>\n<\/div><\/figure>\n\n\n\n<h2 class=\"wp-block-heading\"><span class=\"ez-toc-section\" id=\"Gengiva_inchada_e_sangrando_o_que_pode_indicar\"><\/span>Enc\u00edas inflamadas y sangrantes: \u00bfqu\u00e9 podr\u00eda indicar?<span class=\"ez-toc-section-end\"><\/span><\/h2>\n\n\n\n<p>Enc\u00edas inflamadas e hinchadas <strong>sangr\u00eda<\/strong> frecuentes, especialmente <strong>durante el cepillado<\/strong>, puede ser uno de los primeros <strong>signos de gingivitis<\/strong>. Eso <strong>inflamaci\u00f3n de las enc\u00edas<\/strong> se produce principalmente debido a la acumulaci\u00f3n de <strong>placa bacteriana<\/strong>, una capa pegajosa llena de <strong>bacterias<\/strong> que se forma en los dientes.<\/p>\n\n\n\n<p>Esta situaci\u00f3n requiere atenci\u00f3n, ya que la gingivitis puede convertirse en una <strong>periodontitis<\/strong>, una infecci\u00f3n m\u00e1s profunda que compromete los tejidos de soporte de los dientes.<\/p>\n\n\n\n<h2 class=\"wp-block-heading\"><span class=\"ez-toc-section\" id=\"Quais_sao_os_sintomas_mais_comuns_da_Gengivite\"><\/span>\u00bfCu\u00e1les son los s\u00edntomas m\u00e1s comunes de la gingivitis?<span class=\"ez-toc-section-end\"><\/span><\/h2>\n\n\n\n<p>T\u00fa <strong>s\u00edntomas de gingivitis<\/strong> incluir <strong>enrojecimiento<\/strong>, <strong>hinchaz\u00f3n de las enc\u00edas<\/strong>, <strong>sangr\u00eda<\/strong>, <strong>mal aliento persistente<\/strong> y <strong>sensibilidad<\/strong>. Uno <strong>El s\u00edntoma com\u00fan de la gingivitis es<\/strong> las enc\u00edas que sangran f\u00e1cilmente al usar <strong>hilo dental<\/strong> o cep\u00edllate los dientes. Adem\u00e1s, puede haber recesi\u00f3n de las enc\u00edas, haciendo que los dientes parezcan m\u00e1s largos.<\/p>\n\n\n\n<figure class=\"wp-block-image aligncenter size-full\"><img fetchpriority=\"high\" decoding=\"async\" width=\"940\" height=\"627\" src=\"https:\/\/corpoequilibrado.com.br\/wp-content\/uploads\/2025\/04\/pexels-photo-6627574-6627574.jpg\" alt=\"Gingivitis - s\u00edntomas\" class=\"wp-image-3881\" style=\"aspect-ratio:16\/9;object-fit:cover\" srcset=\"https:\/\/corpoequilibrado.com.br\/wp-content\/uploads\/2025\/04\/pexels-photo-6627574-6627574.jpg 940w, https:\/\/corpoequilibrado.com.br\/wp-content\/uploads\/2025\/04\/pexels-photo-6627574-6627574-300x200.jpg 300w, https:\/\/corpoequilibrado.com.br\/wp-content\/uploads\/2025\/04\/pexels-photo-6627574-6627574-768x512.jpg 768w\" sizes=\"(max-width: 940px) 100vw, 940px\" \/><\/figure>\n\n\n\n<p>Identifique estos <strong>s\u00edntomas de gingivitis<\/strong> La detecci\u00f3n temprana es esencial para evitar que la condici\u00f3n empeore. Se recomienda buscar un <strong>dentista<\/strong> Para confirmar el <strong>diagn\u00f3stico de gingivitis<\/strong>.<\/p>\n\n\n\n<h2 class=\"wp-block-heading\"><span class=\"ez-toc-section\" id=\"Gengivite_tem_tratamento\"><\/span>\u00bfExiste cura para la gingivitis? <span class=\"ez-toc-section-end\"><\/span><\/h2>\n\n\n\n<p>S\u00ed, el <strong>La gingivitis tiene cura<\/strong>, especialmente cuando se identifica a tiempo. El principal <strong>tratamiento de la gingivitis<\/strong> implica la <strong>eliminaci\u00f3n de placa y sarro<\/strong> A trav\u00e9s de una limpieza profesional realizada por un <strong>dentista<\/strong>.<\/p>\n\n\n\n<p>EL <strong>higiene bucal<\/strong> Lo adecuado es esencial: es importante <strong>cepillarse los dientes<\/strong> al menos dos veces al d\u00eda, utilizar <strong>hilo dental<\/strong> diariamente y optar por enjuagues bucales con acci\u00f3n antimicrobiana. EL <strong>prevenci\u00f3n de la gingivitis<\/strong> Implica el autocuidado diario y el seguimiento dental.<\/p>\n\n\n\n<h2 class=\"wp-block-heading\"><span class=\"ez-toc-section\" id=\"Gengiva_inchada_e_doendo_quando_se_preocupar\"><\/span>Enc\u00edas inflamadas y dolorosas: \u00bfcu\u00e1ndo preocuparse?<span class=\"ez-toc-section-end\"><\/span><\/h2>\n\n\n\n<p>Si el <strong>Las enc\u00edas est\u00e1n hinchadas y duelen.<\/strong> y con <strong>sangrado frecuente<\/strong>, puede indicar una <strong>inflamaci\u00f3n de las enc\u00edas<\/strong> en una etapa m\u00e1s avanzada. Otras se\u00f1ales preocupantes incluyen: <strong>fiebre<\/strong>, <strong>fuerte mal aliento<\/strong> y <strong>pus<\/strong> en la regi\u00f3n.<\/p>\n\n\n\n<p>EL <strong>La gingivitis puede ser<\/strong> confundirse con otras afecciones, como abscesos o infecciones. Por lo tanto, es fundamental consultar a un <strong>dentista<\/strong> Al notar estos s\u00edntomas.<\/p>\n\n\n\n<h2 class=\"wp-block-heading\"><span class=\"ez-toc-section\" id=\"Gengivoestomatite_o_que_e_e_como_se_relaciona_com_a_gengivite\"><\/span>Gingivoestomatitis: \u00bfqu\u00e9 es y c\u00f3mo se relaciona con la gingivitis?<span class=\"ez-toc-section-end\"><\/span><\/h2>\n\n\n\n<p>EL <strong>gingivoestomatitis<\/strong> es un <strong>infecci\u00f3n<\/strong> que alcanza a ambos <strong>enc\u00edas y mucosa oral<\/strong>, a menudo asociado con virus como el herpes simple. Aunque comparte s\u00edntomas con la gingivitis, como dolor, hinchaz\u00f3n y sangrado, es una afecci\u00f3n m\u00e1s amplia.<\/p>\n\n\n\n<figure class=\"wp-block-image aligncenter size-full\"><img decoding=\"async\" width=\"940\" height=\"627\" src=\"https:\/\/corpoequilibrado.com.br\/wp-content\/uploads\/2025\/04\/pexels-photo-3779705-3779705.jpg\" alt=\"Gingivoestomatitis\" class=\"wp-image-3878\" style=\"aspect-ratio:16\/9;object-fit:cover\" srcset=\"https:\/\/corpoequilibrado.com.br\/wp-content\/uploads\/2025\/04\/pexels-photo-3779705-3779705.jpg 940w, https:\/\/corpoequilibrado.com.br\/wp-content\/uploads\/2025\/04\/pexels-photo-3779705-3779705-300x200.jpg 300w, https:\/\/corpoequilibrado.com.br\/wp-content\/uploads\/2025\/04\/pexels-photo-3779705-3779705-768x512.jpg 768w\" sizes=\"(max-width: 940px) 100vw, 940px\" \/><\/figure>\n\n\n\n<p>El tratamiento requiere el control de la <strong>inflamaci\u00f3n<\/strong>, mantenimiento de <strong>higiene bucal<\/strong> y, en algunos casos, el uso de antivirales o antibacterianos. Beber agua y evitar los alimentos \u00e1cidos tambi\u00e9n ayuda en la recuperaci\u00f3n.<\/p>\n\n\n\n<blockquote class=\"wp-block-quote is-layout-flow wp-block-quote-is-layout-flow\">\n<p><strong>\ud83d\udc49La gingivitis es uno de los primeros signos de descuido de la salud bucodental. Mira esto <a href=\"https:\/\/corpoequilibrado.com.br\/es\/salud-bucal\/\" data-type=\"post\" data-id=\"4043\">gu\u00eda completa para el cuidado de la salud bucal<\/a> y aprender c\u00f3mo prevenir otros problemas.<\/strong><\/p>\n<\/blockquote>\n\n\n\n<h2 class=\"wp-block-heading\"><span class=\"ez-toc-section\" id=\"Gengivite_causada_por_tartaro\"><\/span>Gingivitis causada por sarro<span class=\"ez-toc-section-end\"><\/span><\/h2>\n\n\n\n<p>El principal <strong>La causa de la gingivitis es la placa.<\/strong> que al no eliminarse se mineraliza formando el <strong>T\u00e1rtaro<\/strong>. Este material endurecido ataca los tejidos del <strong>goma<\/strong> y promueve la <strong>inflamaci\u00f3n de las enc\u00edas<\/strong>.<\/p>\n\n\n\n<p>S\u00f3lo el <strong>dentista<\/strong> Puede realizar la eliminaci\u00f3n adecuada de la <strong>T\u00e1rtaro<\/strong>, generalmente con instrumentos espec\u00edficos en una limpieza profunda. EL <strong>prevenci\u00f3n de la gingivitis<\/strong> Implica evitar la acumulaci\u00f3n de placa con una rutina eficaz <strong>cepillado<\/strong> y el uso de <strong>hilo dental<\/strong>.<\/p>\n\n\n\n<h2 class=\"wp-block-heading\"><span class=\"ez-toc-section\" id=\"O_que_pode_ser_a_gengiva_inchada_no_ultimo_dente\"><\/span>\u00bfCu\u00e1l podr\u00eda ser la causa de la inflamaci\u00f3n de las enc\u00edas en el \u00faltimo diente?<span class=\"ez-toc-section-end\"><\/span><\/h2>\n\n\n\n<p>Cuando el<a href=\"https:\/\/www.colgate.com.br\/oral-health\/gum-disease\/swollen-and-sore-gums\" target=\"_blank\" rel=\"noreferrer noopener nofollow\"> <strong>las enc\u00edas se hinchan<\/strong><\/a><strong> al lado del \u00faltimo diente<\/strong>, a menudo se relaciona con el nacimiento de <strong>muelas del juicio<\/strong>. El problema tambi\u00e9n puede ser <strong>pericoronitis<\/strong>, uno <strong>inflamaci\u00f3n<\/strong> que afecta la enc\u00eda que cubre parcialmente el diente.<\/p>\n\n\n\n<p>Esta regi\u00f3n es de dif\u00edcil acceso. <strong>cepillo de dientes<\/strong>, favoreciendo la acumulaci\u00f3n de <strong>bacterias<\/strong>. El uso de <strong>enjuagues bucales<\/strong>Las compresas tibias y los analg\u00e9sicos pueden proporcionar un alivio temporal, pero se recomienda buscar atenci\u00f3n m\u00e9dica. <strong>dentista<\/strong>.<\/p>\n\n\n\n<h2 class=\"wp-block-heading\"><span class=\"ez-toc-section\" id=\"Gengiva_inchada_como_desinchar_com_seguranca\"><\/span>Enc\u00edas inflamadas: \u00bfc\u00f3mo reducir la hinchaz\u00f3n de forma segura?<span class=\"ez-toc-section-end\"><\/span><\/h2>\n\n\n\n<p>A <strong><a href=\"https:\/\/corpoequilibrado.com.br\/es\/como-reducir-la-hinchazon-abdominal\/\" title=\"Obtenga m\u00e1s informaci\u00f3n sobre la desinflaci\u00f3n\">desinflar<\/a> la enc\u00eda<\/strong>, empieza con una buena <strong>higiene bucal<\/strong>. Usar <strong>cepillo de cerdas suaves<\/strong>, <strong>hilo dental<\/strong> y se enjuaga con soluci\u00f3n salina tibia. Evite los alimentos duros o muy calientes.<\/p>\n\n\n\n<figure class=\"wp-block-image aligncenter size-full\"><img decoding=\"async\" width=\"940\" height=\"627\" src=\"https:\/\/corpoequilibrado.com.br\/wp-content\/uploads\/2025\/04\/pexels-photo-7086233-7086233.jpg\" alt=\"Enc\u00edas inflamadas\" class=\"wp-image-3880\" style=\"aspect-ratio:16\/9;object-fit:cover\" srcset=\"https:\/\/corpoequilibrado.com.br\/wp-content\/uploads\/2025\/04\/pexels-photo-7086233-7086233.jpg 940w, https:\/\/corpoequilibrado.com.br\/wp-content\/uploads\/2025\/04\/pexels-photo-7086233-7086233-300x200.jpg 300w, https:\/\/corpoequilibrado.com.br\/wp-content\/uploads\/2025\/04\/pexels-photo-7086233-7086233-768x512.jpg 768w\" sizes=\"(max-width: 940px) 100vw, 940px\" \/><\/figure>\n\n\n\n<p>Alguno <strong>remedios caseros para la gingivitis<\/strong> puede ayudar, como <strong>aceite de coco<\/strong>, <strong>aceite esencial de \u00e1rbol de t\u00e9<\/strong> y <strong>enjuague bucal con agua tibia y sal<\/strong>. Sin embargo, si los s\u00edntomas persisten, es esencial buscar atenci\u00f3n m\u00e9dica. <strong>dentista<\/strong>.<\/p>\n\n\n\n<h2 class=\"wp-block-heading\"><span class=\"ez-toc-section\" id=\"Gengivite_exige_cirurgia\"><\/span>\u00bfLa gingivitis requiere cirug\u00eda? <span class=\"ez-toc-section-end\"><\/span><\/h2>\n\n\n\n<p>En los casos de <strong>gingivitis no tratada<\/strong> que evoluciona en <strong>periodontitis<\/strong>, puede ser necesaria una cirug\u00eda para eliminar las bolsas profundas entre los <strong>dientes y enc\u00edas<\/strong>.<\/p>\n\n\n\n<p>Procedimientos como <strong>cirug\u00eda de acceso<\/strong>, <strong>injertos gingivales<\/strong> o <strong>injertos \u00f3seos<\/strong> Est\u00e1n indicados en casos graves. La decisi\u00f3n depende de la evaluaci\u00f3n cl\u00ednica del paciente. <strong>dentista<\/strong>.<\/p>\n\n\n\n<h2 class=\"wp-block-heading\"><span class=\"ez-toc-section\" id=\"Gengivite_ulcerativa_necrosante_entenda_essa_forma_grave\"><\/span>Gingivitis ulcerosa necrosante: comprenda esta forma grave<span class=\"ez-toc-section-end\"><\/span><\/h2>\n\n\n\n<p>EL <strong>gingivitis ulcerosa necrosante<\/strong> es una forma aguda y destructiva de la enfermedad, caracterizada por <strong>dolor intenso<\/strong>, <strong>sangr\u00eda<\/strong>, <strong>halitosis fuerte<\/strong> y <strong>\u00falceras entre los dientes<\/strong>. Es un <strong>infecci\u00f3n bacteriana<\/strong> agresivo, generalmente asociado con <strong><a href=\"https:\/\/corpoequilibrado.com.br\/es\/sintomas-de-cortisol-alto\/\" title=\"Aprenda m\u00e1s sobre el estr\u00e9s\">estr\u00e9s<\/a> severo<\/strong>, <strong>baja inmunidad<\/strong> y <strong>mala nutrici\u00f3n<\/strong>.<\/p>\n\n\n\n<p>Esta condici\u00f3n necesita <strong>tratamiento urgente<\/strong>, usando <strong>antibi\u00f3ticos<\/strong>, limpieza y cuidado profesional de la <strong>nutrici\u00f3n<\/strong>. EL <strong>empeoramiento de la gingivitis<\/strong> puede causar <strong>p\u00e9rdida de dientes<\/strong>.<\/p>\n\n\n\n<h2 class=\"wp-block-heading\"><span class=\"ez-toc-section\" id=\"Conclusao_principais_pontos_sobre_gengivite\"><\/span>Conclusi\u00f3n: Puntos clave sobre la gingivitis<span class=\"ez-toc-section-end\"><\/span><\/h2>\n\n\n\n<ul class=\"wp-block-list\">\n<li>EL <strong>La gingivitis es una enfermedad<\/strong> com\u00fan y <strong>muy prevalente<\/strong><\/li>\n\n\n\n<li>Y <strong>causada por placa<\/strong> y puede evolucionar en <strong>periodontitis<\/strong> Si no se trata<\/li>\n\n\n\n<li>T\u00fa <strong>s\u00edntomas de gingivitis<\/strong> incluir <strong>hinchaz\u00f3n<\/strong>, <strong>sangr\u00eda<\/strong>, <strong>mal aliento<\/strong> y <strong>retracci\u00f3n gingival<\/strong><\/li>\n\n\n\n<li>EL <strong>prevenci\u00f3n de la gingivitis<\/strong> requiere <strong>cepillado adecuado<\/strong>, <strong>uso de hilo dental<\/strong> y <strong>visitas regulares al dentista<\/strong><\/li>\n\n\n\n<li>Ellos existen <strong>diferentes tipos de gingivitis<\/strong>, como el <strong>ulcerativa necrosante<\/strong> y el <strong>escamoso<\/strong><\/li>\n\n\n\n<li>EL <strong>La gingivitis se puede tratar<\/strong> y en la mayor\u00eda de los casos, <strong>tiene cura<\/strong> con acompa\u00f1amiento<\/li>\n\n\n\n<li>En casos graves, gingivitis. <strong>Puede evolucionar hacia periodontitis.<\/strong> y demanda <strong>cirug\u00eda<\/strong><\/li>\n\n\n\n<li>Es esencial mantener una <strong>buena salud bucal<\/strong> a <strong>evitar la gingivitis<\/strong><\/li>\n\n\n\n<li>En caso de s\u00edntomas, es <strong>Se recomienda consultar con un dentista.<\/strong> lo antes posible<\/li>\n<\/ul>\n\n\n\n<p>Mantener el <strong>enc\u00edas y dientes<\/strong> La salud es esencial para ti <strong>calidad de vida<\/strong> y <a href=\"https:\/\/corpoequilibrado.com.br\/es\/bienestar-y-salud-mental\/\" title=\"Aprenda m\u00e1s sobre el bienestar\">bienestar<\/a> general.<\/p>\n\n\n\n<p><\/p>","protected":false},"excerpt":{"rendered":"<p>Gingivitis: signos, prevenci\u00f3n efectiva y tratamientos caseros para tu salud bucal<\/p>","protected":false},"author":1,"featured_media":3861,"comment_status":"closed","ping_status":"open","sticky":false,"template":"","format":"standard","meta":{"_uag_custom_page_level_css":"","site-sidebar-layout":"default","site-content-layout":"","ast-site-content-layout":"default","site-content-style":"default","site-sidebar-style":"default","ast-global-header-display":"","ast-banner-title-visibility":"","ast-main-header-display":"","ast-hfb-above-header-display":"","ast-hfb-below-header-display":"","ast-hfb-mobile-header-display":"","site-post-title":"","ast-breadcrumbs-content":"","ast-featured-img":"","footer-sml-layout":"","ast-disable-related-posts":"","theme-transparent-header-meta":"","adv-header-id-meta":"","stick-header-meta":"","header-above-stick-meta":"","header-main-stick-meta":"","header-below-stick-meta":"","astra-migrate-meta-layouts":"set","ast-page-background-enabled":"default","ast-page-background-meta":{"desktop":{"background-color":"","background-image":"","background-repeat":"repeat","background-position":"center center","background-size":"auto","background-attachment":"scroll","background-type":"","background-media":"","overlay-type":"","overlay-color":"","overlay-opacity":"","overlay-gradient":""},"tablet":{"background-color":"","background-image":"","background-repeat":"repeat","background-position":"center center","background-size":"auto","background-attachment":"scroll","background-type":"","background-media":"","overlay-type":"","overlay-color":"","overlay-opacity":"","overlay-gradient":""},"mobile":{"background-color":"","background-image":"","background-repeat":"repeat","background-position":"center center","background-size":"auto","background-attachment":"scroll","background-type":"","background-media":"","overlay-type":"","overlay-color":"","overlay-opacity":"","overlay-gradient":""}},"ast-content-background-meta":{"desktop":{"background-color":"var(--ast-global-color-5)","background-image":"","background-repeat":"repeat","background-position":"center center","background-size":"auto","background-attachment":"scroll","background-type":"","background-media":"","overlay-type":"","overlay-color":"","overlay-opacity":"","overlay-gradient":""},"tablet":{"background-color":"var(--ast-global-color-5)","background-image":"","background-repeat":"repeat","background-position":"center center","background-size":"auto","background-attachment":"scroll","background-type":"","background-media":"","overlay-type":"","overlay-color":"","overlay-opacity":"","overlay-gradient":""},"mobile":{"background-color":"var(--ast-global-color-5)","background-image":"","background-repeat":"repeat","background-position":"center center","background-size":"auto","background-attachment":"scroll","background-type":"","background-media":"","overlay-type":"","overlay-color":"","overlay-opacity":"","overlay-gradient":""}},"footnotes":""},"categories":[75],"tags":[112,113],"class_list":["post-3870","post","type-post","status-publish","format-standard","has-post-thumbnail","hentry","category-saude-bucal-categoria","tag-gengiva","tag-higiene-bucal"],"uagb_featured_image_src":{"full":["https:\/\/corpoequilibrado.com.br\/wp-content\/uploads\/2025\/04\/unnamed-file-101.jpg",1103,630,false],"thumbnail":["https:\/\/corpoequilibrado.com.br\/wp-content\/uploads\/2025\/04\/unnamed-file-101-150x150.jpg",150,150,true],"medium":["https:\/\/corpoequilibrado.com.br\/wp-content\/uploads\/2025\/04\/unnamed-file-101-300x171.jpg",300,171,true],"medium_large":["https:\/\/corpoequilibrado.com.br\/wp-content\/uploads\/2025\/04\/unnamed-file-101-768x439.jpg",768,439,true],"large":["https:\/\/corpoequilibrado.com.br\/wp-content\/uploads\/2025\/04\/unnamed-file-101-1024x585.jpg",1024,585,true],"1536x1536":["https:\/\/corpoequilibrado.com.br\/wp-content\/uploads\/2025\/04\/unnamed-file-101.jpg",1103,630,false],"2048x2048":["https:\/\/corpoequilibrado.com.br\/wp-content\/uploads\/2025\/04\/unnamed-file-101.jpg",1103,630,false],"trp-custom-language-flag":["https:\/\/corpoequilibrado.com.br\/wp-content\/uploads\/2025\/04\/unnamed-file-101.jpg",18,10,false]},"uagb_author_info":{"display_name":"Equipe Corpo Equilibrado","author_link":"https:\/\/corpoequilibrado.com.br\/es\/author\/rcastello20gmail-com\/"},"uagb_comment_info":0,"uagb_excerpt":"Gengivite: sinais, preven\u00e7\u00e3o eficaz e tratamentos caseiros para sua sa\u00fade bucal","_links":{"self":[{"href":"https:\/\/corpoequilibrado.com.br\/es\/wp-json\/wp\/v2\/posts\/3870","targetHints":{"allow":["GET"]}}],"collection":[{"href":"https:\/\/corpoequilibrado.com.br\/es\/wp-json\/wp\/v2\/posts"}],"about":[{"href":"https:\/\/corpoequilibrado.com.br\/es\/wp-json\/wp\/v2\/types\/post"}],"author":[{"embeddable":true,"href":"https:\/\/corpoequilibrado.com.br\/es\/wp-json\/wp\/v2\/users\/1"}],"replies":[{"embeddable":true,"href":"https:\/\/corpoequilibrado.com.br\/es\/wp-json\/wp\/v2\/comments?post=3870"}],"version-history":[{"count":0,"href":"https:\/\/corpoequilibrado.com.br\/es\/wp-json\/wp\/v2\/posts\/3870\/revisions"}],"wp:featuredmedia":[{"embeddable":true,"href":"https:\/\/corpoequilibrado.com.br\/es\/wp-json\/wp\/v2\/media\/3861"}],"wp:attachment":[{"href":"https:\/\/corpoequilibrado.com.br\/es\/wp-json\/wp\/v2\/media?parent=3870"}],"wp:term":[{"taxonomy":"category","embeddable":true,"href":"https:\/\/corpoequilibrado.com.br\/es\/wp-json\/wp\/v2\/categories?post=3870"},{"taxonomy":"post_tag","embeddable":true,"href":"https:\/\/corpoequilibrado.com.br\/es\/wp-json\/wp\/v2\/tags?post=3870"}],"curies":[{"name":"wp","href":"https:\/\/api.w.org\/{rel}","templated":true}]}}