{"id":4103,"date":"2025-04-12T11:19:31","date_gmt":"2025-04-12T14:19:31","guid":{"rendered":"https:\/\/corpoequilibrado.com.br\/?p=4103"},"modified":"2025-04-18T14:52:21","modified_gmt":"2025-04-18T17:52:21","slug":"periodontitis","status":"publish","type":"post","link":"https:\/\/corpoequilibrado.com.br\/es\/periodontitis\/","title":{"rendered":"Periodontitis: qu\u00e9 es, s\u00edntomas, tratamiento y c\u00f3mo evitar que la enfermedad progrese"},"content":{"rendered":"<p>EL <strong>periodontitis<\/strong> es un <strong>infecci\u00f3n de las enc\u00edas<\/strong> grave que puede resultar en <strong>p\u00e9rdida de dientes<\/strong> y <strong>complicaciones sist\u00e9micas<\/strong>. La condici\u00f3n afecta a la <strong>telas<\/strong> que apoyan la <strong>dientes<\/strong> y puede evolucionar silenciosamente si no se trata. Para prevenir la progresi\u00f3n de <strong>enfermedad<\/strong>, es esencial mantener una <strong>buena higiene bucal<\/strong>, <strong>cepillarse los dientes<\/strong> Visitar correcta y regularmente el <strong>dentista<\/strong>.<\/p><div id=\"ez-toc-container\" class=\"ez-toc-v2_0_82_2 counter-hierarchy ez-toc-counter ez-toc-grey ez-toc-container-direction\">\n<div class=\"ez-toc-title-container\">\n<p class=\"ez-toc-title\" style=\"cursor:inherit\">Resumen<\/p>\n<span class=\"ez-toc-title-toggle\"><\/span><\/div>\n<nav><ul class='ez-toc-list ez-toc-list-level-1' ><li class='ez-toc-page-1 ez-toc-heading-level-2'><a class=\"ez-toc-link ez-toc-heading-1\" href=\"https:\/\/corpoequilibrado.com.br\/es\/periodontitis\/#Periodontite_o_que_e_e_como_ela_afeta_sua_saude_bucal\" >Periodontitis: qu\u00e9 es y c\u00f3mo afecta tu salud bucal<\/a><\/li><li class='ez-toc-page-1 ez-toc-heading-level-2'><a class=\"ez-toc-link ez-toc-heading-2\" href=\"https:\/\/corpoequilibrado.com.br\/es\/periodontitis\/#Quais_sao_os_sintomas_da_periodontite\" >\u00bfCu\u00e1les son los s\u00edntomas de la periodontitis?<\/a><\/li><li class='ez-toc-page-1 ez-toc-heading-level-2'><a class=\"ez-toc-link ez-toc-heading-3\" href=\"https:\/\/corpoequilibrado.com.br\/es\/periodontitis\/#O_que_causa_a_periodontite_e_quem_tem_mais_risco\" >\u00bfQu\u00e9 causa la periodontitis y qui\u00e9n corre mayor riesgo?<\/a><\/li><li class='ez-toc-page-1 ez-toc-heading-level-2'><a class=\"ez-toc-link ez-toc-heading-4\" href=\"https:\/\/corpoequilibrado.com.br\/es\/periodontitis\/#Diferenca_entre_gengivite_e_periodontite_quando_se_preocupar\" >Diferencia entre gingivitis y periodontitis: cu\u00e1ndo preocuparse<\/a><\/li><li class='ez-toc-page-1 ez-toc-heading-level-2'><a class=\"ez-toc-link ez-toc-heading-5\" href=\"https:\/\/corpoequilibrado.com.br\/es\/periodontitis\/#Periodontite_inicial_como_identificar_e_tratar_no_comeco\" >Periodontitis temprana: c\u00f3mo identificarla y tratarla a tiempo<\/a><\/li><li class='ez-toc-page-1 ez-toc-heading-level-2'><a class=\"ez-toc-link ez-toc-heading-6\" href=\"https:\/\/corpoequilibrado.com.br\/es\/periodontitis\/#Periodontite_avancada_riscos_e_complicacoes_se_nao_tratada\" >Periodontitis avanzada: riesgos y complicaciones si no se trata<\/a><\/li><li class='ez-toc-page-1 ez-toc-heading-level-2'><a class=\"ez-toc-link ez-toc-heading-7\" href=\"https:\/\/corpoequilibrado.com.br\/es\/periodontitis\/#Como_e_feito_o_tratamento_da_periodontite\" >\u00bfC\u00f3mo se trata la periodontitis?<\/a><\/li><li class='ez-toc-page-1 ez-toc-heading-level-2'><a class=\"ez-toc-link ez-toc-heading-8\" href=\"https:\/\/corpoequilibrado.com.br\/es\/periodontitis\/#Periodontite_tem_cura_Entenda_o_que_esperar_do_tratamento\" >\u00bfLa periodontitis tiene cura? Comprenda qu\u00e9 esperar del tratamiento<\/a><\/li><li class='ez-toc-page-1 ez-toc-heading-level-2'><a class=\"ez-toc-link ez-toc-heading-9\" href=\"https:\/\/corpoequilibrado.com.br\/es\/periodontitis\/#Quando_a_cirurgia_e_necessaria_para_tratar_a_periodontite\" >Cu\u00e1ndo es necesaria la cirug\u00eda para tratar la periodontitis<\/a><\/li><li class='ez-toc-page-1 ez-toc-heading-level-2'><a class=\"ez-toc-link ez-toc-heading-10\" href=\"https:\/\/corpoequilibrado.com.br\/es\/periodontitis\/#Como_prevenir_a_periodontite_e_manter_a_saude_das_gengivas\" >C\u00f3mo prevenir la periodontitis y mantener las enc\u00edas sanas<\/a><\/li><li class='ez-toc-page-1 ez-toc-heading-level-2'><a class=\"ez-toc-link ez-toc-heading-11\" href=\"https:\/\/corpoequilibrado.com.br\/es\/periodontitis\/#Conclusao_Cuidando_da_Saude_das_Suas_Gengivas\" >Conclusi\u00f3n: Cuidando la salud de sus enc\u00edas<\/a><\/li><li class='ez-toc-page-1 ez-toc-heading-level-2'><a class=\"ez-toc-link ez-toc-heading-12\" href=\"https:\/\/corpoequilibrado.com.br\/es\/periodontitis\/#FAQ_%E2%80%93_Perguntas_Frequentes_sobre_Periodontite\" >FAQ \u2013 Preguntas frecuentes sobre la periodontitis<\/a><\/li><\/ul><\/nav><\/div>\n\n\n\n\n<p><strong>Periodontitis<\/strong>:un nombre dif\u00edcil, pero que puede causar problemas a\u00fan peores si no se trata. \u00bfAlguna vez te preguntaste c\u00f3mo esto? <strong>enfermedad<\/strong> Puede comprometer su <strong><a href=\"https:\/\/corpoequilibrado.com.br\/es\/salud-bucal\/\" title=\"Aprenda m\u00e1s sobre la salud bucal\">salud bucal<\/a><\/strong>? Vamos a explorar qu\u00e9 es. <strong>periodontitis<\/strong>, su <strong>s\u00edntomas principales<\/strong> y lo mejor <strong>opciones de tratamiento<\/strong> Para controlar y prevenir esto <strong>infecci\u00f3n<\/strong>.<\/p>\n\n\n\n<h2 class=\"wp-block-heading\"><span class=\"ez-toc-section\" id=\"Periodontite_o_que_e_e_como_ela_afeta_sua_saude_bucal\"><\/span>Periodontitis: qu\u00e9 es y c\u00f3mo afecta tu salud bucal<span class=\"ez-toc-section-end\"><\/span><\/h2>\n\n\n\n<p>EL <strong>periodontitis<\/strong> es un <strong>enfermedad periodontal<\/strong> que compromete la <strong>telas<\/strong> y <strong>huesos de soporte<\/strong> del <strong>dientes<\/strong>. EL <strong>infecci\u00f3n<\/strong> Generalmente surge de una <strong><a href=\"https:\/\/corpoequilibrado.com.br\/es\/tratamiento-de-los-sintomas-de-la-gingivitis\/\" title=\"Aprenda m\u00e1s sobre la gingivitis\">gingivitis<\/a><\/strong> sin tratamiento, causada por la acumulaci\u00f3n de <strong>placa bacteriana<\/strong> a nosotros <strong>dientes<\/strong> y a lo largo del <strong>l\u00ednea de las enc\u00edas<\/strong>. Con el tiempo, esto <strong>l\u00e1mina<\/strong> se convierte en <strong>T\u00e1rtaro<\/strong>, empeorando la <strong>inflamaci\u00f3n de las enc\u00edas<\/strong>.<\/p>\n\n\n\n<figure class=\"wp-block-image aligncenter size-large\"><img fetchpriority=\"high\" decoding=\"async\" width=\"1024\" height=\"585\" src=\"https:\/\/corpoequilibrado.com.br\/wp-content\/uploads\/2025\/04\/unnamed-file-176-1024x585.jpg\" alt=\"\u00bfCu\u00e1les son los s\u00edntomas de la periodontitis?\" class=\"wp-image-4096\" style=\"aspect-ratio:16\/9;object-fit:cover\" srcset=\"https:\/\/corpoequilibrado.com.br\/wp-content\/uploads\/2025\/04\/unnamed-file-176-1024x585.jpg 1024w, https:\/\/corpoequilibrado.com.br\/wp-content\/uploads\/2025\/04\/unnamed-file-176-300x171.jpg 300w, https:\/\/corpoequilibrado.com.br\/wp-content\/uploads\/2025\/04\/unnamed-file-176-768x439.jpg 768w, https:\/\/corpoequilibrado.com.br\/wp-content\/uploads\/2025\/04\/unnamed-file-176-18x10.jpg 18w, https:\/\/corpoequilibrado.com.br\/wp-content\/uploads\/2025\/04\/unnamed-file-176.jpg 1103w\" sizes=\"(max-width: 1024px) 100vw, 1024px\" \/><\/figure>\n\n\n\n<p>EL <strong>desarrollo de periodontitis<\/strong> puede conducir a <strong>aflojamiento<\/strong> del <strong>dientes<\/strong> y a <strong>p\u00e9rdida de dientes<\/strong>. EL <strong>La periodontitis es<\/strong> una condici\u00f3n grave, ya que <strong>bacterias<\/strong> Los regalos pueden entrar al torrente sangu\u00edneo y afectar otros \u00f3rganos. Ocuparse de <strong>salud bucal<\/strong> y <strong>cepillarse los dientes<\/strong> Al menos dos veces al d\u00eda son medidas fundamentales.<\/p>\n\n\n\n<h2 class=\"wp-block-heading\"><span class=\"ez-toc-section\" id=\"Quais_sao_os_sintomas_da_periodontite\"><\/span>\u00bfCu\u00e1les son los s\u00edntomas de la periodontitis?<span class=\"ez-toc-section-end\"><\/span><\/h2>\n\n\n\n<p>T\u00fa <strong>s\u00edntomas de periodontitis<\/strong> var\u00edan seg\u00fan la etapa de <strong>enfermedad<\/strong>. Los primeros signos incluyen: <strong>enc\u00edas inflamadas<\/strong>, rojo y con <strong>sangrado al cepillarse los dientes<\/strong> o utilizar <strong>hilo dental<\/strong>. Tambi\u00e9n pueden surgir <strong><a href=\"https:\/\/corpoequilibrado.com.br\/es\/mal-aliento\/\" title=\"Aprenda m\u00e1s sobre el mal aliento\">mal aliento<\/a><\/strong> constante, <strong>retracci\u00f3n de las enc\u00edas<\/strong> y <strong>sensaci\u00f3n de diente flojo<\/strong>.<\/p>\n\n\n\n<p>Con el avance de <strong>enfermedad<\/strong>, el espacio entre el <strong>diente y enc\u00eda<\/strong> aumenta, formando <strong>bolsas periodontales<\/strong> que se acumulan m\u00e1s <strong>bacterias<\/strong>. Esto intensifica la <strong>infecci\u00f3n<\/strong> y acelera la <strong>p\u00e9rdida de tejidos de sost\u00e9n<\/strong>. <strong>Identificar los s\u00edntomas<\/strong> de <strong>periodontitis<\/strong> Es esencial iniciar el <strong>tratamiento r\u00e1pido<\/strong>.<\/p>\n\n\n\n<h2 class=\"wp-block-heading\"><span class=\"ez-toc-section\" id=\"O_que_causa_a_periodontite_e_quem_tem_mais_risco\"><\/span>\u00bfQu\u00e9 causa la periodontitis y qui\u00e9n corre mayor riesgo?<span class=\"ez-toc-section-end\"><\/span><\/h2>\n\n\n\n<p>El principal <strong>causa de la periodontitis<\/strong> es el <strong>formaci\u00f3n de placa bacteriana<\/strong> a nosotros <strong>dientes<\/strong>, que no se elimina correctamente por el <strong>cepillo de dientes<\/strong>. Con el tiempo, esto <strong>l\u00e1mina<\/strong> se endurece y se convierte en <strong>T\u00e1rtaro<\/strong>, empeorando la <strong>inflamaci\u00f3n de las enc\u00edas<\/strong>.<\/p>\n\n\n\n<p><strong>Factores de riesgo<\/strong>:<\/p>\n\n\n\n<ul class=\"wp-block-list\">\n<li>Fumar<\/li>\n\n\n\n<li>Diabetes<\/li>\n\n\n\n<li>Predisposici\u00f3n gen\u00e9tica<\/li>\n\n\n\n<li>Cambios hormonales<\/li>\n\n\n\n<li>Baja inmunidad<\/li>\n\n\n\n<li>Mala higiene bucal<\/li>\n<\/ul>\n\n\n\n<p>Tenga cuidado con <strong>causas de la periodontitis<\/strong> ayuda en <strong>prevenci\u00f3n<\/strong>.<\/p>\n\n\n\n<h2 class=\"wp-block-heading\"><span class=\"ez-toc-section\" id=\"Diferenca_entre_gengivite_e_periodontite_quando_se_preocupar\"><\/span>Diferencia entre gingivitis y periodontitis: cu\u00e1ndo preocuparse<span class=\"ez-toc-section-end\"><\/span><\/h2>\n\n\n\n<p>EL <strong>gingivitis<\/strong> es la fase inicial de <strong>inflamaci\u00f3n de las enc\u00edas<\/strong>, caracterizado por <strong>enc\u00edas rojas<\/strong>, sensible y con <strong>sangr\u00eda<\/strong>. Si no se trata, puede convertirse en <strong>periodontitis<\/strong>, afectando a la <strong>hueso<\/strong> y el <strong>ligamento periodontal<\/strong>, comprometiendo la <strong>fijaci\u00f3n de los dientes<\/strong>.<\/p>\n\n\n\n<figure class=\"wp-block-image aligncenter size-large\"><img decoding=\"async\" width=\"1024\" height=\"585\" src=\"https:\/\/corpoequilibrado.com.br\/wp-content\/uploads\/2025\/04\/unnamed-file-177-1024x585.jpg\" alt=\"Diferencia entre gingivitis y periodontitis: cu\u00e1ndo preocuparse\" class=\"wp-image-4099\" style=\"aspect-ratio:16\/9;object-fit:cover\" srcset=\"https:\/\/corpoequilibrado.com.br\/wp-content\/uploads\/2025\/04\/unnamed-file-177-1024x585.jpg 1024w, https:\/\/corpoequilibrado.com.br\/wp-content\/uploads\/2025\/04\/unnamed-file-177-300x171.jpg 300w, https:\/\/corpoequilibrado.com.br\/wp-content\/uploads\/2025\/04\/unnamed-file-177-768x439.jpg 768w, https:\/\/corpoequilibrado.com.br\/wp-content\/uploads\/2025\/04\/unnamed-file-177-18x10.jpg 18w, https:\/\/corpoequilibrado.com.br\/wp-content\/uploads\/2025\/04\/unnamed-file-177.jpg 1103w\" sizes=\"(max-width: 1024px) 100vw, 1024px\" \/><\/figure>\n\n\n\n<p>Mientras que el <strong>gingivitis<\/strong> es reversible con <strong>buena higiene bucal<\/strong>, el <strong>periodontitis<\/strong> requiere <strong>intervenciones m\u00e1s complejas<\/strong>. Es por eso, <strong>s\u00edntomas persistentes<\/strong> debe ser evaluado por un <strong>dentista<\/strong>. <strong>Gingivitis y periodontitis<\/strong> son etapas del mismo problema y requieren <strong>atenci\u00f3n r\u00e1pida<\/strong>.<\/p>\n\n\n\n<blockquote class=\"wp-block-quote is-layout-flow wp-block-quote-is-layout-flow\">\n<p><strong>\ud83d\udc49La periodontitis es una de las complicaciones m\u00e1s graves para la salud bucal. Desc\u00fabrelo en nuestra <a href=\"https:\/\/corpoequilibrado.com.br\/es\/salud-bucal\/\" data-type=\"post\" data-id=\"4043\">Gu\u00eda completa para el cuidado de dientes y enc\u00edas<\/a> C\u00f3mo prevenir este y otros problemas comunes.<\/strong><\/p>\n<\/blockquote>\n\n\n\n<h2 class=\"wp-block-heading\"><span class=\"ez-toc-section\" id=\"Periodontite_inicial_como_identificar_e_tratar_no_comeco\"><\/span>Periodontitis temprana: c\u00f3mo identificarla y tratarla a tiempo<span class=\"ez-toc-section-end\"><\/span><\/h2>\n\n\n\n<p>En el <strong>periodontitis temprana<\/strong>, t\u00fa <strong>s\u00edntomas<\/strong> siguen siendo discretos: <strong>sangrado de enc\u00edas al cepillarse los dientes<\/strong>, <strong>mal aliento<\/strong> y luz <strong>retracci\u00f3n<\/strong>. El primer paso en <strong>tratamiento de <\/strong><a href=\"https:\/\/parodontax.com.br\/sobre-gengivite\/stages\/periodontite\/\" target=\"_blank\" rel=\"noreferrer noopener nofollow\"><strong>periodontitis<\/strong> <\/a>es mejorar la <strong>higiene bucal<\/strong> con <strong>cepillado correcto<\/strong> y el uso de <strong>hilo dental<\/strong> a diario.<\/p>\n\n\n\n<p>EL <strong>el dentista puede<\/strong> realizar <strong>limpieza profesional<\/strong> Para eliminar <strong>placas bacterianas<\/strong> y <strong>T\u00e1rtaro<\/strong> del <strong>dientes y debajo de la l\u00ednea de las enc\u00edas<\/strong>. En casos leves, esto es suficiente para <strong>controlar la infecci\u00f3n<\/strong> y restaurar el <strong>salud de las enc\u00edas<\/strong>.<\/p>\n\n\n\n<h2 class=\"wp-block-heading\"><span class=\"ez-toc-section\" id=\"Periodontite_avancada_riscos_e_complicacoes_se_nao_tratada\"><\/span>Periodontitis avanzada: riesgos y complicaciones si no se trata<span class=\"ez-toc-section-end\"><\/span><\/h2>\n\n\n\n<p>EL <strong>periodontitis avanzada<\/strong> Es una condici\u00f3n m\u00e1s grave, que compromete la <strong>huesos (tejido \u00f3seo)<\/strong> y puede conducir a <strong>p\u00e9rdida de dientes<\/strong>. Adem\u00e1s, la <strong>infecci\u00f3n de las enc\u00edas<\/strong> puede afectar la <strong>masticar<\/strong>, el <strong>\u00c9l habla<\/strong> y el <strong>autoestima<\/strong>.<\/p>\n\n\n\n<figure class=\"wp-block-image aligncenter size-large is-resized\"><img decoding=\"async\" width=\"1024\" height=\"585\" src=\"https:\/\/corpoequilibrado.com.br\/wp-content\/uploads\/2025\/04\/unnamed-file-178-1024x585.jpg\" alt=\"Periodontitis avanzada: riesgos y complicaciones si no se trata\" class=\"wp-image-4100\" style=\"aspect-ratio:1.7777777777777777;object-fit:cover;width:1024px;height:auto\" srcset=\"https:\/\/corpoequilibrado.com.br\/wp-content\/uploads\/2025\/04\/unnamed-file-178-1024x585.jpg 1024w, https:\/\/corpoequilibrado.com.br\/wp-content\/uploads\/2025\/04\/unnamed-file-178-300x171.jpg 300w, https:\/\/corpoequilibrado.com.br\/wp-content\/uploads\/2025\/04\/unnamed-file-178-768x439.jpg 768w, https:\/\/corpoequilibrado.com.br\/wp-content\/uploads\/2025\/04\/unnamed-file-178-18x10.jpg 18w, https:\/\/corpoequilibrado.com.br\/wp-content\/uploads\/2025\/04\/unnamed-file-178.jpg 1103w\" sizes=\"(max-width: 1024px) 100vw, 1024px\" \/><\/figure>\n\n\n\n<p>Si no se trata, la <strong>periodontitis<\/strong> puede afectar la <strong>dientes y mand\u00edbula<\/strong>, y est\u00e1 vinculado a <strong>enfermedades cardiovasculares<\/strong> y <strong>diabetes<\/strong>. Casos de <strong>periodontitis m\u00e1s severa<\/strong> requieren un seguimiento frecuente y pueden necesitar <strong>tratamiento profesional<\/strong> con <strong>procedimientos avanzados<\/strong>.<\/p>\n\n\n\n<h2 class=\"wp-block-heading\"><span class=\"ez-toc-section\" id=\"Como_e_feito_o_tratamento_da_periodontite\"><\/span>\u00bfC\u00f3mo se trata la periodontitis?<span class=\"ez-toc-section-end\"><\/span><\/h2>\n\n\n\n<p>EL <strong>tratamiento de la periodontitis<\/strong> Var\u00eda seg\u00fan la gravedad. Empezar con <strong>Raspado y alisado radicular<\/strong>, que eliminan <strong>placa bacteriana<\/strong> y <strong>T\u00e1rtaro<\/strong> de las superficies de los dientes y <strong>ra\u00edces de los dientes<\/strong>. Eso <strong>tipo de tratamiento<\/strong> reduce la <strong>inflamaci\u00f3n<\/strong> y facilita la <strong>adhesi\u00f3n de las enc\u00edas a los dientes<\/strong>.<\/p>\n\n\n\n<p>En casos m\u00e1s graves, la <strong>el dentista puede<\/strong> recomendar:<\/p>\n\n\n\n<ul class=\"wp-block-list\">\n<li>Uso de <strong>antibi\u00f3tico<\/strong><\/li>\n\n\n\n<li>Cirug\u00eda periodontal<\/li>\n\n\n\n<li><strong>Injerto \u00f3seo<\/strong> o tela<\/li>\n<\/ul>\n\n\n\n<p>Estos <strong>opciones de tratamiento profesional<\/strong> se indican cuando hay <strong>p\u00e9rdida \u00f3sea significativa<\/strong>. El \u00e9xito depende de <strong>higiene bucal<\/strong> y de la <strong>hacer un seguimiento<\/strong>.<\/p>\n\n\n\n<h2 class=\"wp-block-heading\"><span class=\"ez-toc-section\" id=\"Periodontite_tem_cura_Entenda_o_que_esperar_do_tratamento\"><\/span>\u00bfLa periodontitis tiene cura? Comprenda qu\u00e9 esperar del tratamiento<span class=\"ez-toc-section-end\"><\/span><\/h2>\n\n\n\n<p>EL <strong>periodontitis<\/strong> \u00bfpodr\u00eda ser? <strong>revisado<\/strong> con <strong>tratamiento adecuado<\/strong> y <strong>mantenimiento estricto de la higiene bucal<\/strong>. Sin embargo, en etapas avanzadas, el da\u00f1o puede ser <strong>irreversible<\/strong>. Por lo tanto, es fundamental iniciar el tratamiento lo antes posible.<\/p>\n\n\n\n<figure class=\"wp-block-image aligncenter size-large is-resized\"><img loading=\"lazy\" decoding=\"async\" width=\"1024\" height=\"585\" src=\"https:\/\/corpoequilibrado.com.br\/wp-content\/uploads\/2025\/04\/unnamed-file-179-1024x585.jpg\" alt=\"\u00bfLa periodontitis tiene cura? Comprenda qu\u00e9 esperar del tratamiento\" class=\"wp-image-4101\" style=\"aspect-ratio:1.7777777777777777;object-fit:cover;width:1024px;height:auto\" srcset=\"https:\/\/corpoequilibrado.com.br\/wp-content\/uploads\/2025\/04\/unnamed-file-179-1024x585.jpg 1024w, https:\/\/corpoequilibrado.com.br\/wp-content\/uploads\/2025\/04\/unnamed-file-179-300x171.jpg 300w, https:\/\/corpoequilibrado.com.br\/wp-content\/uploads\/2025\/04\/unnamed-file-179-768x439.jpg 768w, https:\/\/corpoequilibrado.com.br\/wp-content\/uploads\/2025\/04\/unnamed-file-179-18x10.jpg 18w, https:\/\/corpoequilibrado.com.br\/wp-content\/uploads\/2025\/04\/unnamed-file-179.jpg 1103w\" sizes=\"(max-width: 1024px) 100vw, 1024px\" \/><\/figure>\n\n\n\n<p>EL <strong>el dentista puede<\/strong> Indicar medidas personalizadas para <strong>poner fin a la periodontitis<\/strong> y prevenir la progresi\u00f3n de <strong>enfermedad<\/strong>. EL <strong>tratamiento<\/strong> requiere <strong>disciplina y cuidado continuo<\/strong>.<\/p>\n\n\n\n<h2 class=\"wp-block-heading\"><span class=\"ez-toc-section\" id=\"Quando_a_cirurgia_e_necessaria_para_tratar_a_periodontite\"><\/span>Cu\u00e1ndo es necesaria la cirug\u00eda para tratar la periodontitis<span class=\"ez-toc-section-end\"><\/span><\/h2>\n\n\n\n<p>EL <strong>cirug\u00eda periodontal<\/strong> se indica cuando el <strong>tratamiento convencional<\/strong> no resuelve el <strong>infecci\u00f3n<\/strong> o cuando el <strong>bolsas gingivales<\/strong> son muy profundas Procedimientos como <strong>cirug\u00eda de colgajo<\/strong> permitir una limpieza m\u00e1s precisa <strong>debajo de la l\u00ednea de las enc\u00edas<\/strong>.<\/p>\n\n\n\n<p>Otros <strong>opciones de tratamiento<\/strong> incluir:<\/p>\n\n\n\n<ul class=\"wp-block-list\">\n<li><strong>Injertos \u00f3seos<\/strong><\/li>\n\n\n\n<li>T\u00e9cnicas regenerativas<\/li>\n<\/ul>\n\n\n\n<p>Estos enfoques ayudan a recuperar la <strong>telas<\/strong> y el <strong>fijaci\u00f3n de los dientes<\/strong>, reduciendo el riesgo de <strong>p\u00e9rdida de dientes<\/strong>. La elecci\u00f3n de <strong>tipo de tratamiento<\/strong> Depende de la etapa de <strong>enfermedad<\/strong> y evaluaci\u00f3n profesional.<\/p>\n\n\n\n<h2 class=\"wp-block-heading\"><span class=\"ez-toc-section\" id=\"Como_prevenir_a_periodontite_e_manter_a_saude_das_gengivas\"><\/span>C\u00f3mo prevenir la periodontitis y mantener las enc\u00edas sanas<span class=\"ez-toc-section-end\"><\/span><\/h2>\n\n\n\n<p>Mantener un <strong>buena salud bucal<\/strong> es la mejor manera de prevenir <strong>periodontitis<\/strong>. Algunas pr\u00e1cticas recomendadas:<\/p>\n\n\n\n<figure class=\"wp-block-image aligncenter size-large is-resized\"><img loading=\"lazy\" decoding=\"async\" width=\"1024\" height=\"585\" src=\"https:\/\/corpoequilibrado.com.br\/wp-content\/uploads\/2025\/04\/unnamed-file-180-1024x585.jpg\" alt=\"C\u00f3mo prevenir la periodontitis y mantener las enc\u00edas sanas\" class=\"wp-image-4102\" style=\"aspect-ratio:1.7777777777777777;object-fit:cover;width:1024px;height:auto\" srcset=\"https:\/\/corpoequilibrado.com.br\/wp-content\/uploads\/2025\/04\/unnamed-file-180-1024x585.jpg 1024w, https:\/\/corpoequilibrado.com.br\/wp-content\/uploads\/2025\/04\/unnamed-file-180-300x171.jpg 300w, https:\/\/corpoequilibrado.com.br\/wp-content\/uploads\/2025\/04\/unnamed-file-180-768x439.jpg 768w, https:\/\/corpoequilibrado.com.br\/wp-content\/uploads\/2025\/04\/unnamed-file-180-18x10.jpg 18w, https:\/\/corpoequilibrado.com.br\/wp-content\/uploads\/2025\/04\/unnamed-file-180.jpg 1103w\" sizes=\"(max-width: 1024px) 100vw, 1024px\" \/><\/figure>\n\n\n\n<ul class=\"wp-block-list\">\n<li><strong>Cepillarse los dientes<\/strong> correctamente<\/li>\n\n\n\n<li><strong>Use hilo dental<\/strong> a diario<\/li>\n\n\n\n<li>Visita el <strong>dentista<\/strong> regularmente<\/li>\n\n\n\n<li><strong>Evite fumar<\/strong><\/li>\n\n\n\n<li>Mantener un <strong>alimentaci\u00f3n equilibrada<\/strong><\/li>\n<\/ul>\n\n\n\n<p>EL <strong>saliva<\/strong> Tambi\u00e9n protege la boca y se puede estimular su flujo adecuado con <strong>buena hidrataci\u00f3n<\/strong>.<\/p>\n\n\n\n<h2 class=\"wp-block-heading\"><span class=\"ez-toc-section\" id=\"Conclusao_Cuidando_da_Saude_das_Suas_Gengivas\"><\/span>Conclusi\u00f3n: Cuidando la salud de sus enc\u00edas<span class=\"ez-toc-section-end\"><\/span><\/h2>\n\n\n\n<p>Ocuparse de <strong>cena<\/strong> es esencial preservar la <strong>dientes<\/strong> y evitar <strong>complicaciones<\/strong>. <strong>Cepillarse los dientes<\/strong>, <strong>seda floja<\/strong> y hacer <strong>visitas regulares al dentista<\/strong> ayuda a <strong>identificar<\/strong> y <strong>tratar temprano<\/strong> problemas de enc\u00edas.<\/p>\n\n\n\n<p><strong>La periodontitis es una enfermedad grave<\/strong>, pero con <strong>informaci\u00f3n de salud<\/strong> y con el cuidado correcto, es posible <strong>controlar sus efectos<\/strong>. Comprar <strong>prevenci\u00f3n<\/strong> y mantener el foco en <strong>higiene bucal<\/strong>.<\/p>\n\n\n\n<h2 class=\"wp-block-heading\"><span class=\"ez-toc-section\" id=\"FAQ_%E2%80%93_Perguntas_Frequentes_sobre_Periodontite\"><\/span>FAQ \u2013 Preguntas frecuentes sobre la periodontitis<span class=\"ez-toc-section-end\"><\/span><\/h2>\n\n\n\n<p><strong>\u00bfQu\u00e9 es la periodontitis?<\/strong><br><strong>Periodontitis<\/strong> es un <strong>infecci\u00f3n de las enc\u00edas<\/strong> grave que afecta a la <strong>tejidos de soporte de los dientes<\/strong>, lo que puede llevar a <strong>p\u00e9rdida de dientes<\/strong> Si no se trata.<\/p>\n\n\n\n<p><strong>\u00bfCu\u00e1les son los principales s\u00edntomas de la periodontitis?<\/strong><br>Incluir <strong>enc\u00edas rojas<\/strong>, <strong>sangrado al cepillarse los dientes<\/strong>, <strong>mal aliento<\/strong>, <strong>retracci\u00f3n gingival<\/strong> y <strong>sensaci\u00f3n de diente flojo<\/strong>.<\/p>\n\n\n\n<p><strong>\u00bfC\u00f3mo prevenir la periodontitis?<\/strong><br>Con <strong>buena higiene bucal<\/strong>: <strong>cepillarse los dientes<\/strong> al menos dos veces al d\u00eda, <strong>seda floja<\/strong> y visitar el <strong>dentista<\/strong> regularmente.<\/p>\n\n\n\n<p><strong>\u00bfLa periodontitis tiene cura?<\/strong><br>\u00bfPodr\u00eda ser? <strong>revisado<\/strong>, pero el <strong>da\u00f1os m\u00e1s graves<\/strong> ellos son <strong>irreversible<\/strong>. EL <strong>tratamiento temprano<\/strong> Mejora enormemente el pron\u00f3stico.<\/p>\n\n\n\n<p><strong>\u00bfCuando est\u00e1 indicada la cirug\u00eda?<\/strong><br>Cuando el <strong>bolsas gingivales<\/strong> son profundas y no responden a la <strong>tratamiento convencional<\/strong>.<\/p>\n\n\n\n<p><strong>\u00bfCu\u00e1l es la relaci\u00f3n con la salud general?<\/strong><br>EL <strong>periodontitis<\/strong> puede afectar la <strong>salud sist\u00e9mica<\/strong> y est\u00e1 asociado con <strong>enfermedades como la diabetes<\/strong> y <strong><a href=\"https:\/\/corpoequilibrado.com.br\/es\/problemas-cardiacos-y-circulatorios\/\" title=\"Aprenda m\u00e1s sobre los problemas cardiovasculares\">problemas cardiovasculares<\/a><\/strong>.<\/p>\n\n\n\n<p><\/p>","protected":false},"excerpt":{"rendered":"<p>La periodontitis es una amenaza real para la salud bucal. Aprenda c\u00f3mo evitarlo antes de que sea demasiado tarde.<\/p>","protected":false},"author":1,"featured_media":4095,"comment_status":"closed","ping_status":"open","sticky":false,"template":"","format":"standard","meta":{"_uag_custom_page_level_css":"","site-sidebar-layout":"default","site-content-layout":"","ast-site-content-layout":"default","site-content-style":"default","site-sidebar-style":"default","ast-global-header-display":"","ast-banner-title-visibility":"","ast-main-header-display":"","ast-hfb-above-header-display":"","ast-hfb-below-header-display":"","ast-hfb-mobile-header-display":"","site-post-title":"","ast-breadcrumbs-content":"","ast-featured-img":"","footer-sml-layout":"","ast-disable-related-posts":"","theme-transparent-header-meta":"","adv-header-id-meta":"","stick-header-meta":"","header-above-stick-meta":"","header-main-stick-meta":"","header-below-stick-meta":"","astra-migrate-meta-layouts":"set","ast-page-background-enabled":"default","ast-page-background-meta":{"desktop":{"background-color":"","background-image":"","background-repeat":"repeat","background-position":"center center","background-size":"auto","background-attachment":"scroll","background-type":"","background-media":"","overlay-type":"","overlay-color":"","overlay-opacity":"","overlay-gradient":""},"tablet":{"background-color":"","background-image":"","background-repeat":"repeat","background-position":"center center","background-size":"auto","background-attachment":"scroll","background-type":"","background-media":"","overlay-type":"","overlay-color":"","overlay-opacity":"","overlay-gradient":""},"mobile":{"background-color":"","background-image":"","background-repeat":"repeat","background-position":"center center","background-size":"auto","background-attachment":"scroll","background-type":"","background-media":"","overlay-type":"","overlay-color":"","overlay-opacity":"","overlay-gradient":""}},"ast-content-background-meta":{"desktop":{"background-color":"var(--ast-global-color-5)","background-image":"","background-repeat":"repeat","background-position":"center center","background-size":"auto","background-attachment":"scroll","background-type":"","background-media":"","overlay-type":"","overlay-color":"","overlay-opacity":"","overlay-gradient":""},"tablet":{"background-color":"var(--ast-global-color-5)","background-image":"","background-repeat":"repeat","background-position":"center center","background-size":"auto","background-attachment":"scroll","background-type":"","background-media":"","overlay-type":"","overlay-color":"","overlay-opacity":"","overlay-gradient":""},"mobile":{"background-color":"var(--ast-global-color-5)","background-image":"","background-repeat":"repeat","background-position":"center center","background-size":"auto","background-attachment":"scroll","background-type":"","background-media":"","overlay-type":"","overlay-color":"","overlay-opacity":"","overlay-gradient":""}},"footnotes":""},"categories":[75],"tags":[120,112],"class_list":["post-4103","post","type-post","status-publish","format-standard","has-post-thumbnail","hentry","category-saude-bucal-categoria","tag-dentes","tag-gengiva"],"uagb_featured_image_src":{"full":["https:\/\/corpoequilibrado.com.br\/wp-content\/uploads\/2025\/04\/unnamed-file-175.jpg",1103,630,false],"thumbnail":["https:\/\/corpoequilibrado.com.br\/wp-content\/uploads\/2025\/04\/unnamed-file-175-150x150.jpg",150,150,true],"medium":["https:\/\/corpoequilibrado.com.br\/wp-content\/uploads\/2025\/04\/unnamed-file-175-300x171.jpg",300,171,true],"medium_large":["https:\/\/corpoequilibrado.com.br\/wp-content\/uploads\/2025\/04\/unnamed-file-175-768x439.jpg",768,439,true],"large":["https:\/\/corpoequilibrado.com.br\/wp-content\/uploads\/2025\/04\/unnamed-file-175-1024x585.jpg",1024,585,true],"1536x1536":["https:\/\/corpoequilibrado.com.br\/wp-content\/uploads\/2025\/04\/unnamed-file-175.jpg",1103,630,false],"2048x2048":["https:\/\/corpoequilibrado.com.br\/wp-content\/uploads\/2025\/04\/unnamed-file-175.jpg",1103,630,false],"trp-custom-language-flag":["https:\/\/corpoequilibrado.com.br\/wp-content\/uploads\/2025\/04\/unnamed-file-175-18x10.jpg",18,10,true]},"uagb_author_info":{"display_name":"Equipe Corpo Equilibrado","author_link":"https:\/\/corpoequilibrado.com.br\/es\/author\/rcastello20gmail-com\/"},"uagb_comment_info":0,"uagb_excerpt":"Periodontite \u00e9 uma amea\u00e7a real \u00e0 sa\u00fade bucal. Aprenda a evit\u00e1-la antes que seja tarde demais.","_links":{"self":[{"href":"https:\/\/corpoequilibrado.com.br\/es\/wp-json\/wp\/v2\/posts\/4103","targetHints":{"allow":["GET"]}}],"collection":[{"href":"https:\/\/corpoequilibrado.com.br\/es\/wp-json\/wp\/v2\/posts"}],"about":[{"href":"https:\/\/corpoequilibrado.com.br\/es\/wp-json\/wp\/v2\/types\/post"}],"author":[{"embeddable":true,"href":"https:\/\/corpoequilibrado.com.br\/es\/wp-json\/wp\/v2\/users\/1"}],"replies":[{"embeddable":true,"href":"https:\/\/corpoequilibrado.com.br\/es\/wp-json\/wp\/v2\/comments?post=4103"}],"version-history":[{"count":0,"href":"https:\/\/corpoequilibrado.com.br\/es\/wp-json\/wp\/v2\/posts\/4103\/revisions"}],"wp:featuredmedia":[{"embeddable":true,"href":"https:\/\/corpoequilibrado.com.br\/es\/wp-json\/wp\/v2\/media\/4095"}],"wp:attachment":[{"href":"https:\/\/corpoequilibrado.com.br\/es\/wp-json\/wp\/v2\/media?parent=4103"}],"wp:term":[{"taxonomy":"category","embeddable":true,"href":"https:\/\/corpoequilibrado.com.br\/es\/wp-json\/wp\/v2\/categories?post=4103"},{"taxonomy":"post_tag","embeddable":true,"href":"https:\/\/corpoequilibrado.com.br\/es\/wp-json\/wp\/v2\/tags?post=4103"}],"curies":[{"name":"wp","href":"https:\/\/api.w.org\/{rel}","templated":true}]}}