{"id":4115,"date":"2025-04-12T12:35:01","date_gmt":"2025-04-12T15:35:01","guid":{"rendered":"https:\/\/corpoequilibrado.com.br\/?p=4115"},"modified":"2025-04-18T14:52:03","modified_gmt":"2025-04-18T17:52:03","slug":"mal-aliento","status":"publish","type":"post","link":"https:\/\/corpoequilibrado.com.br\/es\/mal-aliento\/","title":{"rendered":"Mal aliento: causas, tratamientos y c\u00f3mo eliminarlo eficazmente"},"content":{"rendered":"<p>EL <strong>mal aliento<\/strong>, o <strong>halitosis<\/strong>, es un problema com\u00fan que puede ser causado por <strong>mala higiene bucal<\/strong>, <strong>enfermedades dentales<\/strong>, <strong>problemas digestivos<\/strong> como <strong><a href=\"https:\/\/corpoequilibrado.com.br\/es\/tratamiento-de-los-sintomas-del-reflujo\/\" title=\"Aprenda m\u00e1s sobre el reflujo\">reflujo<\/a><\/strong> o <strong>infecciones de garganta<\/strong>. Para uno <strong>tratamiento eficaz<\/strong>Es vital mantener <strong>h\u00e1bitos bucales regulares<\/strong> y busque atenci\u00f3n m\u00e9dica si <strong>los s\u00edntomas persisten<\/strong>, asegurando la identificaci\u00f3n precisa de <strong>causas del mal aliento<\/strong>.<\/p><div id=\"ez-toc-container\" class=\"ez-toc-v2_0_82_2 counter-hierarchy ez-toc-counter ez-toc-grey ez-toc-container-direction\">\n<div class=\"ez-toc-title-container\">\n<p class=\"ez-toc-title\" style=\"cursor:inherit\">Resumen<\/p>\n<span class=\"ez-toc-title-toggle\"><\/span><\/div>\n<nav><ul class='ez-toc-list ez-toc-list-level-1' ><li class='ez-toc-page-1 ez-toc-heading-level-2'><a class=\"ez-toc-link ez-toc-heading-1\" href=\"https:\/\/corpoequilibrado.com.br\/es\/mal-aliento\/#Mau_halito_o_que_pode_ser\" >Mal aliento: \u00bfqu\u00e9 podr\u00eda ser?<\/a><\/li><li class='ez-toc-page-1 ez-toc-heading-level-2'><a class=\"ez-toc-link ez-toc-heading-2\" href=\"https:\/\/corpoequilibrado.com.br\/es\/mal-aliento\/#Quais_sao_as_principais_causas_do_mau_halito\" >\u00bfCu\u00e1les son las principales causas del mal aliento?<\/a><\/li><li class='ez-toc-page-1 ez-toc-heading-level-2'><a class=\"ez-toc-link ez-toc-heading-3\" href=\"https:\/\/corpoequilibrado.com.br\/es\/mal-aliento\/#Como_identificar_se_o_mau_halito_vem_do_estomago_ou_da_boca\" >\u00bfC\u00f3mo identificar si el mal aliento viene del est\u00f3mago o de la boca?<\/a><\/li><li class='ez-toc-page-1 ez-toc-heading-level-2'><a class=\"ez-toc-link ez-toc-heading-4\" href=\"https:\/\/corpoequilibrado.com.br\/es\/mal-aliento\/#O_que_pode_causar_mau_halito_com_cheiro_de_fezes_ou_podre\" >\u00bfQu\u00e9 puede causar el mal aliento con olor a heces o podredumbre?<\/a><\/li><li class='ez-toc-page-1 ez-toc-heading-level-2'><a class=\"ez-toc-link ez-toc-heading-5\" href=\"https:\/\/corpoequilibrado.com.br\/es\/mal-aliento\/#Como_tratar_o_mau_halito_com_solucoes_caseiras_e_naturais\" >\u00bfC\u00f3mo tratar el mal aliento con soluciones caseras y naturales?<\/a><\/li><li class='ez-toc-page-1 ez-toc-heading-level-2'><a class=\"ez-toc-link ez-toc-heading-6\" href=\"https:\/\/corpoequilibrado.com.br\/es\/mal-aliento\/#Mau_halito_em_criancas_quando_se_preocupar\" >Mal aliento en ni\u00f1os: \u00bfcu\u00e1ndo preocuparse?<\/a><\/li><li class='ez-toc-page-1 ez-toc-heading-level-2'><a class=\"ez-toc-link ez-toc-heading-7\" href=\"https:\/\/corpoequilibrado.com.br\/es\/mal-aliento\/#Qual_a_relacao_entre_mau_halito_e_problemas_na_garganta\" >\u00bfCu\u00e1l es la relaci\u00f3n entre el mal aliento y los problemas de garganta?<\/a><\/li><li class='ez-toc-page-1 ez-toc-heading-level-2'><a class=\"ez-toc-link ez-toc-heading-8\" href=\"https:\/\/corpoequilibrado.com.br\/es\/mal-aliento\/#Mau_halito_pode_ser_refluxo\" >\u00bfEl mal aliento podr\u00eda ser reflujo?<\/a><\/li><li class='ez-toc-page-1 ez-toc-heading-level-2'><a class=\"ez-toc-link ez-toc-heading-9\" href=\"https:\/\/corpoequilibrado.com.br\/es\/mal-aliento\/#Como_eliminar_o_mau_halito_de_forma_definitiva\" >\u00bfC\u00f3mo eliminar el mal aliento de forma permanente?<\/a><\/li><li class='ez-toc-page-1 ez-toc-heading-level-2'><a class=\"ez-toc-link ez-toc-heading-10\" href=\"https:\/\/corpoequilibrado.com.br\/es\/mal-aliento\/#Quando_procurar_ajuda_medica_para_o_mau_halito\" >\u00bfCu\u00e1ndo buscar ayuda m\u00e9dica para el mal aliento?<\/a><\/li><li class='ez-toc-page-1 ez-toc-heading-level-2'><a class=\"ez-toc-link ez-toc-heading-11\" href=\"https:\/\/corpoequilibrado.com.br\/es\/mal-aliento\/#Consideracoes_finais_sobre_o_mau_halito\" >Consideraciones finales sobre el mal aliento<\/a><\/li><li class='ez-toc-page-1 ez-toc-heading-level-2'><a class=\"ez-toc-link ez-toc-heading-12\" href=\"https:\/\/corpoequilibrado.com.br\/es\/mal-aliento\/#FAQ_%E2%80%93_Duvidas_frequentes_sobre_mau_halito\" >FAQ \u2013 Preguntas frecuentes sobre el mal aliento<\/a><\/li><\/ul><\/nav><\/div>\n\n\n\n\n<p>Tener <strong>mal aliento<\/strong> Puede afectar la autoestima y la interacci\u00f3n social. Pero la buena noticia es que se puede prevenir. Aqu\u00ed exploraremos el <strong>causas principales<\/strong>, <strong>formas de tratamiento<\/strong> y <strong>Preguntas frecuentes sobre el mal aliento<\/strong>, para ayudarle a mantener la <strong>aliento fresco<\/strong> y el <strong><a href=\"https:\/\/corpoequilibrado.com.br\/es\/salud-bucal\/\" title=\"Aprenda m\u00e1s sobre la salud bucal\">salud bucal<\/a><\/strong> A hoy.<\/p>\n\n\n\n<h2 class=\"wp-block-heading\"><span class=\"ez-toc-section\" id=\"Mau_halito_o_que_pode_ser\"><\/span>Mal aliento: \u00bfqu\u00e9 podr\u00eda ser?<span class=\"ez-toc-section-end\"><\/span><\/h2>\n\n\n\n<p>EL <strong>El mal aliento es causado<\/strong> en la mayor\u00eda de los casos debido a problemas dentro de la boca. Comida atrapada entre los <strong>dientes<\/strong>, <strong>placa bacteriana<\/strong> y el <strong>recubrimiento lingual<\/strong> (acumulaci\u00f3n de residuos en la lengua) crean el ambiente perfecto para <strong>bacterias que causan mal olor<\/strong>. Adem\u00e1s, <strong><a href=\"https:\/\/corpoequilibrado.com.br\/es\/tratamiento-de-los-sintomas-de-la-gingivitis\/\" title=\"Aprenda m\u00e1s sobre la gingivitis\">gingivitis<\/a><\/strong>, <strong>caries<\/strong> y el <strong>falta de cepillado adecuado<\/strong> empeorar la situaci\u00f3n.<\/p>\n\n\n\n<p>Otros factores incluyen:<\/p>\n\n\n\n<ul class=\"wp-block-list\">\n<li><strong>Fumar<\/strong> y <strong>bebidas alcoh\u00f3licas<\/strong>, que reducen la <strong>producci\u00f3n de saliva<\/strong><\/li>\n\n\n\n<li><strong>Reflujo gastroesof\u00e1gico<\/strong>, que lleva el \u00e1cido del est\u00f3mago a la boca.<\/li>\n\n\n\n<li><strong>Boca seca<\/strong>, tambi\u00e9n llamado <strong>xerostom\u00eda<\/strong>, lo que dificulta la eliminaci\u00f3n de bacterias.<\/li>\n<\/ul>\n\n\n\n<p>En estos casos, adem\u00e1s de la <strong>higiene bucal<\/strong>Es importante evaluar <strong>cambios digestivos<\/strong> o <strong>respiratorio<\/strong> con un profesional.<\/p>\n\n\n\n<h2 class=\"wp-block-heading\"><span class=\"ez-toc-section\" id=\"Quais_sao_as_principais_causas_do_mau_halito\"><\/span>\u00bfCu\u00e1les son las principales causas del mal aliento?<span class=\"ez-toc-section-end\"><\/span><\/h2>\n\n\n\n<p>EL <strong>causa principal del mal aliento<\/strong> es el <strong>mala higiene bucal<\/strong>. El desperdicio de alimentos acumulado promueve <strong>proliferaci\u00f3n bacteriana<\/strong>, liberando <strong>gases de azufre<\/strong> que resultan en <strong>olor desagradable<\/strong>. El cepillado debe incluir:<\/p>\n\n\n\n<figure class=\"wp-block-image aligncenter size-large\"><img fetchpriority=\"high\" decoding=\"async\" width=\"1024\" height=\"585\" src=\"https:\/\/corpoequilibrado.com.br\/wp-content\/uploads\/2025\/04\/unnamed-file-182-1024x585.jpg\" alt=\"\u00bfCu\u00e1les son las principales causas del mal aliento?\" class=\"wp-image-4109\" style=\"aspect-ratio:16\/9;object-fit:cover\" srcset=\"https:\/\/corpoequilibrado.com.br\/wp-content\/uploads\/2025\/04\/unnamed-file-182-1024x585.jpg 1024w, https:\/\/corpoequilibrado.com.br\/wp-content\/uploads\/2025\/04\/unnamed-file-182-300x171.jpg 300w, https:\/\/corpoequilibrado.com.br\/wp-content\/uploads\/2025\/04\/unnamed-file-182-768x439.jpg 768w, https:\/\/corpoequilibrado.com.br\/wp-content\/uploads\/2025\/04\/unnamed-file-182-18x10.jpg 18w, https:\/\/corpoequilibrado.com.br\/wp-content\/uploads\/2025\/04\/unnamed-file-182.jpg 1103w\" sizes=\"(max-width: 1024px) 100vw, 1024px\" \/><\/figure>\n\n\n\n<ul class=\"wp-block-list\">\n<li><strong>Cepillarse los dientes<\/strong> y el <strong>idioma<\/strong> frecuentemente<\/li>\n\n\n\n<li><strong>Uso de hilo dental<\/strong><\/li>\n\n\n\n<li>Intercambio regular de <strong>cepillo de dientes<\/strong><\/li>\n<\/ul>\n\n\n\n<p>Adem\u00e1s, <strong>gingivitis<\/strong> y <strong>enfermedades periodontales<\/strong> puede causar <strong>halitosis<\/strong> persistente, que requiere seguimiento por parte de un <strong>dentista<\/strong>.<\/p>\n\n\n\n<p>Otros factores que <strong>puede causar mal aliento<\/strong>:<\/p>\n\n\n\n<ul class=\"wp-block-list\">\n<li><strong>Alimento<\/strong> como el ajo, la cebolla y el caf\u00e9<\/li>\n\n\n\n<li><strong>Boca seca en general<\/strong> asociado con el uso de medicamentos o respiraci\u00f3n bucal<\/li>\n\n\n\n<li>Largos periodos sin comer (<strong>tiempo sin comer<\/strong>)<\/li>\n<\/ul>\n\n\n\n<h2 class=\"wp-block-heading\"><span class=\"ez-toc-section\" id=\"Como_identificar_se_o_mau_halito_vem_do_estomago_ou_da_boca\"><\/span>\u00bfC\u00f3mo identificar si el mal aliento viene del est\u00f3mago o de la boca?<span class=\"ez-toc-section-end\"><\/span><\/h2>\n\n\n\n<p>Para descubrir el <strong>origen del mal aliento<\/strong>, eval\u00faa tu <strong>rutina de higiene bucal<\/strong>. Si usted <strong>cep\u00edllate los dientes dos veces al d\u00eda<\/strong>, usos <strong>hilo dental<\/strong> y mantiene el <strong>boca limpia<\/strong>, pero el <strong>mal olor<\/strong> persiste, la causa puede ser <strong>g\u00e1strico<\/strong>.<\/p>\n\n\n\n<p><strong>Signos de halitosis estomacal:<\/strong><\/p>\n\n\n\n<ul class=\"wp-block-list\">\n<li><strong>Reflujo<\/strong> o sabor amargo en la boca<\/li>\n\n\n\n<li>Olor constante, incluso con buena higiene.<\/li>\n\n\n\n<li>S\u00edntomas como acidez de est\u00f3mago o <strong>digesti\u00f3n dif\u00edcil<\/strong><\/li>\n<\/ul>\n\n\n\n<p>EL <strong>el doctor puede<\/strong> solicitar ex\u00e1menes y <strong>Indicar el mejor tratamiento<\/strong> para cada caso.<\/p>\n\n\n\n<h2 class=\"wp-block-heading\"><span class=\"ez-toc-section\" id=\"O_que_pode_causar_mau_halito_com_cheiro_de_fezes_ou_podre\"><\/span>\u00bfQu\u00e9 puede causar el mal aliento con olor a heces o podredumbre?<span class=\"ez-toc-section-end\"><\/span><\/h2>\n\n\n\n<p>Este tipo de <strong>olor del aliento<\/strong> Puede estar vinculado a:<\/p>\n\n\n\n<figure class=\"wp-block-image aligncenter size-large\"><img decoding=\"async\" width=\"1024\" height=\"585\" src=\"https:\/\/corpoequilibrado.com.br\/wp-content\/uploads\/2025\/04\/unnamed-file-183-1024x585.jpg\" alt=\"\u00bfQu\u00e9 puede causar el mal aliento con olor a heces o podredumbre?\" class=\"wp-image-4110\" style=\"aspect-ratio:16\/9;object-fit:cover\" srcset=\"https:\/\/corpoequilibrado.com.br\/wp-content\/uploads\/2025\/04\/unnamed-file-183-1024x585.jpg 1024w, https:\/\/corpoequilibrado.com.br\/wp-content\/uploads\/2025\/04\/unnamed-file-183-300x171.jpg 300w, https:\/\/corpoequilibrado.com.br\/wp-content\/uploads\/2025\/04\/unnamed-file-183-768x439.jpg 768w, https:\/\/corpoequilibrado.com.br\/wp-content\/uploads\/2025\/04\/unnamed-file-183-18x10.jpg 18w, https:\/\/corpoequilibrado.com.br\/wp-content\/uploads\/2025\/04\/unnamed-file-183.jpg 1103w\" sizes=\"(max-width: 1024px) 100vw, 1024px\" \/><\/figure>\n\n\n\n<ul class=\"wp-block-list\">\n<li><strong>Infecciones pulmonares<\/strong> o hep\u00e1tica<\/li>\n\n\n\n<li>Problemas renales<\/li>\n\n\n\n<li><strong>Sinusitis<\/strong> con acumulaci\u00f3n de secreci\u00f3n <strong>nasal<\/strong><\/li>\n\n\n\n<li><strong>Obstrucci\u00f3n intestinal<\/strong><\/li>\n<\/ul>\n\n\n\n<p>EL <strong>La halitosis es<\/strong> clasificado como <strong>sist\u00e9mico<\/strong> cuando el origen est\u00e1 fuera de la <strong>regi\u00f3n de la boca<\/strong>. En estos casos, la <strong>El mal aliento puede estar acompa\u00f1ado de otros s\u00edntomas.<\/strong>, y la evaluaci\u00f3n m\u00e9dica es esencial.<\/p>\n\n\n\n<h2 class=\"wp-block-heading\"><span class=\"ez-toc-section\" id=\"Como_tratar_o_mau_halito_com_solucoes_caseiras_e_naturais\"><\/span>\u00bfC\u00f3mo tratar el mal aliento con soluciones caseras y naturales?<span class=\"ez-toc-section-end\"><\/span><\/h2>\n\n\n\n<p>Algunas alternativas naturales pueden ayudar a combatir <strong>mal olor<\/strong> en la boca:<\/p>\n\n\n\n<ul class=\"wp-block-list\">\n<li><strong>Enjuague bucal con bicarbonato de sodio<\/strong> diluido en agua<\/li>\n\n\n\n<li><strong>T\u00e9 de menta<\/strong> o masticar hojas de <strong>perejil<\/strong> fresco<\/li>\n\n\n\n<li>Bebe mucha agua durante el d\u00eda.<\/li>\n\n\n\n<li><strong>Mastica chicle sin az\u00facar<\/strong> Para estimular la <strong>producci\u00f3n de saliva<\/strong><\/li>\n<\/ul>\n\n\n\n<p>Estos m\u00e9todos ayudan con la limpieza y <strong>eliminaci\u00f3n de bacterias<\/strong>, pero no reemplace el <strong>cepillado regular<\/strong> y la consulta con la <strong>dentista<\/strong>.<\/p>\n\n\n\n<h2 class=\"wp-block-heading\"><span class=\"ez-toc-section\" id=\"Mau_halito_em_criancas_quando_se_preocupar\"><\/span>Mal aliento en ni\u00f1os: \u00bfcu\u00e1ndo preocuparse?<span class=\"ez-toc-section-end\"><\/span><\/h2>\n\n\n\n<p>Es com\u00fan <strong>tener mal aliento<\/strong> al despertar, incluso en ni\u00f1os. Sin embargo, el <strong>el mal aliento persiste<\/strong> Durante el d\u00eda puede indicar:<\/p>\n\n\n\n<figure class=\"wp-block-image aligncenter size-large\"><img decoding=\"async\" width=\"1024\" height=\"585\" src=\"https:\/\/corpoequilibrado.com.br\/wp-content\/uploads\/2025\/04\/unnamed-file-184-1024x585.jpg\" alt=\"Mal aliento en ni\u00f1os: \u00bfcu\u00e1ndo preocuparse?\" class=\"wp-image-4112\" style=\"aspect-ratio:16\/9;object-fit:cover\" srcset=\"https:\/\/corpoequilibrado.com.br\/wp-content\/uploads\/2025\/04\/unnamed-file-184-1024x585.jpg 1024w, https:\/\/corpoequilibrado.com.br\/wp-content\/uploads\/2025\/04\/unnamed-file-184-300x171.jpg 300w, https:\/\/corpoequilibrado.com.br\/wp-content\/uploads\/2025\/04\/unnamed-file-184-768x439.jpg 768w, https:\/\/corpoequilibrado.com.br\/wp-content\/uploads\/2025\/04\/unnamed-file-184-18x10.jpg 18w, https:\/\/corpoequilibrado.com.br\/wp-content\/uploads\/2025\/04\/unnamed-file-184.jpg 1103w\" sizes=\"(max-width: 1024px) 100vw, 1024px\" \/><\/figure>\n\n\n\n<ul class=\"wp-block-list\">\n<li><strong>Falta de cepillado adecuado<\/strong><\/li>\n\n\n\n<li><strong>Caries<\/strong> o <strong>gingivitis<\/strong><\/li>\n\n\n\n<li>Problemas respiratorios como <strong>sinusitis<\/strong> o am\u00edgdalas inflamadas<\/li>\n<\/ul>\n\n\n\n<p>Comprueba si el ni\u00f1o est\u00e1 <strong>cepillarse los dientes antes de acostarse<\/strong>, bebiendo suficiente agua y utilizando <strong>hilo dental<\/strong>. Si el problema persiste, ll\u00e9velo al <strong>dentista<\/strong> o pediatra.<\/p>\n\n\n\n<h2 class=\"wp-block-heading\"><span class=\"ez-toc-section\" id=\"Qual_a_relacao_entre_mau_halito_e_problemas_na_garganta\"><\/span>\u00bfCu\u00e1l es la relaci\u00f3n entre el mal aliento y los problemas de garganta?<span class=\"ez-toc-section-end\"><\/span><\/h2>\n\n\n\n<p><strong>Problemas de garganta<\/strong>, como <strong>amigdalitis<\/strong> o presencia de <strong>caseum amigdalino<\/strong>, puede ser <strong>una de las principales causas del mal aliento<\/strong>. Estas formaciones blanquecinas en las am\u00edgdalas se acumulan <strong>bacterias<\/strong> y causar una <strong>mal olor<\/strong> caracter\u00edstica.<\/p>\n\n\n\n<p>Tambi\u00e9n pueden causar:<\/p>\n\n\n\n<ul class=\"wp-block-list\">\n<li><strong>Sensaci\u00f3n de cuerpo extra\u00f1o en la garganta<\/strong><\/li>\n\n\n\n<li><strong>Irritaci\u00f3n o dolor leve al tragar<\/strong><\/li>\n<\/ul>\n\n\n\n<p>EL <strong>dentista<\/strong> o un otorrinolaring\u00f3logo puede indicar c\u00f3mo tratarlo, ya sea retirando el caseum o utilizando antis\u00e9pticos espec\u00edficos.<\/p>\n\n\n\n<blockquote class=\"wp-block-quote is-layout-flow wp-block-quote-is-layout-flow\">\n<p><strong>\ud83d\udc49El mal aliento puede tener varias causas, y muchas de ellas est\u00e1n relacionadas con la higiene bucal. Descubre c\u00f3mo evitarlo en nuestro <a href=\"https:\/\/corpoequilibrado.com.br\/es\/salud-bucal\/\" data-type=\"post\" data-id=\"4043\">Gu\u00eda completa de salud bucal.<\/a><\/strong><\/p>\n<\/blockquote>\n\n\n\n<h2 class=\"wp-block-heading\"><span class=\"ez-toc-section\" id=\"Mau_halito_pode_ser_refluxo\"><\/span>\u00bfEl mal aliento podr\u00eda ser reflujo?<span class=\"ez-toc-section-end\"><\/span><\/h2>\n\n\n\n<p>S\u00ed. El <strong>reflujo gastroesof\u00e1gico<\/strong> es un <strong>de las causas de la halitosis<\/strong>. Cuando el <strong>es\u00f3fago<\/strong> permite el paso de los \u00e1cidos del est\u00f3mago a la boca, una <strong>cambio en la respiraci\u00f3n<\/strong>.<\/p>\n\n\n\n<figure class=\"wp-block-image aligncenter size-large\"><img loading=\"lazy\" decoding=\"async\" width=\"1024\" height=\"585\" src=\"https:\/\/corpoequilibrado.com.br\/wp-content\/uploads\/2025\/04\/unnamed-file-185-1024x585.jpg\" alt=\"\u00bfEl mal aliento podr\u00eda ser reflujo?\" class=\"wp-image-4113\" style=\"aspect-ratio:16\/9;object-fit:cover\" srcset=\"https:\/\/corpoequilibrado.com.br\/wp-content\/uploads\/2025\/04\/unnamed-file-185-1024x585.jpg 1024w, https:\/\/corpoequilibrado.com.br\/wp-content\/uploads\/2025\/04\/unnamed-file-185-300x171.jpg 300w, https:\/\/corpoequilibrado.com.br\/wp-content\/uploads\/2025\/04\/unnamed-file-185-768x439.jpg 768w, https:\/\/corpoequilibrado.com.br\/wp-content\/uploads\/2025\/04\/unnamed-file-185-18x10.jpg 18w, https:\/\/corpoequilibrado.com.br\/wp-content\/uploads\/2025\/04\/unnamed-file-185.jpg 1103w\" sizes=\"(max-width: 1024px) 100vw, 1024px\" \/><\/figure>\n\n\n\n<p>Otros signos incluyen:<\/p>\n\n\n\n<ul class=\"wp-block-list\">\n<li><strong>Acidez<\/strong> frecuente<\/li>\n\n\n\n<li><strong>Sabor amargo<\/strong> o \u00e1cido en la boca<\/li>\n\n\n\n<li>Sensaci\u00f3n de pesadez despu\u00e9s de comer<\/li>\n<\/ul>\n\n\n\n<p>En tales casos, una <strong>el doctor puede<\/strong> Indicar dieta y medicamentos para controlar la <strong>problema digestivo<\/strong> y, en consecuencia, la <strong>olor del aliento<\/strong>.<\/p>\n\n\n\n<h2 class=\"wp-block-heading\"><span class=\"ez-toc-section\" id=\"Como_eliminar_o_mau_halito_de_forma_definitiva\"><\/span>\u00bfC\u00f3mo eliminar el mal aliento de forma permanente?<span class=\"ez-toc-section-end\"><\/span><\/h2>\n\n\n\n<p>Para mantener la <strong>aliento fresco<\/strong>:<\/p>\n\n\n\n<ul class=\"wp-block-list\">\n<li><strong>Cep\u00edllate los dientes dos veces al d\u00eda<\/strong><\/li>\n\n\n\n<li><strong>Usar hilo dental antes de acostarse<\/strong><\/li>\n\n\n\n<li><strong>Limpiar la lengua<\/strong> con cepillo o raspador<\/li>\n\n\n\n<li><strong>Beber agua<\/strong> frecuentemente<\/li>\n\n\n\n<li><strong>Evite el ayuno prolongado<\/strong><\/li>\n<\/ul>\n\n\n\n<p>A nosotros <strong>casos de <a href=\"https:\/\/drauziovarella.uol.com.br\/gastroenterologia\/mau-halito-a-culpa-nao-e-do-estomago\/\" target=\"_blank\" rel=\"noreferrer noopener nofollow\">mal aliento<\/a><\/strong> persistente, lo ideal es buscar una <strong>dentista<\/strong> a <strong>diagn\u00f3stico y tratamiento<\/strong> adecuado.<\/p>\n\n\n\n<p>Otras medidas incluyen:<\/p>\n\n\n\n<ul class=\"wp-block-list\">\n<li>Evaluar el uso de <strong>saliva artificial<\/strong> en casos de <strong>boca seca<\/strong><\/li>\n\n\n\n<li>Tratar <strong>enfermedades periodontales<\/strong> o <strong>digestivo<\/strong><\/li>\n\n\n\n<li>Controlar el <a href=\"https:\/\/corpoequilibrado.com.br\/es\/sintomas-de-cortisol-alto\/\" title=\"Aprenda m\u00e1s sobre el estr\u00e9s\">estr\u00e9s<\/a>, lo que puede afectar la <strong>salud bucal<\/strong><\/li>\n<\/ul>\n\n\n\n<h2 class=\"wp-block-heading\"><span class=\"ez-toc-section\" id=\"Quando_procurar_ajuda_medica_para_o_mau_halito\"><\/span>\u00bfCu\u00e1ndo buscar ayuda m\u00e9dica para el mal aliento?<span class=\"ez-toc-section-end\"><\/span><\/h2>\n\n\n\n<p>Debes buscar ayuda cuando:<\/p>\n\n\n\n<figure class=\"wp-block-image aligncenter size-large\"><img loading=\"lazy\" decoding=\"async\" width=\"1024\" height=\"585\" src=\"https:\/\/corpoequilibrado.com.br\/wp-content\/uploads\/2025\/04\/unnamed-file-186-1024x585.jpg\" alt=\"\u00bfCu\u00e1ndo buscar ayuda m\u00e9dica para el mal aliento?\" class=\"wp-image-4114\" style=\"aspect-ratio:16\/9;object-fit:cover\" srcset=\"https:\/\/corpoequilibrado.com.br\/wp-content\/uploads\/2025\/04\/unnamed-file-186-1024x585.jpg 1024w, https:\/\/corpoequilibrado.com.br\/wp-content\/uploads\/2025\/04\/unnamed-file-186-300x171.jpg 300w, https:\/\/corpoequilibrado.com.br\/wp-content\/uploads\/2025\/04\/unnamed-file-186-768x439.jpg 768w, https:\/\/corpoequilibrado.com.br\/wp-content\/uploads\/2025\/04\/unnamed-file-186-18x10.jpg 18w, https:\/\/corpoequilibrado.com.br\/wp-content\/uploads\/2025\/04\/unnamed-file-186.jpg 1103w\" sizes=\"(max-width: 1024px) 100vw, 1024px\" \/><\/figure>\n\n\n\n<ul class=\"wp-block-list\">\n<li>EL <strong>El mal aliento no es<\/strong> resuelto con higiene<\/li>\n\n\n\n<li>Este <strong>acompa\u00f1ado de otros s\u00edntomas<\/strong>, como dolor de est\u00f3mago o congesti\u00f3n nasal<\/li>\n\n\n\n<li>Hay <strong>problemas respiratorios o digestivos<\/strong> asociados<\/li>\n<\/ul>\n\n\n\n<p>El profesional podr\u00e1 evaluar si la <strong>La halitosis puede<\/strong> tener origen oral o sist\u00e9mico. Esto garantiza que <strong>tratamiento correcto<\/strong>, ya sea con el <strong>dentista<\/strong>, otorrinolaring\u00f3logo o gastroenter\u00f3logo.<\/p>\n\n\n\n<h2 class=\"wp-block-heading\"><span class=\"ez-toc-section\" id=\"Consideracoes_finais_sobre_o_mau_halito\"><\/span>Consideraciones finales sobre el mal aliento<span class=\"ez-toc-section-end\"><\/span><\/h2>\n\n\n\n<p>EL <strong>El mal aliento es<\/strong> Un problema com\u00fan, pero que tiene soluci\u00f3n. Entender sus causas y cuidarlo <strong>higiene bucal<\/strong> son los primeros pasos<\/p>\n\n\n\n<p><strong>Resumen pr\u00e1ctico:<\/strong><\/p>\n\n\n\n<ul class=\"wp-block-list\">\n<li>EL <strong>halitosis<\/strong> puede tener <strong>origen en la boca<\/strong>, en el est\u00f3mago o en el tracto respiratorio<\/li>\n\n\n\n<li><strong>Cuidando sus dientes y enc\u00edas<\/strong> es esencial<\/li>\n\n\n\n<li>Los cambios en el estilo de vida ayudan a prevenir y controlar el problema.<\/li>\n\n\n\n<li>Cuando el <strong>el mal aliento persiste<\/strong>, buscar <strong>ayuda m\u00e9dica<\/strong><\/li>\n<\/ul>\n\n\n\n<h2 class=\"wp-block-heading\"><span class=\"ez-toc-section\" id=\"FAQ_%E2%80%93_Duvidas_frequentes_sobre_mau_halito\"><\/span>FAQ \u2013 Preguntas frecuentes sobre el mal aliento<span class=\"ez-toc-section-end\"><\/span><\/h2>\n\n\n\n<p><strong>\u00bfQu\u00e9 causa el mal aliento persistente?<\/strong><br>En general, la <strong>falta de higiene bucal<\/strong>, <strong>placa bacteriana<\/strong>, <strong>gingivitis<\/strong> y a\u00fan <strong>reflujo<\/strong> ellos pueden <strong>causa mal aliento<\/strong> persistente.<\/p>\n\n\n\n<p><strong>\u00bfEs normal tener mal aliento al despertarse?<\/strong><br>S\u00ed, debido a la <strong>disminuci\u00f3n de la saliva<\/strong> Durante el sue\u00f1o. Pero deber\u00eda desaparecer despu\u00e9s de la <strong>cepillado matutino<\/strong>.<\/p>\n\n\n\n<p><strong>\u00bfPodr\u00eda el mal aliento ser un s\u00edntoma de algo m\u00e1s grave?<\/strong><br>S\u00ed. Puedes indicar <strong>problemas digestivos<\/strong>, <strong>respiratorio<\/strong> o <strong>sist\u00e9mico<\/strong>. Si persiste, busque atenci\u00f3n m\u00e9dica.<\/p>\n\n\n\n<p><strong>\u00bfC\u00f3mo eliminar el mal aliento de forma natural?<\/strong><br><strong>Cepillarse los dientes<\/strong>, para usar <strong>hilo dental<\/strong>, beber agua, masticar <strong>menta fresca<\/strong> o <strong>hacer g\u00e1rgaras con bicarbonato de sodio<\/strong>.<\/p>\n\n\n\n<p><strong>\u00bfCu\u00e1ndo acudir al dentista?<\/strong><br>Siempre que el <strong>olor del aliento<\/strong> persistir, incluso con buenos cuidados. \u00c9l puede <strong>Indicar el mejor tratamiento<\/strong> e investigar las causas ocultas.<\/p>\n\n\n\n<p><\/p>","protected":false},"excerpt":{"rendered":"<p>El mal aliento puede ser vergonzoso, pero comprender las causas puede ayudar a resolverlo.<\/p>","protected":false},"author":1,"featured_media":4108,"comment_status":"closed","ping_status":"open","sticky":false,"template":"","format":"standard","meta":{"_uag_custom_page_level_css":"","site-sidebar-layout":"default","site-content-layout":"","ast-site-content-layout":"default","site-content-style":"default","site-sidebar-style":"default","ast-global-header-display":"","ast-banner-title-visibility":"","ast-main-header-display":"","ast-hfb-above-header-display":"","ast-hfb-below-header-display":"","ast-hfb-mobile-header-display":"","site-post-title":"","ast-breadcrumbs-content":"","ast-featured-img":"","footer-sml-layout":"","ast-disable-related-posts":"","theme-transparent-header-meta":"","adv-header-id-meta":"","stick-header-meta":"","header-above-stick-meta":"","header-main-stick-meta":"","header-below-stick-meta":"","astra-migrate-meta-layouts":"set","ast-page-background-enabled":"default","ast-page-background-meta":{"desktop":{"background-color":"","background-image":"","background-repeat":"repeat","background-position":"center center","background-size":"auto","background-attachment":"scroll","background-type":"","background-media":"","overlay-type":"","overlay-color":"","overlay-opacity":"","overlay-gradient":""},"tablet":{"background-color":"","background-image":"","background-repeat":"repeat","background-position":"center center","background-size":"auto","background-attachment":"scroll","background-type":"","background-media":"","overlay-type":"","overlay-color":"","overlay-opacity":"","overlay-gradient":""},"mobile":{"background-color":"","background-image":"","background-repeat":"repeat","background-position":"center center","background-size":"auto","background-attachment":"scroll","background-type":"","background-media":"","overlay-type":"","overlay-color":"","overlay-opacity":"","overlay-gradient":""}},"ast-content-background-meta":{"desktop":{"background-color":"var(--ast-global-color-5)","background-image":"","background-repeat":"repeat","background-position":"center center","background-size":"auto","background-attachment":"scroll","background-type":"","background-media":"","overlay-type":"","overlay-color":"","overlay-opacity":"","overlay-gradient":""},"tablet":{"background-color":"var(--ast-global-color-5)","background-image":"","background-repeat":"repeat","background-position":"center center","background-size":"auto","background-attachment":"scroll","background-type":"","background-media":"","overlay-type":"","overlay-color":"","overlay-opacity":"","overlay-gradient":""},"mobile":{"background-color":"var(--ast-global-color-5)","background-image":"","background-repeat":"repeat","background-position":"center center","background-size":"auto","background-attachment":"scroll","background-type":"","background-media":"","overlay-type":"","overlay-color":"","overlay-opacity":"","overlay-gradient":""}},"footnotes":""},"categories":[75],"tags":[],"class_list":["post-4115","post","type-post","status-publish","format-standard","has-post-thumbnail","hentry","category-saude-bucal-categoria"],"uagb_featured_image_src":{"full":["https:\/\/corpoequilibrado.com.br\/wp-content\/uploads\/2025\/04\/unnamed-file-181.jpg",1103,630,false],"thumbnail":["https:\/\/corpoequilibrado.com.br\/wp-content\/uploads\/2025\/04\/unnamed-file-181-150x150.jpg",150,150,true],"medium":["https:\/\/corpoequilibrado.com.br\/wp-content\/uploads\/2025\/04\/unnamed-file-181-300x171.jpg",300,171,true],"medium_large":["https:\/\/corpoequilibrado.com.br\/wp-content\/uploads\/2025\/04\/unnamed-file-181-768x439.jpg",768,439,true],"large":["https:\/\/corpoequilibrado.com.br\/wp-content\/uploads\/2025\/04\/unnamed-file-181-1024x585.jpg",1024,585,true],"1536x1536":["https:\/\/corpoequilibrado.com.br\/wp-content\/uploads\/2025\/04\/unnamed-file-181.jpg",1103,630,false],"2048x2048":["https:\/\/corpoequilibrado.com.br\/wp-content\/uploads\/2025\/04\/unnamed-file-181.jpg",1103,630,false],"trp-custom-language-flag":["https:\/\/corpoequilibrado.com.br\/wp-content\/uploads\/2025\/04\/unnamed-file-181-18x10.jpg",18,10,true]},"uagb_author_info":{"display_name":"Equipe Corpo Equilibrado","author_link":"https:\/\/corpoequilibrado.com.br\/es\/author\/rcastello20gmail-com\/"},"uagb_comment_info":0,"uagb_excerpt":"Mau h\u00e1lito pode ser embara\u00e7oso, mas entender as causas ajuda a resolver.","_links":{"self":[{"href":"https:\/\/corpoequilibrado.com.br\/es\/wp-json\/wp\/v2\/posts\/4115","targetHints":{"allow":["GET"]}}],"collection":[{"href":"https:\/\/corpoequilibrado.com.br\/es\/wp-json\/wp\/v2\/posts"}],"about":[{"href":"https:\/\/corpoequilibrado.com.br\/es\/wp-json\/wp\/v2\/types\/post"}],"author":[{"embeddable":true,"href":"https:\/\/corpoequilibrado.com.br\/es\/wp-json\/wp\/v2\/users\/1"}],"replies":[{"embeddable":true,"href":"https:\/\/corpoequilibrado.com.br\/es\/wp-json\/wp\/v2\/comments?post=4115"}],"version-history":[{"count":0,"href":"https:\/\/corpoequilibrado.com.br\/es\/wp-json\/wp\/v2\/posts\/4115\/revisions"}],"wp:featuredmedia":[{"embeddable":true,"href":"https:\/\/corpoequilibrado.com.br\/es\/wp-json\/wp\/v2\/media\/4108"}],"wp:attachment":[{"href":"https:\/\/corpoequilibrado.com.br\/es\/wp-json\/wp\/v2\/media?parent=4115"}],"wp:term":[{"taxonomy":"category","embeddable":true,"href":"https:\/\/corpoequilibrado.com.br\/es\/wp-json\/wp\/v2\/categories?post=4115"},{"taxonomy":"post_tag","embeddable":true,"href":"https:\/\/corpoequilibrado.com.br\/es\/wp-json\/wp\/v2\/tags?post=4115"}],"curies":[{"name":"wp","href":"https:\/\/api.w.org\/{rel}","templated":true}]}}