{"id":4146,"date":"2025-04-12T15:09:23","date_gmt":"2025-04-12T18:09:23","guid":{"rendered":"https:\/\/corpoequilibrado.com.br\/?p=4146"},"modified":"2025-04-18T19:43:51","modified_gmt":"2025-04-18T22:43:51","slug":"sarro-en-los-dientes","status":"publish","type":"post","link":"https:\/\/corpoequilibrado.com.br\/es\/sarro-en-los-dientes\/","title":{"rendered":"Sarro en los dientes: qu\u00e9 es, c\u00f3mo eliminarlo y prevenir su acumulaci\u00f3n"},"content":{"rendered":"<p>EL <strong>T\u00e1rtaro<\/strong> es un <strong>placa bacteriana<\/strong> endurecido que se forma en el <strong>dientes<\/strong> y en <strong>l\u00ednea de las enc\u00edas<\/strong>, haci\u00e9ndose visible y dif\u00edcil de ser <strong>remoto<\/strong> con cepillado regular. Conocido como <strong>c\u00e1lculo dental<\/strong>, el <strong>sarro dental<\/strong> S\u00f3lo puede ser <strong>remoto<\/strong> Para uno <strong>dentista<\/strong> Durante una <strong>limpieza profesional<\/strong>. Adem\u00e1s del impacto est\u00e9tico, compromete la <strong><a href=\"https:\/\/corpoequilibrado.com.br\/es\/salud-bucal\/\" title=\"Aprenda m\u00e1s sobre la salud bucal\">salud bucal<\/a><\/strong> y favorece enfermedades como <strong><a href=\"https:\/\/corpoequilibrado.com.br\/es\/tratamiento-de-los-sintomas-de-la-gingivitis\/\" title=\"Aprenda m\u00e1s sobre la gingivitis\">gingivitis<\/a><\/strong> y <strong><a href=\"https:\/\/corpoequilibrado.com.br\/es\/periodontitis\/\" title=\"Aprenda m\u00e1s sobre la periodontitis\">periodontitis<\/a><\/strong>. En este art\u00edculo comprender\u00e1s c\u00f3mo funciona el <strong>se forma el sarro<\/strong>, sus riesgos, c\u00f3mo hacerlo <strong>eliminaci\u00f3n de sarro<\/strong> y, principalmente, c\u00f3mo <strong>Prevenir la acumulaci\u00f3n de sarro en los dientes<\/strong>.<\/p><div id=\"ez-toc-container\" class=\"ez-toc-v2_0_82_2 counter-hierarchy ez-toc-counter ez-toc-grey ez-toc-container-direction\">\n<div class=\"ez-toc-title-container\">\n<p class=\"ez-toc-title\" style=\"cursor:inherit\">Resumen<\/p>\n<span class=\"ez-toc-title-toggle\"><\/span><\/div>\n<nav><ul class='ez-toc-list ez-toc-list-level-1' ><ul class='ez-toc-list-level-3' ><li class='ez-toc-heading-level-3'><a class=\"ez-toc-link ez-toc-heading-1\" href=\"https:\/\/corpoequilibrado.com.br\/es\/sarro-en-los-dientes\/#Video_explicativo_sobre_tartaro_nos_dentes\" >V\u00eddeo explicativo sobre el sarro en los dientes:<\/a><\/li><\/ul><\/li><li class='ez-toc-page-1 ez-toc-heading-level-2'><a class=\"ez-toc-link ez-toc-heading-2\" href=\"https:\/\/corpoequilibrado.com.br\/es\/sarro-en-los-dientes\/#Entenda_o_que_e_tartaro_nos_dentes_e_como_ele_se_forma\" >Comprenda qu\u00e9 es el sarro en los dientes y c\u00f3mo se forma.<\/a><\/li><li class='ez-toc-page-1 ez-toc-heading-level-2'><a class=\"ez-toc-link ez-toc-heading-3\" href=\"https:\/\/corpoequilibrado.com.br\/es\/sarro-en-los-dientes\/#Tartaro_no_dente_causa_mau_halito_e_outros_problemas\" >\u00bfEl sarro en los dientes causa mal aliento y otros problemas?<\/a><\/li><li class='ez-toc-page-1 ez-toc-heading-level-2'><a class=\"ez-toc-link ez-toc-heading-4\" href=\"https:\/\/corpoequilibrado.com.br\/es\/sarro-en-los-dientes\/#Formacao_de_tartaro_nos_dentes_principais_causas_como_e_formado_e_impactos_na_saude_bucal\" >Formaci\u00f3n de sarro en los dientes: principales causas, c\u00f3mo se forma e impacto en la salud bucal<\/a><\/li><li class='ez-toc-page-1 ez-toc-heading-level-2'><a class=\"ez-toc-link ez-toc-heading-5\" href=\"https:\/\/corpoequilibrado.com.br\/es\/sarro-en-los-dientes\/#Tartaro_dental_como_identificar_o_tartaro_nos_dentes_e_entender_os_sintomas_mais_comuns\" >Sarro dental: c\u00f3mo identificar el sarro en los dientes y entender los s\u00edntomas m\u00e1s comunes<\/a><\/li><li class='ez-toc-page-1 ez-toc-heading-level-2'><a class=\"ez-toc-link ez-toc-heading-6\" href=\"https:\/\/corpoequilibrado.com.br\/es\/sarro-en-los-dientes\/#Tipo_de_tartaro_diferenca_entre_tartaro_supragengival_e_subgengival_e_por_que_isso_importa\" >Tipos de sarro: Diferencia entre sarro supragingival y subgingival y por qu\u00e9 es importante<\/a><\/li><li class='ez-toc-page-1 ez-toc-heading-level-2'><a class=\"ez-toc-link ez-toc-heading-7\" href=\"https:\/\/corpoequilibrado.com.br\/es\/sarro-en-los-dientes\/#Tartaro_no_dente_da_frente_ou_entre_os_dentes_o_que_muda\" >Sarro en los dientes frontales o entre los dientes: \u00bfqu\u00e9 cambia?<\/a><\/li><li class='ez-toc-page-1 ez-toc-heading-level-2'><a class=\"ez-toc-link ez-toc-heading-8\" href=\"https:\/\/corpoequilibrado.com.br\/es\/sarro-en-los-dientes\/#Remocao_do_tartaro_como_o_dentista_remove_o_tartaro_dos_dentes\" >Eliminaci\u00f3n del sarro: c\u00f3mo el dentista elimina el sarro de los dientes<\/a><\/li><li class='ez-toc-page-1 ez-toc-heading-level-2'><a class=\"ez-toc-link ez-toc-heading-9\" href=\"https:\/\/corpoequilibrado.com.br\/es\/sarro-en-los-dientes\/#Tipo_de_tartaro_mais_comum_e_o_que_ele_pode_causar\" >El tipo m\u00e1s com\u00fan de sarro y sus posibles causas<\/a><\/li><li class='ez-toc-page-1 ez-toc-heading-level-2'><a class=\"ez-toc-link ez-toc-heading-10\" href=\"https:\/\/corpoequilibrado.com.br\/es\/sarro-en-los-dientes\/#Como_prevenir_a_formacao_do_tartaro_com_higiene_bucal_adequada\" >C\u00f3mo prevenir la acumulaci\u00f3n de sarro con una higiene bucal adecuada<\/a><\/li><li class='ez-toc-page-1 ez-toc-heading-level-2'><a class=\"ez-toc-link ez-toc-heading-11\" href=\"https:\/\/corpoequilibrado.com.br\/es\/sarro-en-los-dientes\/#Perguntas_frequentes_sobre_tartaro_e_saude_dos_dentes\" >Preguntas frecuentes sobre el sarro y la salud dental<\/a><\/li><li class='ez-toc-page-1 ez-toc-heading-level-2'><a class=\"ez-toc-link ez-toc-heading-12\" href=\"https:\/\/corpoequilibrado.com.br\/es\/sarro-en-los-dientes\/#Em_resumo_como_evitar_e_remover_o_tartaro_com_seguranca\" >En resumen: c\u00f3mo prevenir y eliminar el sarro de forma segura<\/a><\/li><li class='ez-toc-page-1 ez-toc-heading-level-2'><a class=\"ez-toc-link ez-toc-heading-13\" href=\"https:\/\/corpoequilibrado.com.br\/es\/sarro-en-los-dientes\/#FAQ_%E2%80%93_Perguntas_Frequentes_sobre_Tartaro\" >FAQ \u2013 Preguntas frecuentes sobre el sarro<\/a><\/li><\/ul><\/nav><\/div>\n\n\n\n\n<h3 class=\"wp-block-heading\"><span class=\"ez-toc-section\" id=\"Video_explicativo_sobre_tartaro_nos_dentes\"><\/span>V\u00eddeo explicativo sobre el sarro en los dientes:<span class=\"ez-toc-section-end\"><\/span><\/h3>\n\n\n\n<figure class=\"wp-block-embed is-type-video is-provider-youtube wp-block-embed-youtube wp-embed-aspect-16-9 wp-has-aspect-ratio\"><div class=\"wp-block-embed__wrapper\">\n<iframe title=\"Sarro: C\u00f3mo se forma y C\u00d3MO ELIMINARLO de una vez por todas!\" width=\"500\" height=\"281\" src=\"https:\/\/www.youtube.com\/embed\/9Kc0YRRjGSE?feature=oembed\" frameborder=\"0\" allow=\"accelerometer; autoplay; clipboard-write; encrypted-media; gyroscope; picture-in-picture; web-share\" referrerpolicy=\"strict-origin-when-cross-origin\" allowfullscreen><\/iframe>\n<\/div><\/figure>\n\n\n\n<h2 class=\"wp-block-heading\"><span class=\"ez-toc-section\" id=\"Entenda_o_que_e_tartaro_nos_dentes_e_como_ele_se_forma\"><\/span>Comprenda qu\u00e9 es el sarro en los dientes y c\u00f3mo se forma.<span class=\"ez-toc-section-end\"><\/span><\/h2>\n\n\n\n<p>EL <strong>el sarro es<\/strong> El resultado de <strong>placa en los dientes<\/strong> que no se elimin\u00f3 adecuadamente y que, con el tiempo, <strong>se calcifica<\/strong> por la acci\u00f3n de los minerales presentes en la saliva. Eso <strong>formaci\u00f3n de sarro<\/strong> ocurre principalmente en <strong>l\u00ednea de las enc\u00edas<\/strong>, dificultando la limpieza y sirviendo como base para m\u00e1s <strong>acumulaci\u00f3n de bacterias<\/strong>.<\/p>\n\n\n\n<p>EL <strong>formaci\u00f3n de sarro en los dientes<\/strong> Esto sucede por varias razones:<\/p>\n\n\n\n<ul class=\"wp-block-list\">\n<li><strong>Higiene bucal inadecuada<\/strong><\/li>\n\n\n\n<li>Falta de <strong>uso de hilo dental<\/strong><\/li>\n\n\n\n<li>Alimento <strong>rico en az\u00facar<\/strong><\/li>\n\n\n\n<li><strong>Cepillado incorrecto<\/strong><\/li>\n<\/ul>\n\n\n\n<p>Para entender <strong>\u00bfQu\u00e9 es el sarro?<\/strong> y c\u00f3mo se desarrolla es esencial para <strong>prevenir y tratar<\/strong> El problema.<\/p>\n\n\n\n<h2 class=\"wp-block-heading\"><span class=\"ez-toc-section\" id=\"Tartaro_no_dente_causa_mau_halito_e_outros_problemas\"><\/span>\u00bfEl sarro en los dientes causa mal aliento y otros problemas?<span class=\"ez-toc-section-end\"><\/span><\/h2>\n\n\n\n<figure class=\"wp-block-image aligncenter size-large\"><img fetchpriority=\"high\" decoding=\"async\" width=\"1024\" height=\"585\" src=\"https:\/\/corpoequilibrado.com.br\/wp-content\/uploads\/2025\/04\/unnamed-file-194-1024x585.jpg\" alt=\"\u00bfEl sarro causa mal aliento?\" class=\"wp-image-4141\" style=\"aspect-ratio:16\/9;object-fit:cover\" srcset=\"https:\/\/corpoequilibrado.com.br\/wp-content\/uploads\/2025\/04\/unnamed-file-194-1024x585.jpg 1024w, https:\/\/corpoequilibrado.com.br\/wp-content\/uploads\/2025\/04\/unnamed-file-194-300x171.jpg 300w, https:\/\/corpoequilibrado.com.br\/wp-content\/uploads\/2025\/04\/unnamed-file-194-768x439.jpg 768w, https:\/\/corpoequilibrado.com.br\/wp-content\/uploads\/2025\/04\/unnamed-file-194-18x10.jpg 18w, https:\/\/corpoequilibrado.com.br\/wp-content\/uploads\/2025\/04\/unnamed-file-194.jpg 1103w\" sizes=\"(max-width: 1024px) 100vw, 1024px\" \/><\/figure>\n\n\n\n<p>S\u00ed. El <strong>El sarro puede causar<\/strong> <strong>mal aliento<\/strong> porque alberga <strong>bacterias<\/strong> que liberan gases responsables de <strong>olor desagradable<\/strong>. Adem\u00e1s, la <strong>acumulaci\u00f3n de sarro<\/strong> puede conducir a <strong>gingivitis<\/strong>, lo que tambi\u00e9n contribuye a la <strong><a href=\"https:\/\/corpoequilibrado.com.br\/es\/mal-aliento\/\" title=\"Aprenda m\u00e1s sobre la halitosis\">halitosis<\/a><\/strong>. EL <strong>eliminar el sarro de los dientes<\/strong> es esencial mantener la <strong>aliento fresco<\/strong> y el <strong>salud de tus dientes<\/strong>.<\/p>\n\n\n\n<h2 class=\"wp-block-heading\"><span class=\"ez-toc-section\" id=\"Formacao_de_tartaro_nos_dentes_principais_causas_como_e_formado_e_impactos_na_saude_bucal\"><\/span>Formaci\u00f3n de sarro en los dientes: principales causas, c\u00f3mo se forma e impacto en la salud bucal<span class=\"ez-toc-section-end\"><\/span><\/h2>\n\n\n\n<p>Puede <strong>identificar el sarro<\/strong> como una capa endurecida, amarillenta o incluso marr\u00f3n sobre la <strong>superficie del diente<\/strong>, especialmente cerca de la <strong>goma<\/strong>. EL <strong>textura rugosa de los dientes<\/strong>, incluso despu\u00e9s del cepillado, tambi\u00e9n es un indicio de su presencia.<\/p>\n\n\n\n<p><strong>Signos m\u00e1s comunes:<\/strong><\/p>\n\n\n\n<ul class=\"wp-block-list\">\n<li><strong>decoloraci\u00f3n de los dientes<\/strong> (amarillo u oscuro)<\/li>\n\n\n\n<li><strong>Enc\u00edas inflamadas o sangrantes<\/strong><\/li>\n\n\n\n<li><strong>Sensaci\u00f3n de dientes \u00e1speros al tocarlos con la lengua.<\/strong><\/li>\n<\/ul>\n\n\n\n<h2 class=\"wp-block-heading\"><span class=\"ez-toc-section\" id=\"Tartaro_dental_como_identificar_o_tartaro_nos_dentes_e_entender_os_sintomas_mais_comuns\"><\/span>Sarro dental: c\u00f3mo identificar el sarro en los dientes y entender los s\u00edntomas m\u00e1s comunes<span class=\"ez-toc-section-end\"><\/span><\/h2>\n\n\n\n<p>EL <strong>sarro en el diente frontal<\/strong> Suele ser m\u00e1s visible y afecta a la <strong>est\u00e9tica de la sonrisa<\/strong>, mientras que el <strong>sarro entre los dientes<\/strong> es menos notorio, pero igualmente da\u00f1ino. Facilita la acumulaci\u00f3n de residuos, dificultando su eliminaci\u00f3n. <strong>limpieza de dientes<\/strong> y promover <strong>problemas de enc\u00edas<\/strong>.<\/p>\n\n\n\n<p>En ambos casos se requiere la <strong>eliminaci\u00f3n de sarro<\/strong> com\u00fan <strong>profesional<\/strong> y especial atenci\u00f3n a <strong>cepillarse los dientes<\/strong> y a la <strong>uso de hilo dental<\/strong>.<\/p>\n\n\n\n<h2 class=\"wp-block-heading\"><span class=\"ez-toc-section\" id=\"Tipo_de_tartaro_diferenca_entre_tartaro_supragengival_e_subgengival_e_por_que_isso_importa\"><\/span>Tipos de sarro: Diferencia entre sarro supragingival y subgingival y por qu\u00e9 es importante<span class=\"ez-toc-section-end\"><\/span><\/h2>\n\n\n\n<p>EL <strong>El sarro supragingival es<\/strong> El que se ve en la <strong>l\u00ednea de las enc\u00edas<\/strong>, mientras que el <strong>sarro subgingival<\/strong> se forma <strong>debajo de la enc\u00eda<\/strong>, siendo m\u00e1s peligroso. Este \u00faltimo puede comprometer la <strong>estructura de soporte del diente<\/strong>, favoreciendo la <strong>periodontitis<\/strong>.<\/p>\n\n\n\n<p>Ambos requieren <strong>mudanza profesional<\/strong>. EL <strong>dentista<\/strong> Utiliza instrumentos espec\u00edficos para alcanzar y eliminar el sarro de forma segura.<\/p>\n\n\n\n<h2 class=\"wp-block-heading\"><span class=\"ez-toc-section\" id=\"Tartaro_no_dente_da_frente_ou_entre_os_dentes_o_que_muda\"><\/span>Sarro en los dientes frontales o entre los dientes: \u00bfqu\u00e9 cambia?<span class=\"ez-toc-section-end\"><\/span><\/h2>\n\n\n\n<p>EL <strong>sarro negro<\/strong> Generalmente surge cuando el <strong>acumulaci\u00f3n de sarro<\/strong> es viejo y se mezcla con pigmentos de alimentos, bebidas oscuras o sangre de <strong>enc\u00edas inflamadas<\/strong>. Indica negligencia en <strong>higiene bucal<\/strong> y un mayor riesgo de <strong>problemas periodontales<\/strong>.<\/p>\n\n\n\n<figure class=\"wp-block-image aligncenter size-large\"><img decoding=\"async\" width=\"1024\" height=\"585\" src=\"https:\/\/corpoequilibrado.com.br\/wp-content\/uploads\/2025\/04\/unnamed-file-195-1024x585.jpg\" alt=\"Sarro en los dientes frontales o entre los dientes: \u00bfhay alguna diferencia?\" class=\"wp-image-4142\" style=\"aspect-ratio:16\/9;object-fit:cover\" srcset=\"https:\/\/corpoequilibrado.com.br\/wp-content\/uploads\/2025\/04\/unnamed-file-195-1024x585.jpg 1024w, https:\/\/corpoequilibrado.com.br\/wp-content\/uploads\/2025\/04\/unnamed-file-195-300x171.jpg 300w, https:\/\/corpoequilibrado.com.br\/wp-content\/uploads\/2025\/04\/unnamed-file-195-768x439.jpg 768w, https:\/\/corpoequilibrado.com.br\/wp-content\/uploads\/2025\/04\/unnamed-file-195-18x10.jpg 18w, https:\/\/corpoequilibrado.com.br\/wp-content\/uploads\/2025\/04\/unnamed-file-195.jpg 1103w\" sizes=\"(max-width: 1024px) 100vw, 1024px\" \/><\/figure>\n\n\n\n<p><strong>sarro negro<\/strong> debe ser <strong>remoto<\/strong> lo antes posible para un <strong>dentista<\/strong>, ya que puede estar asociado con <strong>gingivitis<\/strong> o incluso <strong>periodontitis<\/strong>.<\/p>\n\n\n\n<h2 class=\"wp-block-heading\"><span class=\"ez-toc-section\" id=\"Remocao_do_tartaro_como_o_dentista_remove_o_tartaro_dos_dentes\"><\/span>Eliminaci\u00f3n del sarro: c\u00f3mo el dentista elimina el sarro de los dientes<span class=\"ez-toc-section-end\"><\/span><\/h2>\n\n\n\n<p>S\u00f3lo el <strong>dentista<\/strong> \u00c9l puede <strong>eliminar el sarro de los dientes<\/strong> sin peligro. No existe ning\u00fan m\u00e9todo casero eficaz o seguro para <strong>eliminar el sarro<\/strong>. Intentar afeitarlo en casa puede da\u00f1arlo. <strong>esmalte dental<\/strong> y el <strong>goma<\/strong>.<\/p>\n\n\n\n<p><strong>Pasos para la eliminaci\u00f3n profesional:<\/strong><\/p>\n\n\n\n<ul class=\"wp-block-list\">\n<li>Evaluaci\u00f3n de <strong>formaci\u00f3n de sarro<\/strong><\/li>\n\n\n\n<li><strong>Raspado supragingival y subgingival<\/strong><\/li>\n\n\n\n<li><strong>Pulido dental<\/strong><\/li>\n<\/ul>\n\n\n\n<h2 class=\"wp-block-heading\"><span class=\"ez-toc-section\" id=\"Tipo_de_tartaro_mais_comum_e_o_que_ele_pode_causar\"><\/span>El tipo m\u00e1s com\u00fan de sarro y sus posibles causas<span class=\"ez-toc-section-end\"><\/span><\/h2>\n\n\n\n<p>EL <strong>se forma el sarro<\/strong> principalmente por <strong>placa bacteriana<\/strong>, restos de comida y minerales de la saliva. EL <strong>tipo de sarro<\/strong> El m\u00e1s com\u00fan es el <strong>supragingival<\/strong>, pero si no se trata, puede desarrollarse y volverse <strong>subgingival<\/strong>, m\u00e1s dif\u00edciles de eliminar y con mayor potencial destructivo.<\/p>\n\n\n\n<p><strong>Problemas causados:<\/strong><\/p>\n\n\n\n<ul class=\"wp-block-list\">\n<li><strong>Gingivitis<\/strong><\/li>\n\n\n\n<li><strong>Caries<\/strong><\/li>\n\n\n\n<li><strong>Recesi\u00f3n de las enc\u00edas<\/strong><\/li>\n\n\n\n<li><strong>P\u00e9rdida de dientes<\/strong><\/li>\n<\/ul>\n\n\n\n<blockquote class=\"wp-block-quote is-layout-flow wp-block-quote-is-layout-flow\">\n<p><strong>\ud83d\udc49El sarro puede acumularse con el tiempo y causar una variedad de problemas en las enc\u00edas. Aprenda c\u00f3mo evitarlo y eliminarlo en nuestro <a href=\"https:\/\/corpoequilibrado.com.br\/es\/salud-bucal\/\" data-type=\"post\" data-id=\"4043\">Gu\u00eda completa para el cuidado de la salud bucal.<\/a><\/strong><\/p>\n<\/blockquote>\n\n\n\n<h2 class=\"wp-block-heading\"><span class=\"ez-toc-section\" id=\"Como_prevenir_a_formacao_do_tartaro_com_higiene_bucal_adequada\"><\/span>C\u00f3mo prevenir la acumulaci\u00f3n de sarro con una higiene bucal adecuada<span class=\"ez-toc-section-end\"><\/span><\/h2>\n\n\n\n<p>A <strong>prevenir el sarro en los dientes<\/strong>, mantener una rutina de <strong>higiene bucal completa<\/strong>, con:<\/p>\n\n\n\n<figure class=\"wp-block-image aligncenter size-large\"><img decoding=\"async\" width=\"1024\" height=\"585\" src=\"https:\/\/corpoequilibrado.com.br\/wp-content\/uploads\/2025\/04\/unnamed-file-198-1024x585.jpg\" alt=\"\u00bfCu\u00e1ndo debo acudir al dentista para tratar el sarro?\" class=\"wp-image-4145\" style=\"aspect-ratio:16\/9;object-fit:cover\" srcset=\"https:\/\/corpoequilibrado.com.br\/wp-content\/uploads\/2025\/04\/unnamed-file-198-1024x585.jpg 1024w, https:\/\/corpoequilibrado.com.br\/wp-content\/uploads\/2025\/04\/unnamed-file-198-300x171.jpg 300w, https:\/\/corpoequilibrado.com.br\/wp-content\/uploads\/2025\/04\/unnamed-file-198-768x439.jpg 768w, https:\/\/corpoequilibrado.com.br\/wp-content\/uploads\/2025\/04\/unnamed-file-198-18x10.jpg 18w, https:\/\/corpoequilibrado.com.br\/wp-content\/uploads\/2025\/04\/unnamed-file-198.jpg 1103w\" sizes=\"(max-width: 1024px) 100vw, 1024px\" \/><\/figure>\n\n\n\n<ul class=\"wp-block-list\">\n<li><strong>Cepillarse los dientes<\/strong> al menos dos veces al d\u00eda<\/li>\n\n\n\n<li>Uso de <strong>pasta dental con fl\u00faor<\/strong><\/li>\n\n\n\n<li><strong>Use hilo dental diariamente<\/strong><\/li>\n\n\n\n<li>Limpieza de la <strong>l\u00ednea de las enc\u00edas<\/strong><\/li>\n\n\n\n<li><strong>Enjuagues bucales antibacterianos<\/strong> (si est\u00e1 indicado)<\/li>\n<\/ul>\n\n\n\n<p>Estas pr\u00e1cticas ayudan a prevenir la <strong>placa bacteriana<\/strong> si <strong>se convierte en sarro<\/strong>.<\/p>\n\n\n\n<h2 class=\"wp-block-heading\"><span class=\"ez-toc-section\" id=\"Perguntas_frequentes_sobre_tartaro_e_saude_dos_dentes\"><\/span>Preguntas frecuentes sobre el sarro y la salud dental<span class=\"ez-toc-section-end\"><\/span><\/h2>\n\n\n\n<p>Deber\u00edas buscar uno <strong>dentista<\/strong>:<\/p>\n\n\n\n<ul class=\"wp-block-list\">\n<li>Cada 6 meses para limpieza preventiva<\/li>\n\n\n\n<li>Cuando notes se\u00f1ales de <strong><a href=\"https:\/\/www.colgate.com.br\/oral-health\/plaque-and-tartar\/what-is-tartar\" target=\"_blank\" rel=\"noreferrer noopener nofollow\">sarro en los dientes<\/a><\/strong><\/li>\n\n\n\n<li>Si hay <strong>enc\u00edas sangrantes<\/strong>, mal aliento o <strong>dientes amarillos<\/strong><\/li>\n<\/ul>\n\n\n\n<p>EL <strong>eliminaci\u00f3n de sarro<\/strong> En la etapa inicial es m\u00e1s sencillo y evita <strong>otros problemas<\/strong> como el <strong>caries<\/strong> y enfermedades periodontales.<\/p>\n\n\n\n<h2 class=\"wp-block-heading\"><span class=\"ez-toc-section\" id=\"Em_resumo_como_evitar_e_remover_o_tartaro_com_seguranca\"><\/span>En resumen: c\u00f3mo prevenir y eliminar el sarro de forma segura<span class=\"ez-toc-section-end\"><\/span><\/h2>\n\n\n\n<ul class=\"wp-block-list\">\n<li>EL <strong>se forma el sarro<\/strong> de <strong>placa bacteriana<\/strong> no eliminado<\/li>\n\n\n\n<li>S\u00f3lo puedes <strong>ser eliminado<\/strong> poner <strong>profesional cualificado<\/strong><\/li>\n\n\n\n<li>Mantener un <strong>buena rutina de higiene bucal<\/strong> es la mejor manera de <strong>prevenir la formaci\u00f3n de sarro<\/strong><\/li>\n<\/ul>\n\n\n\n<h2 class=\"wp-block-heading\"><span class=\"ez-toc-section\" id=\"FAQ_%E2%80%93_Perguntas_Frequentes_sobre_Tartaro\"><\/span>FAQ \u2013 Preguntas frecuentes sobre el sarro<span class=\"ez-toc-section-end\"><\/span><\/h2>\n\n\n\n<p><strong>\u00bfQu\u00e9 es el sarro y por qu\u00e9 se forma?<\/strong><br>EL <strong>el sarro es<\/strong> el <strong>placa bacteriana<\/strong> endurecido por la acci\u00f3n de la saliva. \u00c9l <strong>se forma<\/strong> Cuando no nos cepillamos y no usamos <strong>hilo dental<\/strong> adecuadamente.<\/p>\n\n\n\n<p><strong>\u00bfEs posible eliminar el sarro en casa?<\/strong><br>No. El <strong>el sarro no se elimina<\/strong> con un cepillo com\u00fan. S\u00f3lo el <strong>dentista<\/strong> puede hacer el <strong>eliminaci\u00f3n de sarro<\/strong>.<\/p>\n\n\n\n<p><strong>\u00bfPuede el sarro causar mal aliento?<\/strong><br>S\u00ed. El <strong>el sarro puede ser<\/strong> un refugio para <strong>bacterias<\/strong> que causan mal olor y <strong>gingivitis<\/strong>.<\/p>\n\n\n\n<p><strong>\u00bfQu\u00e9 es el sarro supragingival?<\/strong><br>Y el <strong>T\u00e1rtaro<\/strong> que se forma <strong>sobre los dientes<\/strong>, en la parte visible de la <strong>l\u00ednea de las enc\u00edas<\/strong>.<\/p>\n\n\n\n<p><strong>\u00bfC\u00f3mo evitar la formaci\u00f3n de sarro?<\/strong><br>Con <strong>cepillado correcto<\/strong>, <strong>uso de hilo dental<\/strong> y visitas regulares a la <strong>dentista<\/strong>.<\/p>\n\n\n\n<p><strong>\u00bfPuede el sarro causar caries dental?<\/strong><br>S\u00ed. El <strong>acumulaci\u00f3n de sarro<\/strong> facilita la aparici\u00f3n de <strong>caries<\/strong> mediante la retenci\u00f3n <strong>residuos entre los dientes<\/strong>.<\/p>\n\n\n\n<p><strong>\u00bfCu\u00e1ntas veces debo cepillarme los dientes al d\u00eda?<\/strong><br>Usted debe <strong>Cep\u00edllate los dientes despu\u00e9s de cada comida<\/strong>, utilizando t\u00e9cnicas correctas para lograr el <strong>l\u00ednea de las enc\u00edas<\/strong>.<\/p>\n\n\n\n<p><strong>\u00bfEs com\u00fan el sarro en los dientes sanos?<\/strong><br>EL <strong>puede aparecer sarro<\/strong> Incluso en <strong>dientes sanos<\/strong> Si hay fallas en el <strong>higiene bucal<\/strong>.<\/p>\n\n\n\n<p><strong>\u00bfEl sarro en los dientes es mantener una buena rutina?<\/strong><br>S\u00ed. Evite el <strong>El sarro en los dientes es para mantener una buena<\/strong> cepillado, <strong>uso de hilo dental<\/strong> y visitar el <strong>dentista regularmente<\/strong>.<\/p>\n\n\n\n<p><\/p>","protected":false},"excerpt":{"rendered":"<p>El sarro en los dientes afecta a nuestra salud bucal. Descubre sus causas y c\u00f3mo evitarlo.<\/p>","protected":false},"author":1,"featured_media":4247,"comment_status":"closed","ping_status":"open","sticky":false,"template":"","format":"standard","meta":{"_uag_custom_page_level_css":"","site-sidebar-layout":"default","site-content-layout":"","ast-site-content-layout":"default","site-content-style":"default","site-sidebar-style":"default","ast-global-header-display":"","ast-banner-title-visibility":"","ast-main-header-display":"","ast-hfb-above-header-display":"","ast-hfb-below-header-display":"","ast-hfb-mobile-header-display":"","site-post-title":"","ast-breadcrumbs-content":"","ast-featured-img":"","footer-sml-layout":"","ast-disable-related-posts":"","theme-transparent-header-meta":"","adv-header-id-meta":"","stick-header-meta":"","header-above-stick-meta":"","header-main-stick-meta":"","header-below-stick-meta":"","astra-migrate-meta-layouts":"set","ast-page-background-enabled":"default","ast-page-background-meta":{"desktop":{"background-color":"","background-image":"","background-repeat":"repeat","background-position":"center center","background-size":"auto","background-attachment":"scroll","background-type":"","background-media":"","overlay-type":"","overlay-color":"","overlay-opacity":"","overlay-gradient":""},"tablet":{"background-color":"","background-image":"","background-repeat":"repeat","background-position":"center center","background-size":"auto","background-attachment":"scroll","background-type":"","background-media":"","overlay-type":"","overlay-color":"","overlay-opacity":"","overlay-gradient":""},"mobile":{"background-color":"","background-image":"","background-repeat":"repeat","background-position":"center center","background-size":"auto","background-attachment":"scroll","background-type":"","background-media":"","overlay-type":"","overlay-color":"","overlay-opacity":"","overlay-gradient":""}},"ast-content-background-meta":{"desktop":{"background-color":"var(--ast-global-color-5)","background-image":"","background-repeat":"repeat","background-position":"center center","background-size":"auto","background-attachment":"scroll","background-type":"","background-media":"","overlay-type":"","overlay-color":"","overlay-opacity":"","overlay-gradient":""},"tablet":{"background-color":"var(--ast-global-color-5)","background-image":"","background-repeat":"repeat","background-position":"center center","background-size":"auto","background-attachment":"scroll","background-type":"","background-media":"","overlay-type":"","overlay-color":"","overlay-opacity":"","overlay-gradient":""},"mobile":{"background-color":"var(--ast-global-color-5)","background-image":"","background-repeat":"repeat","background-position":"center center","background-size":"auto","background-attachment":"scroll","background-type":"","background-media":"","overlay-type":"","overlay-color":"","overlay-opacity":"","overlay-gradient":""}},"footnotes":""},"categories":[75],"tags":[120],"class_list":["post-4146","post","type-post","status-publish","format-standard","has-post-thumbnail","hentry","category-saude-bucal-categoria","tag-dentes"],"uagb_featured_image_src":{"full":["https:\/\/corpoequilibrado.com.br\/wp-content\/uploads\/2025\/04\/g38383733f74dfb398463a5d7d344ba3f9bb5cbcdbf7ff1fb4623d07586ec2abc192e2c92111e66fc40b1e37072324ff1_1280-414489.jpg",1280,960,false],"thumbnail":["https:\/\/corpoequilibrado.com.br\/wp-content\/uploads\/2025\/04\/g38383733f74dfb398463a5d7d344ba3f9bb5cbcdbf7ff1fb4623d07586ec2abc192e2c92111e66fc40b1e37072324ff1_1280-414489-150x150.jpg",150,150,true],"medium":["https:\/\/corpoequilibrado.com.br\/wp-content\/uploads\/2025\/04\/g38383733f74dfb398463a5d7d344ba3f9bb5cbcdbf7ff1fb4623d07586ec2abc192e2c92111e66fc40b1e37072324ff1_1280-414489-300x225.jpg",300,225,true],"medium_large":["https:\/\/corpoequilibrado.com.br\/wp-content\/uploads\/2025\/04\/g38383733f74dfb398463a5d7d344ba3f9bb5cbcdbf7ff1fb4623d07586ec2abc192e2c92111e66fc40b1e37072324ff1_1280-414489-768x576.jpg",768,576,true],"large":["https:\/\/corpoequilibrado.com.br\/wp-content\/uploads\/2025\/04\/g38383733f74dfb398463a5d7d344ba3f9bb5cbcdbf7ff1fb4623d07586ec2abc192e2c92111e66fc40b1e37072324ff1_1280-414489-1024x768.jpg",1024,768,true],"1536x1536":["https:\/\/corpoequilibrado.com.br\/wp-content\/uploads\/2025\/04\/g38383733f74dfb398463a5d7d344ba3f9bb5cbcdbf7ff1fb4623d07586ec2abc192e2c92111e66fc40b1e37072324ff1_1280-414489.jpg",1280,960,false],"2048x2048":["https:\/\/corpoequilibrado.com.br\/wp-content\/uploads\/2025\/04\/g38383733f74dfb398463a5d7d344ba3f9bb5cbcdbf7ff1fb4623d07586ec2abc192e2c92111e66fc40b1e37072324ff1_1280-414489.jpg",1280,960,false],"trp-custom-language-flag":["https:\/\/corpoequilibrado.com.br\/wp-content\/uploads\/2025\/04\/g38383733f74dfb398463a5d7d344ba3f9bb5cbcdbf7ff1fb4623d07586ec2abc192e2c92111e66fc40b1e37072324ff1_1280-414489-16x12.jpg",16,12,true]},"uagb_author_info":{"display_name":"Equipe Corpo Equilibrado","author_link":"https:\/\/corpoequilibrado.com.br\/es\/author\/rcastello20gmail-com\/"},"uagb_comment_info":0,"uagb_excerpt":"T\u00e1rtaro nos dentes afeta nossa sa\u00fade bucal. Descubra suas causas e como evit\u00e1-lo.","_links":{"self":[{"href":"https:\/\/corpoequilibrado.com.br\/es\/wp-json\/wp\/v2\/posts\/4146","targetHints":{"allow":["GET"]}}],"collection":[{"href":"https:\/\/corpoequilibrado.com.br\/es\/wp-json\/wp\/v2\/posts"}],"about":[{"href":"https:\/\/corpoequilibrado.com.br\/es\/wp-json\/wp\/v2\/types\/post"}],"author":[{"embeddable":true,"href":"https:\/\/corpoequilibrado.com.br\/es\/wp-json\/wp\/v2\/users\/1"}],"replies":[{"embeddable":true,"href":"https:\/\/corpoequilibrado.com.br\/es\/wp-json\/wp\/v2\/comments?post=4146"}],"version-history":[{"count":0,"href":"https:\/\/corpoequilibrado.com.br\/es\/wp-json\/wp\/v2\/posts\/4146\/revisions"}],"wp:featuredmedia":[{"embeddable":true,"href":"https:\/\/corpoequilibrado.com.br\/es\/wp-json\/wp\/v2\/media\/4247"}],"wp:attachment":[{"href":"https:\/\/corpoequilibrado.com.br\/es\/wp-json\/wp\/v2\/media?parent=4146"}],"wp:term":[{"taxonomy":"category","embeddable":true,"href":"https:\/\/corpoequilibrado.com.br\/es\/wp-json\/wp\/v2\/categories?post=4146"},{"taxonomy":"post_tag","embeddable":true,"href":"https:\/\/corpoequilibrado.com.br\/es\/wp-json\/wp\/v2\/tags?post=4146"}],"curies":[{"name":"wp","href":"https:\/\/api.w.org\/{rel}","templated":true}]}}