{"id":4160,"date":"2025-04-12T16:17:51","date_gmt":"2025-04-12T19:17:51","guid":{"rendered":"https:\/\/corpoequilibrado.com.br\/?p=4160"},"modified":"2025-04-18T19:43:09","modified_gmt":"2025-04-18T22:43:09","slug":"causas-tratamiento-y-prevencion-de-las-ulceras-bucales","status":"publish","type":"post","link":"https:\/\/corpoequilibrado.com.br\/es\/causas-tratamiento-y-prevencion-de-las-ulceras-bucales\/","title":{"rendered":"\u00dalcera bucal: qu\u00e9 es, causas, tratamientos y c\u00f3mo curarla r\u00e1pidamente"},"content":{"rendered":"<p>EL <strong>\u00falcera bucal<\/strong> es un <strong>lesi\u00f3n en la boca<\/strong> comunes que pueden surgir en <strong>varios puntos de la boca<\/strong>, como la lengua, la mejilla, <a href=\"https:\/\/corpoequilibrado.com.br\/es\/tratamiento-de-los-sintomas-de-la-gingivitis\/\" title=\"Aprenda m\u00e1s sobre las enc\u00edas\">goma<\/a> o paladar. Aunque no es contagiosa, <strong>La afta bucal es una peque\u00f1a \u00falcera<\/strong> que puede causar dolor intenso. En este art\u00edculo, aprender\u00e1s: <strong>Descubra causas, s\u00edntomas y tratamientos<\/strong> Natural y medicinal para aliviar y <strong>curar las \u00falceras bucales<\/strong> M\u00e1s r\u00e1pida y eficientemente.<\/p><div id=\"ez-toc-container\" class=\"ez-toc-v2_0_82_2 counter-hierarchy ez-toc-counter ez-toc-grey ez-toc-container-direction\">\n<div class=\"ez-toc-title-container\">\n<p class=\"ez-toc-title\" style=\"cursor:inherit\">Resumen<\/p>\n<span class=\"ez-toc-title-toggle\"><\/span><\/div>\n<nav><ul class='ez-toc-list ez-toc-list-level-1' ><ul class='ez-toc-list-level-3' ><li class='ez-toc-heading-level-3'><a class=\"ez-toc-link ez-toc-heading-1\" href=\"https:\/\/corpoequilibrado.com.br\/es\/causas-tratamiento-y-prevencion-de-las-ulceras-bucales\/#Video_explicativo_sobre_as_aftas_na_boca\" >V\u00eddeo explicativo sobre las aftas bucales:<\/a><\/li><\/ul><\/li><li class='ez-toc-page-1 ez-toc-heading-level-2'><a class=\"ez-toc-link ez-toc-heading-2\" href=\"https:\/\/corpoequilibrado.com.br\/es\/causas-tratamiento-y-prevencion-de-las-ulceras-bucales\/#Afta_na_boca_o_que_e_e_por_que_ela_aparece\" >\u00dalcera bucal: \u00bfqu\u00e9 es y por qu\u00e9 aparece?<\/a><ul class='ez-toc-list-level-3' ><li class='ez-toc-heading-level-3'><a class=\"ez-toc-link ez-toc-heading-3\" href=\"https:\/\/corpoequilibrado.com.br\/es\/causas-tratamiento-y-prevencion-de-las-ulceras-bucales\/#Causas_da_afta_na_boca\" >Causas de las \u00falceras bucales<\/a><\/li><\/ul><\/li><li class='ez-toc-page-1 ez-toc-heading-level-2'><a class=\"ez-toc-link ez-toc-heading-4\" href=\"https:\/\/corpoequilibrado.com.br\/es\/causas-tratamiento-y-prevencion-de-las-ulceras-bucales\/#Quais_sao_os_sintomas_da_afta\" >\u00bfCu\u00e1les son los s\u00edntomas de las aftas bucales?<\/a><\/li><li class='ez-toc-page-1 ez-toc-heading-level-2'><a class=\"ez-toc-link ez-toc-heading-5\" href=\"https:\/\/corpoequilibrado.com.br\/es\/causas-tratamiento-y-prevencion-de-las-ulceras-bucales\/#Afta_na_boca_pode_ser_cancer_de_boca\" >\u00bfLas \u00falceras bucales pueden ser c\u00e1ncer bucal?<\/a><ul class='ez-toc-list-level-3' ><li class='ez-toc-heading-level-3'><a class=\"ez-toc-link ez-toc-heading-6\" href=\"https:\/\/corpoequilibrado.com.br\/es\/causas-tratamiento-y-prevencion-de-las-ulceras-bucales\/#Quando_procurar_um_dentista\" >Cu\u00e1ndo acudir al dentista<\/a><\/li><\/ul><\/li><li class='ez-toc-page-1 ez-toc-heading-level-2'><a class=\"ez-toc-link ez-toc-heading-7\" href=\"https:\/\/corpoequilibrado.com.br\/es\/causas-tratamiento-y-prevencion-de-las-ulceras-bucales\/#Aftas_sao_contagiosas_Pode_ser_transmitida\" >\u00bfSon contagiosas las \u00falceras bucales? \u00bfPuede transmitirse?<\/a><\/li><li class='ez-toc-page-1 ez-toc-heading-level-2'><a class=\"ez-toc-link ez-toc-heading-8\" href=\"https:\/\/corpoequilibrado.com.br\/es\/causas-tratamiento-y-prevencion-de-las-ulceras-bucales\/#Quais_sao_as_principais_causas_da_afta_na_boca\" >\u00bfCu\u00e1les son las principales causas de las \u00falceras bucales?<\/a><\/li><li class='ez-toc-page-1 ez-toc-heading-level-2'><a class=\"ez-toc-link ez-toc-heading-9\" href=\"https:\/\/corpoequilibrado.com.br\/es\/causas-tratamiento-y-prevencion-de-las-ulceras-bucales\/#Quanto_tempo_dura_uma_afta_na_boca\" >\u00bfCu\u00e1nto tiempo dura una \u00falcera bucal?<\/a><\/li><li class='ez-toc-page-1 ez-toc-heading-level-2'><a class=\"ez-toc-link ez-toc-heading-10\" href=\"https:\/\/corpoequilibrado.com.br\/es\/causas-tratamiento-y-prevencion-de-las-ulceras-bucales\/#Como_curar_as_aftas_rapidamente_Quais_remedios_caseiros_funcionam\" >\u00bfC\u00f3mo curar las aftas bucales r\u00e1pidamente? \u00bfQu\u00e9 remedios caseros funcionan?<\/a><ul class='ez-toc-list-level-3' ><li class='ez-toc-heading-level-3'><a class=\"ez-toc-link ez-toc-heading-11\" href=\"https:\/\/corpoequilibrado.com.br\/es\/causas-tratamiento-y-prevencion-de-las-ulceras-bucales\/#Remedio_caseiro_para_afta\" >Remedio casero para las aftas bucales:<\/a><\/li><\/ul><\/li><li class='ez-toc-page-1 ez-toc-heading-level-2'><a class=\"ez-toc-link ez-toc-heading-12\" href=\"https:\/\/corpoequilibrado.com.br\/es\/causas-tratamiento-y-prevencion-de-las-ulceras-bucales\/#Qual_o_melhor_tratamento_para_afta\" >\u00bfCu\u00e1l es el mejor tratamiento para las \u00falceras bucales?<\/a><\/li><li class='ez-toc-page-1 ez-toc-heading-level-2'><a class=\"ez-toc-link ez-toc-heading-13\" href=\"https:\/\/corpoequilibrado.com.br\/es\/causas-tratamiento-y-prevencion-de-las-ulceras-bucales\/#Como_prevenir_a_afta_na_boca\" >\u00bfC\u00f3mo prevenir las aftas bucales?<\/a><\/li><li class='ez-toc-page-1 ez-toc-heading-level-2'><a class=\"ez-toc-link ez-toc-heading-14\" href=\"https:\/\/corpoequilibrado.com.br\/es\/causas-tratamiento-y-prevencion-de-las-ulceras-bucales\/#Tratar_aftas_em_casa_ou_procurar_um_dentista\" >\u00bfTratar las aftas bucales en casa o consultar al dentista?<\/a><\/li><li class='ez-toc-page-1 ez-toc-heading-level-2'><a class=\"ez-toc-link ez-toc-heading-15\" href=\"https:\/\/corpoequilibrado.com.br\/es\/causas-tratamiento-y-prevencion-de-las-ulceras-bucales\/#Conclusao_o_que_e_afta_e_como_tratar_corretamente\" >Conclusi\u00f3n: \u00bfQu\u00e9 es una afta bucal y c\u00f3mo tratarla correctamente?<\/a><\/li><li class='ez-toc-page-1 ez-toc-heading-level-2'><a class=\"ez-toc-link ez-toc-heading-16\" href=\"https:\/\/corpoequilibrado.com.br\/es\/causas-tratamiento-y-prevencion-de-las-ulceras-bucales\/#_Resumo_das_principais_informacoes\" >&nbsp;Resumen de la informaci\u00f3n clave:<\/a><\/li><li class='ez-toc-page-1 ez-toc-heading-level-2'><a class=\"ez-toc-link ez-toc-heading-17\" href=\"https:\/\/corpoequilibrado.com.br\/es\/causas-tratamiento-y-prevencion-de-las-ulceras-bucales\/#FAQ_%E2%80%93_Perguntas_frequentes_sobre_afta_na_boca\" >FAQ \u2013 Preguntas frecuentes sobre las \u00falceras bucales<\/a><\/li><\/ul><\/nav><\/div>\n\n\n\n\n<h3 class=\"wp-block-heading\"><span class=\"ez-toc-section\" id=\"Video_explicativo_sobre_as_aftas_na_boca\"><\/span>V\u00eddeo explicativo sobre las aftas bucales:<span class=\"ez-toc-section-end\"><\/span><\/h3>\n\n\n\n<figure class=\"wp-block-embed is-type-video is-provider-youtube wp-block-embed-youtube wp-embed-aspect-16-9 wp-has-aspect-ratio\"><div class=\"wp-block-embed__wrapper\">\n<iframe title=\"\u00dalcera bucal: qu\u00e9 es, causas, tratamientos y c\u00f3mo curarla r\u00e1pidamente\" width=\"500\" height=\"281\" src=\"https:\/\/www.youtube.com\/embed\/qInFN9L37Ic?feature=oembed\" frameborder=\"0\" allow=\"accelerometer; autoplay; clipboard-write; encrypted-media; gyroscope; picture-in-picture; web-share\" referrerpolicy=\"strict-origin-when-cross-origin\" allowfullscreen><\/iframe>\n<\/div><\/figure>\n\n\n\n<h2 class=\"wp-block-heading\"><span class=\"ez-toc-section\" id=\"Afta_na_boca_o_que_e_e_por_que_ela_aparece\"><\/span>\u00dalcera bucal: \u00bfqu\u00e9 es y por qu\u00e9 aparece?<span class=\"ez-toc-section-end\"><\/span><\/h2>\n\n\n\n<p>EL <strong>La afta bucal es una lesi\u00f3n<\/strong> redondeadas, blanquecinas o amarillentas con bordes rojizos, que pueden aparecer debido a <strong>varias razones<\/strong>. EL <strong>aparici\u00f3n de \u00falceras bucales<\/strong> generalmente est\u00e1 vinculado a <strong>traumatismo bucal<\/strong>, <strong>deficiencias nutricionales<\/strong>, cambios hormonales o <strong>baja inmunidad<\/strong>. En algunos casos, la <strong>aparici\u00f3n de \u00falceras bucales<\/strong> est\u00e1 asociado con el <a href=\"https:\/\/corpoequilibrado.com.br\/es\/sintomas-de-cortisol-alto\/\" title=\"Aprenda m\u00e1s sobre el estr\u00e9s\">estr\u00e9s<\/a> y trastornos gastrointestinales.<\/p>\n\n\n\n<h3 class=\"wp-block-heading\"><span class=\"ez-toc-section\" id=\"Causas_da_afta_na_boca\"><\/span>Causas de las \u00falceras bucales<span class=\"ez-toc-section-end\"><\/span><\/h3>\n\n\n\n<figure class=\"wp-block-image aligncenter size-large\"><img fetchpriority=\"high\" decoding=\"async\" width=\"1024\" height=\"585\" src=\"https:\/\/corpoequilibrado.com.br\/wp-content\/uploads\/2025\/04\/unnamed-file-200-1024x585.jpg\" alt=\"Aftas en la lengua, enc\u00edas y paladar: \u00bfcu\u00e1l es la diferencia?\" class=\"wp-image-4155\" style=\"aspect-ratio:16\/9;object-fit:cover\" srcset=\"https:\/\/corpoequilibrado.com.br\/wp-content\/uploads\/2025\/04\/unnamed-file-200-1024x585.jpg 1024w, https:\/\/corpoequilibrado.com.br\/wp-content\/uploads\/2025\/04\/unnamed-file-200-300x171.jpg 300w, https:\/\/corpoequilibrado.com.br\/wp-content\/uploads\/2025\/04\/unnamed-file-200-768x439.jpg 768w, https:\/\/corpoequilibrado.com.br\/wp-content\/uploads\/2025\/04\/unnamed-file-200-18x10.jpg 18w, https:\/\/corpoequilibrado.com.br\/wp-content\/uploads\/2025\/04\/unnamed-file-200.jpg 1103w\" sizes=\"(max-width: 1024px) 100vw, 1024px\" \/><\/figure>\n\n\n\n<ul class=\"wp-block-list\">\n<li>Mordeduras accidentales<\/li>\n\n\n\n<li>Cepillado agresivo<\/li>\n\n\n\n<li>Deficiencia de hierro, zinc o vitamina B12<\/li>\n\n\n\n<li>Estr\u00e9s y fatiga<\/li>\n\n\n\n<li>Cambios hormonales<\/li>\n\n\n\n<li>Productos bucales irritantes<\/li>\n<\/ul>\n\n\n\n<h2 class=\"wp-block-heading\"><span class=\"ez-toc-section\" id=\"Quais_sao_os_sintomas_da_afta\"><\/span>\u00bfCu\u00e1les son los s\u00edntomas de las aftas bucales?<span class=\"ez-toc-section-end\"><\/span><\/h2>\n\n\n\n<p>T\u00fa <strong>s\u00edntomas de aftas bucales<\/strong> generalmente incluyen <strong>dolor en la boca<\/strong>, enrojecimiento alrededor de la lesi\u00f3n, ardor y <strong>dificultad para comer<\/strong>. EL <strong>\u00falcera bucal<\/strong> Puede ser \u00fanico o m\u00faltiple, dependiendo de la persona. En algunos casos tambi\u00e9n pueden aparecer fiebre y malestar.<\/p>\n\n\n\n<p>Si el <strong>llaga bucal que no cicatriza<\/strong> Despu\u00e9s de 14 d\u00edas, si es muy grande o se acompa\u00f1a de s\u00edntomas m\u00e1s severos, es importante consultar al dentista.<\/p>\n\n\n\n<h2 class=\"wp-block-heading\"><span class=\"ez-toc-section\" id=\"Afta_na_boca_pode_ser_cancer_de_boca\"><\/span>\u00bfLas \u00falceras bucales pueden ser c\u00e1ncer bucal?<span class=\"ez-toc-section-end\"><\/span><\/h2>\n\n\n\n<p>EL <strong>La \u00falcera bucal puede ser<\/strong> confundirse con otras afecciones graves, como <strong>c\u00e1ncer de boca<\/strong>. La principal diferencia est\u00e1 en la duraci\u00f3n y la apariencia. EL <strong>Las aftas bucales suelen desaparecer<\/strong> dentro de dos semanas. Una lesi\u00f3n cancerosa puede <strong>no sanar<\/strong>, tienen bordes irregulares y pueden acompa\u00f1arse de sangrado o dificultad para tragar.<\/p>\n\n\n\n<figure class=\"wp-block-image aligncenter size-large\"><img decoding=\"async\" width=\"1024\" height=\"585\" src=\"https:\/\/corpoequilibrado.com.br\/wp-content\/uploads\/2025\/04\/unnamed-file-202-1024x585.jpg\" alt=\"\u00bfLas \u00falceras bucales pueden ser c\u00e1ncer?\" class=\"wp-image-4157\" style=\"aspect-ratio:16\/9;object-fit:cover\" srcset=\"https:\/\/corpoequilibrado.com.br\/wp-content\/uploads\/2025\/04\/unnamed-file-202-1024x585.jpg 1024w, https:\/\/corpoequilibrado.com.br\/wp-content\/uploads\/2025\/04\/unnamed-file-202-300x171.jpg 300w, https:\/\/corpoequilibrado.com.br\/wp-content\/uploads\/2025\/04\/unnamed-file-202-768x439.jpg 768w, https:\/\/corpoequilibrado.com.br\/wp-content\/uploads\/2025\/04\/unnamed-file-202-18x10.jpg 18w, https:\/\/corpoequilibrado.com.br\/wp-content\/uploads\/2025\/04\/unnamed-file-202.jpg 1103w\" sizes=\"(max-width: 1024px) 100vw, 1024px\" \/><\/figure>\n\n\n\n<h3 class=\"wp-block-heading\"><span class=\"ez-toc-section\" id=\"Quando_procurar_um_dentista\"><\/span>Cu\u00e1ndo acudir al dentista<span class=\"ez-toc-section-end\"><\/span><\/h3>\n\n\n\n<ul class=\"wp-block-list\">\n<li>La lesi\u00f3n persiste durante m\u00e1s de 3 semanas<\/li>\n\n\n\n<li>Sangrado u olor fuerte<\/li>\n\n\n\n<li>Presencia de ganglios inflamados en el cuello<\/li>\n\n\n\n<li>Dolor intenso y recurrente<\/li>\n<\/ul>\n\n\n\n<h2 class=\"wp-block-heading\"><span class=\"ez-toc-section\" id=\"Aftas_sao_contagiosas_Pode_ser_transmitida\"><\/span>\u00bfSon contagiosas las \u00falceras bucales? \u00bfPuede transmitirse?<span class=\"ez-toc-section-end\"><\/span><\/h2>\n\n\n\n<p>Una pregunta com\u00fan es si <strong>La afta bucal es contagiosa<\/strong>. Aunque causa dolor y malestar, <strong>La candidiasis no se transmite<\/strong> Entre las personas. Este es un <strong>respuesta inflamatoria de la mucosa oral<\/strong>, y no de una infecci\u00f3n viral o bacteriana.<\/p>\n\n\n\n<p>Es decir, <strong>Las aftas bucales no se transmiten por besos.<\/strong>, vasos o utensilios.<\/p>\n\n\n\n<h2 class=\"wp-block-heading\"><span class=\"ez-toc-section\" id=\"Quais_sao_as_principais_causas_da_afta_na_boca\"><\/span>\u00bfCu\u00e1les son las principales causas de las \u00falceras bucales?<span class=\"ez-toc-section-end\"><\/span><\/h2>\n\n\n\n<p>Adem\u00e1s de los traumas f\u00edsicos y las deficiencias nutricionales, otros <strong>causas de las \u00falceras bucales<\/strong> incluir:<\/p>\n\n\n\n<figure class=\"wp-block-image aligncenter size-full\"><img decoding=\"async\" width=\"940\" height=\"627\" src=\"https:\/\/corpoequilibrado.com.br\/wp-content\/uploads\/2025\/04\/pexels-photo-5999363-5999363.jpg\" alt=\"\u00dalceras bucales - Brackets\" class=\"wp-image-4162\" style=\"aspect-ratio:16\/9;object-fit:cover\" srcset=\"https:\/\/corpoequilibrado.com.br\/wp-content\/uploads\/2025\/04\/pexels-photo-5999363-5999363.jpg 940w, https:\/\/corpoequilibrado.com.br\/wp-content\/uploads\/2025\/04\/pexels-photo-5999363-5999363-300x200.jpg 300w, https:\/\/corpoequilibrado.com.br\/wp-content\/uploads\/2025\/04\/pexels-photo-5999363-5999363-768x512.jpg 768w, https:\/\/corpoequilibrado.com.br\/wp-content\/uploads\/2025\/04\/pexels-photo-5999363-5999363-18x12.jpg 18w\" sizes=\"(max-width: 940px) 100vw, 940px\" \/><\/figure>\n\n\n\n<ul class=\"wp-block-list\">\n<li>Uso de aparatos de ortodoncia<\/li>\n\n\n\n<li>Consumo excesivo de alimentos \u00e1cidos<\/li>\n\n\n\n<li>Reacciones al\u00e9rgicas<\/li>\n\n\n\n<li>enfermedades autoinmunes<\/li>\n<\/ul>\n\n\n\n<p>Personas con la <strong>sistema inmunol\u00f3gico debilitado<\/strong> son m\u00e1s <strong>susceptibles a la aparici\u00f3n de \u00falceras bucales<\/strong>.<\/p>\n\n\n\n<h2 class=\"wp-block-heading\"><span class=\"ez-toc-section\" id=\"Quanto_tempo_dura_uma_afta_na_boca\"><\/span>\u00bfCu\u00e1nto tiempo dura una \u00falcera bucal?<span class=\"ez-toc-section-end\"><\/span><\/h2>\n\n\n\n<p>En general, una <strong>Las aftas suelen durar entre 7 y 14 d\u00edas.<\/strong>, dependiendo de la causa y el tratamiento. El dolor puede durar entre 2 a 5 d\u00edas, siendo m\u00e1s intenso en los primeros d\u00edas despu\u00e9s del procedimiento. <strong>aparici\u00f3n de aftas bucales<\/strong>.<\/p>\n\n\n\n<p>EL <strong>La curaci\u00f3n se puede acelerar<\/strong> con el uso de <strong>ung\u00fcentos espec\u00edficos<\/strong>, bien <strong>higiene bucal<\/strong> y algunos cuidados diet\u00e9ticos.<\/p>\n\n\n\n<blockquote class=\"wp-block-quote is-layout-flow wp-block-quote-is-layout-flow\">\n<p><strong>\ud83d\udc49Las aftas bucales pueden aparecer por diversos motivos e incluso pueden interferir con el cepillado de los dientes. Vea nuestro <a href=\"https:\/\/corpoequilibrado.com.br\/es\/salud-bucal\/\" data-type=\"post\" data-id=\"4043\">gu\u00eda de salud bucal<\/a> C\u00f3mo aliviar y prevenir estas lesiones.<\/strong><\/p>\n<\/blockquote>\n\n\n\n<h2 class=\"wp-block-heading\"><span class=\"ez-toc-section\" id=\"Como_curar_as_aftas_rapidamente_Quais_remedios_caseiros_funcionam\"><\/span>\u00bfC\u00f3mo curar las aftas bucales r\u00e1pidamente? \u00bfQu\u00e9 remedios caseros funcionan?<span class=\"ez-toc-section-end\"><\/span><\/h2>\n\n\n\n<p>Existen varios m\u00e9todos para <strong>curar las \u00falceras bucales<\/strong> y acelerar la curaci\u00f3n:<\/p>\n\n\n\n<h3 class=\"wp-block-heading\"><span class=\"ez-toc-section\" id=\"Remedio_caseiro_para_afta\"><\/span>Remedio casero para las aftas bucales:<span class=\"ez-toc-section-end\"><\/span><\/h3>\n\n\n\n<figure class=\"wp-block-image aligncenter size-full\"><img loading=\"lazy\" decoding=\"async\" width=\"1103\" height=\"630\" src=\"https:\/\/corpoequilibrado.com.br\/wp-content\/uploads\/2025\/04\/unnamed-file-203.jpg\" alt=\"\u00dalceras bucales: c\u00f3mo curarlas r\u00e1pidamente y aliviar el dolor\" class=\"wp-image-4158\" style=\"aspect-ratio:16\/9;object-fit:cover\" srcset=\"https:\/\/corpoequilibrado.com.br\/wp-content\/uploads\/2025\/04\/unnamed-file-203.jpg 1103w, https:\/\/corpoequilibrado.com.br\/wp-content\/uploads\/2025\/04\/unnamed-file-203-300x171.jpg 300w, https:\/\/corpoequilibrado.com.br\/wp-content\/uploads\/2025\/04\/unnamed-file-203-1024x585.jpg 1024w, https:\/\/corpoequilibrado.com.br\/wp-content\/uploads\/2025\/04\/unnamed-file-203-768x439.jpg 768w, https:\/\/corpoequilibrado.com.br\/wp-content\/uploads\/2025\/04\/unnamed-file-203-18x10.jpg 18w\" sizes=\"(max-width: 1103px) 100vw, 1103px\" \/><\/figure>\n\n\n\n<ul class=\"wp-block-list\">\n<li><strong>Bicarbonato de sodio:<\/strong> Alivia el dolor y ayuda a la curaci\u00f3n.<\/li>\n\n\n\n<li><strong>Miel:<\/strong> Tiene acci\u00f3n antiinflamatoria y cicatrizante.<\/li>\n\n\n\n<li><strong>Agua salada:<\/strong> combatir a <strong>infecci\u00f3n<\/strong> y reduce la hinchaz\u00f3n<\/li>\n\n\n\n<li><strong>T\u00e9 de manzanilla:<\/strong> efecto calmante y antiinflamatorio<\/li>\n<\/ul>\n\n\n\n<p>Evite los alimentos \u00e1cidos, picantes o muy calientes mientras est\u00e9 tomando <a href=\"https:\/\/www.rededorsaoluiz.com.br\/doencas\/afta\" target=\"_blank\" rel=\"noreferrer noopener nofollow\"><strong>\u00falcera bucal<\/strong>.<\/a><\/p>\n\n\n\n<h2 class=\"wp-block-heading\"><span class=\"ez-toc-section\" id=\"Qual_o_melhor_tratamento_para_afta\"><\/span>\u00bfCu\u00e1l es el mejor tratamiento para las \u00falceras bucales?<span class=\"ez-toc-section-end\"><\/span><\/h2>\n\n\n\n<p>EL <strong>tratamiento de \u00falceras bucales<\/strong> se puede hacer con:<\/p>\n\n\n\n<ul class=\"wp-block-list\">\n<li><strong>Ung\u00fcento para las \u00falceras bucales<\/strong>, con anestesia o corticosteroide<\/li>\n\n\n\n<li><strong>Geles orales<\/strong> para protecci\u00f3n contra lesiones<\/li>\n\n\n\n<li><strong>Enjuagues bucales antis\u00e9pticos<\/strong><\/li>\n\n\n\n<li>Analg\u00e9sicos, en casos m\u00e1s dolorosos.<\/li>\n<\/ul>\n\n\n\n<p>En algunos casos, <strong>Es importante consultar con un dentista.<\/strong> para una evaluaci\u00f3n m\u00e1s detallada y prescripci\u00f3n de medicamentos apropiados.<\/p>\n\n\n\n<h2 class=\"wp-block-heading\"><span class=\"ez-toc-section\" id=\"Como_prevenir_a_afta_na_boca\"><\/span>\u00bfC\u00f3mo prevenir las aftas bucales?<span class=\"ez-toc-section-end\"><\/span><\/h2>\n\n\n\n<p>Evite el <strong>desarrollo de aftas bucales<\/strong> implica buenos h\u00e1bitos de <strong><a href=\"https:\/\/corpoequilibrado.com.br\/es\/salud-bucal\/\" title=\"Aprenda m\u00e1s sobre la salud bucal\">salud bucal<\/a><\/strong> y comida:<\/p>\n\n\n\n<figure class=\"wp-block-image aligncenter size-full\"><img loading=\"lazy\" decoding=\"async\" width=\"1103\" height=\"630\" src=\"https:\/\/corpoequilibrado.com.br\/wp-content\/uploads\/2025\/04\/unnamed-file-204.jpg\" alt=\"\u00dalceras bucales: c\u00f3mo prevenirlas y evitar su reaparici\u00f3n\" class=\"wp-image-4159\" style=\"aspect-ratio:16\/9;object-fit:cover\" srcset=\"https:\/\/corpoequilibrado.com.br\/wp-content\/uploads\/2025\/04\/unnamed-file-204.jpg 1103w, https:\/\/corpoequilibrado.com.br\/wp-content\/uploads\/2025\/04\/unnamed-file-204-300x171.jpg 300w, https:\/\/corpoequilibrado.com.br\/wp-content\/uploads\/2025\/04\/unnamed-file-204-1024x585.jpg 1024w, https:\/\/corpoequilibrado.com.br\/wp-content\/uploads\/2025\/04\/unnamed-file-204-768x439.jpg 768w, https:\/\/corpoequilibrado.com.br\/wp-content\/uploads\/2025\/04\/unnamed-file-204-18x10.jpg 18w\" sizes=\"(max-width: 1103px) 100vw, 1103px\" \/><\/figure>\n\n\n\n<ul class=\"wp-block-list\">\n<li>Cep\u00edllate los dientes con cuidado<\/li>\n\n\n\n<li>Evite las pastas dentales con lauril sulfato<\/li>\n\n\n\n<li>Mantener una dieta rica en hierro y vitamina B<\/li>\n\n\n\n<li>Evite traumatismos, como picaduras accidentales.<\/li>\n\n\n\n<li>Controlar el estr\u00e9s<\/li>\n<\/ul>\n\n\n\n<p>Estas acciones ayudan a <strong>Prevenir la formaci\u00f3n de \u00falceras bucales<\/strong>, especialmente en las personas <strong>propenso a \u00falceras bucales recurrentes<\/strong>.<\/p>\n\n\n\n<h2 class=\"wp-block-heading\"><span class=\"ez-toc-section\" id=\"Tratar_aftas_em_casa_ou_procurar_um_dentista\"><\/span>\u00bfTratar las aftas bucales en casa o consultar al dentista?<span class=\"ez-toc-section-end\"><\/span><\/h2>\n\n\n\n<p>Es posible <strong>tratar las aftas bucales<\/strong> en casa cuando es peque\u00f1a y desaparece a los pocos d\u00edas. A pesar de, <strong>caso de aftas bucales<\/strong> ser muy doloroso, persistente o regresar con frecuencia, <strong>Se recomienda consultar con un dentista.<\/strong>. EL <strong>Las aftas bucales pueden causar<\/strong> dolor cr\u00f3nico, afectar la nutrici\u00f3n e incluso comprometer la <a href=\"https:\/\/corpoequilibrado.com.br\/es\/bienestar-y-salud-mental\/\" title=\"Aprenda m\u00e1s sobre el bienestar\">bienestar<\/a>.<\/p>\n\n\n\n<h2 class=\"wp-block-heading\"><span class=\"ez-toc-section\" id=\"Conclusao_o_que_e_afta_e_como_tratar_corretamente\"><\/span>Conclusi\u00f3n: \u00bfQu\u00e9 es una afta bucal y c\u00f3mo tratarla correctamente?<span class=\"ez-toc-section-end\"><\/span><\/h2>\n\n\n\n<p>EL <strong>La afta bucal es una lesi\u00f3n en la boca<\/strong> que, aunque com\u00fan y benigna, <strong>puede ser bastante doloroso<\/strong>. Conozca su <strong>causas principales<\/strong>, s\u00edntomas y <strong>formas de tratamiento<\/strong> es esencial para abordar mejor el problema.<\/p>\n\n\n\n<p>Con el uso de <strong>remedio casero<\/strong>, ung\u00fcentos, buena higiene y prevenci\u00f3n, es posible <strong>aliviar los s\u00edntomas<\/strong>, <strong>curar las \u00falceras bucales<\/strong> y prevenir la recurrencia. Si las \u00falceras bucales son frecuentes o persistentes, <strong>Es importante consultar con un dentista.<\/strong> para asegurar una <strong>tratamiento adecuado<\/strong>.<\/p>\n\n\n\n<h2 class=\"wp-block-heading\"><span class=\"ez-toc-section\" id=\"_Resumo_das_principais_informacoes\"><\/span>&nbsp;Resumen de la informaci\u00f3n clave:<span class=\"ez-toc-section-end\"><\/span><\/h2>\n\n\n\n<ul class=\"wp-block-list\">\n<li>EL <strong>La afta bucal es una peque\u00f1a \u00falcera en la boca.<\/strong>, no contagioso<\/li>\n\n\n\n<li>Puede aparecer en <strong>lengua, mejilla, enc\u00edas o paladar<\/strong><\/li>\n\n\n\n<li>Tiene una duraci\u00f3n de 7 a 14 d\u00edas y <strong>puede ser bastante doloroso<\/strong><\/li>\n\n\n\n<li><strong>Remedio casero<\/strong> Con bicarbonato, miel y t\u00e9 de manzanilla ayudan<\/li>\n\n\n\n<li><strong>Ung\u00fcento espec\u00edfico<\/strong> y <strong>enjuagues bucales<\/strong> son opciones efectivas<\/li>\n\n\n\n<li><strong>La afta bucal no es c\u00e1ncer<\/strong>, pero si no se cura en 3 semanas, consulte a un m\u00e9dico.<\/li>\n\n\n\n<li><strong>Prevenci\u00f3n<\/strong> Con buena nutrici\u00f3n, cepillado y control del estr\u00e9s<\/li>\n<\/ul>\n\n\n\n<h2 class=\"wp-block-heading\"><span class=\"ez-toc-section\" id=\"FAQ_%E2%80%93_Perguntas_frequentes_sobre_afta_na_boca\"><\/span><strong>FAQ \u2013 Preguntas frecuentes sobre las \u00falceras bucales<\/strong><span class=\"ez-toc-section-end\"><\/span><\/h2>\n\n\n\n<p><strong>\u00bfLas \u00falceras bucales pueden ser c\u00e1ncer?<\/strong><br>Casi nunca. Herpes labial <strong>Generalmente desaparece en 1 a 2 semanas<\/strong>. Si persiste durante m\u00e1s de 3 semanas, consulte a un m\u00e9dico.<\/p>\n\n\n\n<p><strong>\u00bfCu\u00e1l es el mejor remedio casero para las aftas bucales?<\/strong><br><strong>Bicarbonato de sodio, miel, manzanilla y agua tibia con sal.<\/strong> Son buenas opciones.<\/p>\n\n\n\n<p><strong>\u00bfC\u00f3mo saber si es una afta u otra lesi\u00f3n?<\/strong><br>La afta bucal es <strong>Una peque\u00f1a \u00falcera con bordes rojos y un centro transparente.<\/strong>. Las lesiones con bordes irregulares o de larga duraci\u00f3n merecen atenci\u00f3n.<\/p>\n\n\n\n<p><strong>\u00bfSon contagiosas las \u00falceras bucales?<\/strong><br><strong>No. La candidiasis no se transmite.<\/strong> De persona a persona.<\/p>\n\n\n\n<p><strong>\u00bfEs necesario acudir al dentista por las aftas bucales?<\/strong><br>S\u00f3lo si ella <strong>durar m\u00e1s de 14 d\u00edas, causar dolor intenso<\/strong> o <strong>para recurrentes<\/strong>.<\/p>","protected":false},"excerpt":{"rendered":"<p>\u00bfLas \u00falceras bucales afectan tu vida diaria? \u00a1Descubre formas efectivas de aliviar las molestias!<\/p>","protected":false},"author":1,"featured_media":4239,"comment_status":"closed","ping_status":"open","sticky":false,"template":"","format":"standard","meta":{"_uag_custom_page_level_css":"","site-sidebar-layout":"default","site-content-layout":"","ast-site-content-layout":"default","site-content-style":"default","site-sidebar-style":"default","ast-global-header-display":"","ast-banner-title-visibility":"","ast-main-header-display":"","ast-hfb-above-header-display":"","ast-hfb-below-header-display":"","ast-hfb-mobile-header-display":"","site-post-title":"","ast-breadcrumbs-content":"","ast-featured-img":"","footer-sml-layout":"","ast-disable-related-posts":"","theme-transparent-header-meta":"","adv-header-id-meta":"","stick-header-meta":"","header-above-stick-meta":"","header-main-stick-meta":"","header-below-stick-meta":"","astra-migrate-meta-layouts":"set","ast-page-background-enabled":"default","ast-page-background-meta":{"desktop":{"background-color":"","background-image":"","background-repeat":"repeat","background-position":"center center","background-size":"auto","background-attachment":"scroll","background-type":"","background-media":"","overlay-type":"","overlay-color":"","overlay-opacity":"","overlay-gradient":""},"tablet":{"background-color":"","background-image":"","background-repeat":"repeat","background-position":"center center","background-size":"auto","background-attachment":"scroll","background-type":"","background-media":"","overlay-type":"","overlay-color":"","overlay-opacity":"","overlay-gradient":""},"mobile":{"background-color":"","background-image":"","background-repeat":"repeat","background-position":"center center","background-size":"auto","background-attachment":"scroll","background-type":"","background-media":"","overlay-type":"","overlay-color":"","overlay-opacity":"","overlay-gradient":""}},"ast-content-background-meta":{"desktop":{"background-color":"var(--ast-global-color-5)","background-image":"","background-repeat":"repeat","background-position":"center center","background-size":"auto","background-attachment":"scroll","background-type":"","background-media":"","overlay-type":"","overlay-color":"","overlay-opacity":"","overlay-gradient":""},"tablet":{"background-color":"var(--ast-global-color-5)","background-image":"","background-repeat":"repeat","background-position":"center center","background-size":"auto","background-attachment":"scroll","background-type":"","background-media":"","overlay-type":"","overlay-color":"","overlay-opacity":"","overlay-gradient":""},"mobile":{"background-color":"var(--ast-global-color-5)","background-image":"","background-repeat":"repeat","background-position":"center center","background-size":"auto","background-attachment":"scroll","background-type":"","background-media":"","overlay-type":"","overlay-color":"","overlay-opacity":"","overlay-gradient":""}},"footnotes":""},"categories":[75],"tags":[],"class_list":["post-4160","post","type-post","status-publish","format-standard","has-post-thumbnail","hentry","category-saude-bucal-categoria"],"uagb_featured_image_src":{"full":["https:\/\/corpoequilibrado.com.br\/wp-content\/uploads\/2025\/04\/pexels-photo-3812731-3812731.jpg",940,627,false],"thumbnail":["https:\/\/corpoequilibrado.com.br\/wp-content\/uploads\/2025\/04\/pexels-photo-3812731-3812731-150x150.jpg",150,150,true],"medium":["https:\/\/corpoequilibrado.com.br\/wp-content\/uploads\/2025\/04\/pexels-photo-3812731-3812731-300x200.jpg",300,200,true],"medium_large":["https:\/\/corpoequilibrado.com.br\/wp-content\/uploads\/2025\/04\/pexels-photo-3812731-3812731-768x512.jpg",768,512,true],"large":["https:\/\/corpoequilibrado.com.br\/wp-content\/uploads\/2025\/04\/pexels-photo-3812731-3812731.jpg",940,627,false],"1536x1536":["https:\/\/corpoequilibrado.com.br\/wp-content\/uploads\/2025\/04\/pexels-photo-3812731-3812731.jpg",940,627,false],"2048x2048":["https:\/\/corpoequilibrado.com.br\/wp-content\/uploads\/2025\/04\/pexels-photo-3812731-3812731.jpg",940,627,false],"trp-custom-language-flag":["https:\/\/corpoequilibrado.com.br\/wp-content\/uploads\/2025\/04\/pexels-photo-3812731-3812731-18x12.jpg",18,12,true]},"uagb_author_info":{"display_name":"Equipe Corpo Equilibrado","author_link":"https:\/\/corpoequilibrado.com.br\/es\/author\/rcastello20gmail-com\/"},"uagb_comment_info":0,"uagb_excerpt":"Afta na boca afeta seu dia a dia? Descubra formas eficazes de aliviar o inc\u00f4modo!","_links":{"self":[{"href":"https:\/\/corpoequilibrado.com.br\/es\/wp-json\/wp\/v2\/posts\/4160","targetHints":{"allow":["GET"]}}],"collection":[{"href":"https:\/\/corpoequilibrado.com.br\/es\/wp-json\/wp\/v2\/posts"}],"about":[{"href":"https:\/\/corpoequilibrado.com.br\/es\/wp-json\/wp\/v2\/types\/post"}],"author":[{"embeddable":true,"href":"https:\/\/corpoequilibrado.com.br\/es\/wp-json\/wp\/v2\/users\/1"}],"replies":[{"embeddable":true,"href":"https:\/\/corpoequilibrado.com.br\/es\/wp-json\/wp\/v2\/comments?post=4160"}],"version-history":[{"count":0,"href":"https:\/\/corpoequilibrado.com.br\/es\/wp-json\/wp\/v2\/posts\/4160\/revisions"}],"wp:featuredmedia":[{"embeddable":true,"href":"https:\/\/corpoequilibrado.com.br\/es\/wp-json\/wp\/v2\/media\/4239"}],"wp:attachment":[{"href":"https:\/\/corpoequilibrado.com.br\/es\/wp-json\/wp\/v2\/media?parent=4160"}],"wp:term":[{"taxonomy":"category","embeddable":true,"href":"https:\/\/corpoequilibrado.com.br\/es\/wp-json\/wp\/v2\/categories?post=4160"},{"taxonomy":"post_tag","embeddable":true,"href":"https:\/\/corpoequilibrado.com.br\/es\/wp-json\/wp\/v2\/tags?post=4160"}],"curies":[{"name":"wp","href":"https:\/\/api.w.org\/{rel}","templated":true}]}}