{"id":4224,"date":"2025-04-13T16:56:59","date_gmt":"2025-04-13T19:56:59","guid":{"rendered":"https:\/\/corpoequilibrado.com.br\/?p=4224"},"modified":"2025-04-18T19:42:04","modified_gmt":"2025-04-18T22:42:04","slug":"grano-interno-como-tratarlo-y-prevenirlo","status":"publish","type":"post","link":"https:\/\/corpoequilibrado.com.br\/es\/grano-interno-como-tratarlo-y-prevenirlo\/","title":{"rendered":"Acn\u00e9 interno: qu\u00e9 lo causa, c\u00f3mo tratarlo y c\u00f3mo prevenirlo"},"content":{"rendered":"<p>El grano interno es una afecci\u00f3n inflamatoria que se desarrolla en las capas m\u00e1s profundas de la piel. Aunque no es visible en la superficie, puede ser bastante doloroso e inc\u00f3modo. En este art\u00edculo comprender\u00e1s qu\u00e9 causa este tipo de acn\u00e9, c\u00f3mo tratarlo de manera efectiva y qu\u00e9 hacer para prevenir la aparici\u00f3n del temido acn\u00e9. <a href=\"https:\/\/corpoequilibrado.com.br\/es\/granos\/\" title=\"Aprenda m\u00e1s sobre los granos\">granos<\/a> interno y externo. Contenido completo para quienes buscan mantener <strong>salud de la piel<\/strong> con soluciones pr\u00e1cticas y naturales.<\/p><div id=\"ez-toc-container\" class=\"ez-toc-v2_0_82_2 counter-hierarchy ez-toc-counter ez-toc-grey ez-toc-container-direction\">\n<div class=\"ez-toc-title-container\">\n<p class=\"ez-toc-title\" style=\"cursor:inherit\">Resumen<\/p>\n<span class=\"ez-toc-title-toggle\"><\/span><\/div>\n<nav><ul class='ez-toc-list ez-toc-list-level-1' ><ul class='ez-toc-list-level-3' ><li class='ez-toc-heading-level-3'><a class=\"ez-toc-link ez-toc-heading-1\" href=\"https:\/\/corpoequilibrado.com.br\/es\/grano-interno-como-tratarlo-y-prevenirlo\/#Video_explicativo_sobre_espinhas_internas\" >V\u00eddeo explicativo sobre los granos internos:<\/a><\/li><\/ul><\/li><li class='ez-toc-page-1 ez-toc-heading-level-2'><a class=\"ez-toc-link ez-toc-heading-2\" href=\"https:\/\/corpoequilibrado.com.br\/es\/grano-interno-como-tratarlo-y-prevenirlo\/#O_que_e_espinha_interna_Entenda_o_que_e_esse_tipo_de_inflamacao\" >\u00bfQu\u00e9 es una columna interna? Entender qu\u00e9 es este tipo de inflamaci\u00f3n<\/a><\/li><li class='ez-toc-page-1 ez-toc-heading-level-2'><a class=\"ez-toc-link ez-toc-heading-3\" href=\"https:\/\/corpoequilibrado.com.br\/es\/grano-interno-como-tratarlo-y-prevenirlo\/#Espinha_interna_e_um_tipo_de_acne\" >\u00bfEl grano interno es un tipo de acn\u00e9?<\/a><\/li><li class='ez-toc-page-1 ez-toc-heading-level-2'><a class=\"ez-toc-link ez-toc-heading-4\" href=\"https:\/\/corpoequilibrado.com.br\/es\/grano-interno-como-tratarlo-y-prevenirlo\/#O_que_causa_espinha_interna_no_rosto\" >\u00bfQu\u00e9 causa los granos en la cara?<\/a><\/li><li class='ez-toc-page-1 ez-toc-heading-level-2'><a class=\"ez-toc-link ez-toc-heading-5\" href=\"https:\/\/corpoequilibrado.com.br\/es\/grano-interno-como-tratarlo-y-prevenirlo\/#E_recomendado_espremer_a_espinha_interna\" >\u00bfEs recomendable apretar el grano interno?<\/a><\/li><li class='ez-toc-page-1 ez-toc-heading-level-2'><a class=\"ez-toc-link ez-toc-heading-6\" href=\"https:\/\/corpoequilibrado.com.br\/es\/grano-interno-como-tratarlo-y-prevenirlo\/#Como_tratar_espinha_interna_de_forma_eficaz\" >\u00bfC\u00f3mo tratar eficazmente los granos internos?<\/a><\/li><li class='ez-toc-page-1 ez-toc-heading-level-2'><a class=\"ez-toc-link ez-toc-heading-7\" href=\"https:\/\/corpoequilibrado.com.br\/es\/grano-interno-como-tratarlo-y-prevenirlo\/#Quando_devo_procurar_um_dermatologista\" >\u00bfCu\u00e1ndo debo consultar a un dermat\u00f3logo?<\/a><\/li><li class='ez-toc-page-1 ez-toc-heading-level-2'><a class=\"ez-toc-link ez-toc-heading-8\" href=\"https:\/\/corpoequilibrado.com.br\/es\/grano-interno-como-tratarlo-y-prevenirlo\/#Diferenca_entre_espinha_normal_e_espinha_interna\" >Diferencia entre un grano normal y un grano interno<\/a><\/li><li class='ez-toc-page-1 ez-toc-heading-level-2'><a class=\"ez-toc-link ez-toc-heading-9\" href=\"https:\/\/corpoequilibrado.com.br\/es\/grano-interno-como-tratarlo-y-prevenirlo\/#Prevencao_da_espinha_interna_envolve_quais_cuidados_diarios\" >\u00bfQu\u00e9 cuidados diarios implica la prevenci\u00f3n del acn\u00e9 interno?<\/a><\/li><li class='ez-toc-page-1 ez-toc-heading-level-2'><a class=\"ez-toc-link ez-toc-heading-10\" href=\"https:\/\/corpoequilibrado.com.br\/es\/grano-interno-como-tratarlo-y-prevenirlo\/#Espinha_hormonal_o_que_e_e_como_tratar\" >Acn\u00e9 hormonal: \u00bfqu\u00e9 es y c\u00f3mo tratarlo?<\/a><\/li><li class='ez-toc-page-1 ez-toc-heading-level-2'><a class=\"ez-toc-link ez-toc-heading-11\" href=\"https:\/\/corpoequilibrado.com.br\/es\/grano-interno-como-tratarlo-y-prevenirlo\/#Alimentacao_influencia_na_acne_interna\" >\u00bfLa dieta influye en el acn\u00e9 interno?<\/a><\/li><li class='ez-toc-page-1 ez-toc-heading-level-2'><a class=\"ez-toc-link ez-toc-heading-12\" href=\"https:\/\/corpoequilibrado.com.br\/es\/grano-interno-como-tratarlo-y-prevenirlo\/#Compressa_quente_ajuda_mesmo_a_eliminar_a_espinha_interna\" >\u00bfUna compresa caliente realmente ayuda a eliminar los granos internos?<\/a><\/li><li class='ez-toc-page-1 ez-toc-heading-level-2'><a class=\"ez-toc-link ez-toc-heading-13\" href=\"https:\/\/corpoequilibrado.com.br\/es\/grano-interno-como-tratarlo-y-prevenirlo\/#Consideracoes_finais_como_evitar_e_tratar_a_espinha_interna_com_seguranca\" >Reflexiones finales: C\u00f3mo prevenir y tratar de forma segura la picaz\u00f3n en la parte interna de los muslos<\/a><\/li><li class='ez-toc-page-1 ez-toc-heading-level-2'><a class=\"ez-toc-link ez-toc-heading-14\" href=\"https:\/\/corpoequilibrado.com.br\/es\/grano-interno-como-tratarlo-y-prevenirlo\/#Resumo_o_que_voce_precisa_lembrar_sobre_espinha_interna\" >Resumen: Lo que debes recordar sobre la columna interna<\/a><\/li><\/ul><\/nav><\/div>\n\n\n\n\n<h3 class=\"wp-block-heading\"><span class=\"ez-toc-section\" id=\"Video_explicativo_sobre_espinhas_internas\"><\/span>V\u00eddeo explicativo sobre los granos internos:<span class=\"ez-toc-section-end\"><\/span><\/h3>\n\n\n\n<figure class=\"wp-block-embed is-type-video is-provider-youtube wp-block-embed-youtube wp-embed-aspect-16-9 wp-has-aspect-ratio\"><div class=\"wp-block-embed__wrapper\">\n<iframe title=\"Acn\u00e9 interno: \u00bfQu\u00e9 lo causa, c\u00f3mo tratarlo y eliminarlo r\u00e1pidamente?\" width=\"500\" height=\"281\" src=\"https:\/\/www.youtube.com\/embed\/rccOum8hYog?feature=oembed\" frameborder=\"0\" allow=\"accelerometer; autoplay; clipboard-write; encrypted-media; gyroscope; picture-in-picture; web-share\" referrerpolicy=\"strict-origin-when-cross-origin\" allowfullscreen><\/iframe>\n<\/div><\/figure>\n\n\n\n<h2 class=\"wp-block-heading\"><span class=\"ez-toc-section\" id=\"O_que_e_espinha_interna_Entenda_o_que_e_esse_tipo_de_inflamacao\"><\/span><strong>\u00bfQu\u00e9 es una columna interna? Entender qu\u00e9 es este tipo de inflamaci\u00f3n<\/strong><span class=\"ez-toc-section-end\"><\/span><\/h2>\n\n\n\n<p>El acn\u00e9 interno es un tipo de acn\u00e9 que se forma <strong>debajo de la superficie de la piel<\/strong>, generalmente como resultado de la acumulaci\u00f3n de <strong>sebo<\/strong>, <strong>c\u00e9lulas muertas<\/strong> y <strong>bacterias<\/strong> dentro de un <strong>fol\u00edculo piloso<\/strong>. Se desarrolla m\u00e1s profundamente que un grano com\u00fan y se convierte en un <strong>n\u00f3dulo<\/strong> <strong>enconado<\/strong> y doloroso al tacto.<\/p>\n\n\n\n<p>Este tipo de lesi\u00f3n es m\u00e1s com\u00fan en personas con <strong>piel grasa<\/strong>, pero puede aparecer en cualquier momento <strong>tipo de piel<\/strong>, especialmente cuando hay <strong>cambio hormonal<\/strong>, <a href=\"https:\/\/corpoequilibrado.com.br\/es\/sintomas-de-cortisol-alto\/\" title=\"Aprenda m\u00e1s sobre el estr\u00e9s\">estr\u00e9s<\/a> o uso indebido de productos que puedan <strong>obstruir los poros<\/strong>.<\/p>\n\n\n\n<h2 class=\"wp-block-heading\"><span class=\"ez-toc-section\" id=\"Espinha_interna_e_um_tipo_de_acne\"><\/span><strong>\u00bfEl grano interno es un tipo de acn\u00e9?<\/strong><span class=\"ez-toc-section-end\"><\/span><\/h2>\n\n\n\n<p>S\u00ed, el acn\u00e9 interno es uno de los varios tipos de acn\u00e9 que existen. M\u00e1s espec\u00edficamente, estas lesiones son <strong>clasificado como acn\u00e9 noduloqu\u00edstico<\/strong>, una de las enfermedades m\u00e1s graves. El proceso inflamatorio ocurre en la <strong>capa m\u00e1s profunda de la piel<\/strong>, lo que hace que este tipo de grano sea m\u00e1s dif\u00edcil de tratar.<\/p>\n\n\n\n<figure class=\"wp-block-image aligncenter size-large\"><img fetchpriority=\"high\" decoding=\"async\" width=\"1024\" height=\"683\" src=\"https:\/\/corpoequilibrado.com.br\/wp-content\/uploads\/2025\/04\/2148982546-1-1024x683.jpg\" alt=\"tipo de acn\u00e9 de grano interno\" class=\"wp-image-4474\" style=\"aspect-ratio:16\/9;object-fit:cover\" srcset=\"https:\/\/corpoequilibrado.com.br\/wp-content\/uploads\/2025\/04\/2148982546-1-1024x683.jpg 1024w, https:\/\/corpoequilibrado.com.br\/wp-content\/uploads\/2025\/04\/2148982546-1-300x200.jpg 300w, https:\/\/corpoequilibrado.com.br\/wp-content\/uploads\/2025\/04\/2148982546-1-768x513.jpg 768w, https:\/\/corpoequilibrado.com.br\/wp-content\/uploads\/2025\/04\/2148982546-1-18x12.jpg 18w, https:\/\/corpoequilibrado.com.br\/wp-content\/uploads\/2025\/04\/2148982546-1.jpg 1500w\" sizes=\"(max-width: 1024px) 100vw, 1024px\" \/><\/figure>\n\n\n\n<p>Mientras que los granos externos aparecen con un punto blanco o amarillento visible, el grano interno no tiene esta \u201ccabeza\u201d, lo que dificulta el drenaje natural.<\/p>\n\n\n\n<h2 class=\"wp-block-heading\"><span class=\"ez-toc-section\" id=\"O_que_causa_espinha_interna_no_rosto\"><\/span><strong>\u00bfQu\u00e9 causa los granos en la cara?<\/strong><span class=\"ez-toc-section-end\"><\/span><\/h2>\n\n\n\n<p>Entre los factores que pueden provocar granos internos, los principales son:<\/p>\n\n\n\n<ul class=\"wp-block-list\">\n<li><strong>desequilibrios hormonales<\/strong>, como las que ocurren durante la adolescencia, el s\u00edndrome premenstrual, el embarazo o el estr\u00e9s;<\/li>\n\n\n\n<li><strong>Acumulaci\u00f3n de sebo y c\u00e9lulas muertas.<\/strong>, que favorecen la obstrucci\u00f3n de los fol\u00edculos;<\/li>\n\n\n\n<li>Uso de cosm\u00e9ticos que no sean <strong>no comedog\u00e9nico<\/strong>, que puede <strong>obstruir los poros<\/strong>;<\/li>\n\n\n\n<li>Falta de uno <strong>rutina de cuidado de la piel<\/strong> adecuado.<\/li>\n<\/ul>\n\n\n\n<p>La columna vertebral interna <strong>Puede aparecer en la cara<\/strong>, espalda, cuello, ingles e incluso el cuero cabelludo.<\/p>\n\n\n\n<h2 class=\"wp-block-heading\"><span class=\"ez-toc-section\" id=\"E_recomendado_espremer_a_espinha_interna\"><\/span><strong>\u00bfEs recomendable apretar el grano interno?<\/strong><span class=\"ez-toc-section-end\"><\/span><\/h2>\n\n\n\n<p><strong>Es importante no apretar<\/strong> una columna vertebral interna. \u00bfC\u00f3mo est\u00e1 ella? <strong>debajo de la piel<\/strong>Apretar puede empeorar la situaci\u00f3n y aumentar la <strong>enrojecimiento<\/strong>, causa <strong>hinchaz\u00f3n<\/strong> e incluso conducir a la formaci\u00f3n de <strong>cicatrices<\/strong> permanente.<\/p>\n\n\n\n<p>Adem\u00e1s, cuando <strong>Aprieta el grano interno<\/strong>, existe el riesgo de empujar el contenido inflamatorio m\u00e1s adentro de la piel, empeorando la condici\u00f3n. EL <strong>lo ideal es<\/strong> optar por tratamientos que favorezcan <strong>reducci\u00f3n de la inflamaci\u00f3n<\/strong> y respetar la <strong>proceso de curaci\u00f3n<\/strong> natural para el cuerpo.<\/p>\n\n\n\n<h2 class=\"wp-block-heading\"><span class=\"ez-toc-section\" id=\"Como_tratar_espinha_interna_de_forma_eficaz\"><\/span><strong>\u00bfC\u00f3mo tratar eficazmente los granos internos?<\/strong><span class=\"ez-toc-section-end\"><\/span><\/h2>\n\n\n\n<p>A <strong>tratar este tipo<\/strong> Para los granos, siga las precauciones a continuaci\u00f3n:<\/p>\n\n\n\n<figure class=\"wp-block-image aligncenter size-large\"><img decoding=\"async\" width=\"1024\" height=\"683\" src=\"https:\/\/corpoequilibrado.com.br\/wp-content\/uploads\/2025\/04\/2148982567-1-1024x683.jpg\" alt=\"Tratamiento del acn\u00e9 interno\" class=\"wp-image-4476\" style=\"aspect-ratio:16\/9;object-fit:cover\" srcset=\"https:\/\/corpoequilibrado.com.br\/wp-content\/uploads\/2025\/04\/2148982567-1-1024x683.jpg 1024w, https:\/\/corpoequilibrado.com.br\/wp-content\/uploads\/2025\/04\/2148982567-1-300x200.jpg 300w, https:\/\/corpoequilibrado.com.br\/wp-content\/uploads\/2025\/04\/2148982567-1-768x513.jpg 768w, https:\/\/corpoequilibrado.com.br\/wp-content\/uploads\/2025\/04\/2148982567-1-18x12.jpg 18w, https:\/\/corpoequilibrado.com.br\/wp-content\/uploads\/2025\/04\/2148982567-1.jpg 1500w\" sizes=\"(max-width: 1024px) 100vw, 1024px\" \/><\/figure>\n\n\n\n<ul class=\"wp-block-list\">\n<li>Aplicar <strong>compresas calientes<\/strong> en la zona durante unos 10 a 15 minutos, dos veces al d\u00eda. Esto ayuda a aliviar el dolor y reducir la hinchaz\u00f3n;<\/li>\n\n\n\n<li>Utilice productos t\u00f3picos con <strong>\u00e1cido salic\u00edlico<\/strong> o <strong>per\u00f3xido de benzoilo<\/strong>, que ayudan a limpiar los poros y combatir las bacterias;<\/li>\n\n\n\n<li>Evite utilizar productos grasosos o irritantes en la zona afectada;<\/li>\n\n\n\n<li>Mant\u00e9n tu piel limpia lavando tu cara dos veces al d\u00eda con <strong>jab\u00f3n suave<\/strong> y espec\u00edfico para usted <strong>tipo de piel<\/strong>;<\/li>\n\n\n\n<li>Consultar a un <strong>dermat\u00f3logo<\/strong> para hacer una evaluaci\u00f3n m\u00e1s precisa, especialmente si la columna interna es muy dolorosa o <strong>enconado<\/strong>.<\/li>\n<\/ul>\n\n\n\n<h2 class=\"wp-block-heading\"><span class=\"ez-toc-section\" id=\"Quando_devo_procurar_um_dermatologista\"><\/span><strong>\u00bfCu\u00e1ndo debo consultar a un dermat\u00f3logo?<\/strong><span class=\"ez-toc-section-end\"><\/span><\/h2>\n\n\n\n<p>Y <strong>recomendado<\/strong> Consulte a un dermat\u00f3logo cuando:<\/p>\n\n\n\n<ul class=\"wp-block-list\">\n<li>La columna interna es muy <strong>doloroso<\/strong> y con <strong>enrojecimiento intenso<\/strong>;<\/li>\n\n\n\n<li>La lesi\u00f3n est\u00e1 creciendo o <strong>inflamado en la cara<\/strong>;<\/li>\n\n\n\n<li>Es frecuente la formaci\u00f3n de granos internos;<\/li>\n\n\n\n<li>El tratamiento casero no muestra resultados.<\/li>\n<\/ul>\n\n\n\n<p>El especialista puede prescribir medicamentos orales, drenajes o tratamientos con l\u00e1ser, dependiendo de la gravedad del acn\u00e9.<\/p>\n\n\n\n<blockquote class=\"wp-block-quote is-layout-flow wp-block-quote-is-layout-flow\">\n<p><strong>\ud83d\udc49Cuidar tu piel va mucho m\u00e1s all\u00e1 de la cosm\u00e9tica. Vea nuestro <a href=\"https:\/\/corpoequilibrado.com.br\/es\/belleza-natural\/\" data-type=\"post\" data-id=\"3964\">gu\u00eda completa de belleza natural<\/a> C\u00f3mo fortalecer tu piel desde adentro hacia afuera con h\u00e1bitos simples y efectivos.<\/strong><\/p>\n<\/blockquote>\n\n\n\n<h2 class=\"wp-block-heading\"><span class=\"ez-toc-section\" id=\"Diferenca_entre_espinha_normal_e_espinha_interna\"><\/span><strong>Diferencia entre un grano normal y un grano interno<\/strong><span class=\"ez-toc-section-end\"><\/span><\/h2>\n\n\n\n<p>EL <strong>columna vertebral normal<\/strong> Aparece m\u00e1s superficialmente y generalmente tiene una \u201ccabeza\u201d visible, lo que hace m\u00e1s f\u00e1cil su tratamiento. Ya el <strong>La columna vertebral interna es un tipo<\/strong> de inflamaci\u00f3n m\u00e1s profunda, que no rompe la superficie de la piel y puede causar m\u00e1s <strong>hinchaz\u00f3n<\/strong>, <strong>dolor<\/strong> y <strong>enrojecimiento<\/strong>.<\/p>\n\n\n\n<figure class=\"wp-block-image aligncenter size-large\"><img decoding=\"async\" width=\"1024\" height=\"683\" src=\"https:\/\/corpoequilibrado.com.br\/wp-content\/uploads\/2025\/04\/2150478643-1-1024x683.jpg\" alt=\"Diferencia entre un grano normal y un grano interno\" class=\"wp-image-4477\" style=\"aspect-ratio:16\/9;object-fit:cover\" srcset=\"https:\/\/corpoequilibrado.com.br\/wp-content\/uploads\/2025\/04\/2150478643-1-1024x683.jpg 1024w, https:\/\/corpoequilibrado.com.br\/wp-content\/uploads\/2025\/04\/2150478643-1-300x200.jpg 300w, https:\/\/corpoequilibrado.com.br\/wp-content\/uploads\/2025\/04\/2150478643-1-768x512.jpg 768w, https:\/\/corpoequilibrado.com.br\/wp-content\/uploads\/2025\/04\/2150478643-1-18x12.jpg 18w, https:\/\/corpoequilibrado.com.br\/wp-content\/uploads\/2025\/04\/2150478643-1.jpg 1500w\" sizes=\"(max-width: 1024px) 100vw, 1024px\" \/><\/figure>\n\n\n\n<p>Los granos internos suelen ser <strong>conocidos como granos qu\u00edsticos<\/strong>, y requieren cuidados m\u00e1s espec\u00edficos para evitar complicaciones.<\/p>\n\n\n\n<p>Un grano interno es m\u00e1s profundo, m\u00e1s doloroso y m\u00e1s dif\u00edcil de tratar que los granos m\u00e1s comunes. Pero entiende <strong>Las diferencias entre los tipos de granos<\/strong> Ayuda a adoptar el cuidado adecuado para cada caso.<\/p>\n\n\n\n<p>\ud83d\udc49 <strong>\u00bfQuieres saber c\u00f3mo tratar los granos en otras zonas, como la espalda, la ingle o la nariz? Vea nuestra gu\u00eda completa en <\/strong><a href=\"https:\/\/corpoequilibrado.com.br\/es\/granos\/\" data-type=\"post\" data-id=\"4246\"><strong>granos en la cara y el cuerpo<\/strong>.<\/a><\/p>\n\n\n\n<h2 class=\"wp-block-heading\"><span class=\"ez-toc-section\" id=\"Prevencao_da_espinha_interna_envolve_quais_cuidados_diarios\"><\/span><strong>\u00bfQu\u00e9 cuidados diarios implica la prevenci\u00f3n del acn\u00e9 interno?<\/strong><span class=\"ez-toc-section-end\"><\/span><\/h2>\n\n\n\n<p>La mejor manera de <strong>prevenir el acn\u00e9<\/strong> y evitar la formaci\u00f3n de granitos internos es mantener una buena <strong>rutina de cuidado de la piel<\/strong>. A continuaci\u00f3n se presentan algunas recomendaciones pr\u00e1cticas:<\/p>\n\n\n\n<ul class=\"wp-block-list\">\n<li><strong>L\u00e1vate la cara dos veces al d\u00eda.<\/strong> con jab\u00f3n adecuado;<\/li>\n\n\n\n<li><strong>Mant\u00e9n tu piel hidratada<\/strong>, aunque sea aceitoso;<\/li>\n\n\n\n<li>Evitar <strong>tocarte la cara con las manos sucias<\/strong>;<\/li>\n\n\n\n<li>Cambie la funda de almohada peri\u00f3dicamente;<\/li>\n\n\n\n<li>Elegir maquillaje y protector solar <strong>no comedog\u00e9nico<\/strong>;<\/li>\n\n\n\n<li>Reducir el consumo de alimentos con alto \u00edndice gluc\u00e9mico;<\/li>\n\n\n\n<li>Controlar el <strong>estr\u00e9s<\/strong> y dormir bien.<\/li>\n<\/ul>\n\n\n\n<p>Estas sencillas medidas ayudan a <strong>Mant\u00e9n tu piel limpia<\/strong> y saludable, reduciendo la posibilidad de <strong>desarrollar<\/strong> granos.<\/p>\n\n\n\n<h2 class=\"wp-block-heading\"><span class=\"ez-toc-section\" id=\"Espinha_hormonal_o_que_e_e_como_tratar\"><\/span><strong>Acn\u00e9 hormonal: \u00bfqu\u00e9 es y c\u00f3mo tratarlo?<\/strong><span class=\"ez-toc-section-end\"><\/span><\/h2>\n\n\n\n<p>El acn\u00e9 hormonal es causado por <strong>fluctuaciones hormonales<\/strong>, como ocurre durante el ciclo menstrual, el embarazo o per\u00edodos de estr\u00e9s. Generalmente aparece en la zona del ment\u00f3n y la mand\u00edbula.<\/p>\n\n\n\n<figure class=\"wp-block-image aligncenter size-large\"><img loading=\"lazy\" decoding=\"async\" width=\"1024\" height=\"683\" src=\"https:\/\/corpoequilibrado.com.br\/wp-content\/uploads\/2025\/04\/2149383498-1-1024x683.jpg\" alt=\"columna vertebral hormonal\" class=\"wp-image-4478\" style=\"aspect-ratio:16\/9;object-fit:cover\" srcset=\"https:\/\/corpoequilibrado.com.br\/wp-content\/uploads\/2025\/04\/2149383498-1-1024x683.jpg 1024w, https:\/\/corpoequilibrado.com.br\/wp-content\/uploads\/2025\/04\/2149383498-1-300x200.jpg 300w, https:\/\/corpoequilibrado.com.br\/wp-content\/uploads\/2025\/04\/2149383498-1-768x513.jpg 768w, https:\/\/corpoequilibrado.com.br\/wp-content\/uploads\/2025\/04\/2149383498-1-18x12.jpg 18w, https:\/\/corpoequilibrado.com.br\/wp-content\/uploads\/2025\/04\/2149383498-1.jpg 1500w\" sizes=\"(max-width: 1024px) 100vw, 1024px\" \/><\/figure>\n\n\n\n<p>El tratamiento puede implicar:<\/p>\n\n\n\n<ul class=\"wp-block-list\">\n<li>Uso de cosm\u00e9ticos con <strong>\u00e1cido salic\u00edlico<\/strong>;<\/li>\n\n\n\n<li>Cuidado de la piel grasa;<\/li>\n\n\n\n<li>Control de la dieta y el estr\u00e9s;<\/li>\n\n\n\n<li>En algunos casos, los medicamentos recetados por <strong>dermat\u00f3logo<\/strong>.<\/li>\n<\/ul>\n\n\n\n<h2 class=\"wp-block-heading\"><span class=\"ez-toc-section\" id=\"Alimentacao_influencia_na_acne_interna\"><\/span><strong>\u00bfLa dieta influye en el acn\u00e9 interno?<\/strong><span class=\"ez-toc-section-end\"><\/span><\/h2>\n\n\n\n<p>S\u00ed. El consumo excesivo de alimentos ricos en az\u00facar y grasas puede aumentar la producci\u00f3n de <strong>sebo<\/strong> por el <strong>gl\u00e1ndulas seb\u00e1ceas<\/strong>, favoreciendo la aparici\u00f3n de granitos. Por otro lado, una dieta rica en verduras, frutas y agua contribuye a <strong>salud de la piel<\/strong>.<\/p>\n\n\n\n<p>Adem\u00e1s, algunos <strong>deficiencias nutricionales<\/strong> Puede afectar el equilibrio de la piel, favoreciendo la aparici\u00f3n de <strong>espinas internas<\/strong> en personas predispuestas.<\/p>\n\n\n\n<h2 class=\"wp-block-heading\"><span class=\"ez-toc-section\" id=\"Compressa_quente_ajuda_mesmo_a_eliminar_a_espinha_interna\"><\/span><strong>\u00bfUna compresa caliente realmente ayuda a eliminar los granos internos?<\/strong><span class=\"ez-toc-section-end\"><\/span><\/h2>\n\n\n\n<p>S\u00ed, el <strong>compresa caliente<\/strong> es un m\u00e9todo simple pero efectivo para ayudar <strong>eliminar la columna interna<\/strong>. Promueve la dilataci\u00f3n de los poros, favorece el drenaje natural de la inflamaci\u00f3n y <strong>reduce el enrojecimiento<\/strong> y el <strong>dolor<\/strong>.<\/p>\n\n\n\n<p>Hacer:<\/p>\n\n\n\n<ul class=\"wp-block-list\">\n<li>Utilice una toalla limpia con agua tibia;<\/li>\n\n\n\n<li>Aplicar en el \u00e1rea <strong>afectado<\/strong> durante 10 a 15 minutos;<\/li>\n\n\n\n<li>Repita el proceso hasta que <strong>dos veces al d\u00eda<\/strong>.<\/li>\n<\/ul>\n\n\n\n<p>Evite aplicar compresas muy calientes para no da\u00f1ar la piel.<\/p>\n\n\n\n<h2 class=\"wp-block-heading\"><span class=\"ez-toc-section\" id=\"Consideracoes_finais_como_evitar_e_tratar_a_espinha_interna_com_seguranca\"><\/span><strong>Reflexiones finales: C\u00f3mo prevenir y tratar de forma segura la picaz\u00f3n en la parte interna de los muslos<\/strong><span class=\"ez-toc-section-end\"><\/span><\/h2>\n\n\n\n<p>EL <strong><a href=\"https:\/\/www.nivea.com.br\/dicas\/tudo-sobre-espinha-interna\" target=\"_blank\" rel=\"noreferrer noopener nofollow\">columna vertebral interna<\/a> es una condici\u00f3n<\/strong> lo cual requiere paciencia y cuidado. El secreto para tratar <strong>este tipo de acn\u00e9<\/strong> es evitar intervenciones agresivas, como <strong>exprimir un grano interno<\/strong>, y adoptar un enfoque amable y coherente, respetando la <strong>proceso de curaci\u00f3n<\/strong> piel natural.<\/p>\n\n\n\n<p>Mantener un <strong>rutina de cuidado<\/strong>, utilice los productos adecuados y consulte a un <strong>dermat\u00f3logo<\/strong> En los casos persistentes, son actitudes fundamentales. Recuerda que <strong>La prevenci\u00f3n del acn\u00e9 interno implica<\/strong> h\u00e1bitos diarios, como <strong>L\u00e1vate la cara con un jab\u00f3n adecuado<\/strong>, <strong>Mant\u00e9n tu piel hidratada<\/strong> y factores de control como la dieta y <strong>estr\u00e9s<\/strong>.<\/p>\n\n\n\n<p>Con dedicaci\u00f3n, es posible <strong>reducir la inflamaci\u00f3n<\/strong>, prevenir nuevas lesiones y conseguir una piel m\u00e1s sana y libre de <strong>espinas internas<\/strong>.<\/p>\n\n\n\n<h2 class=\"wp-block-heading\"><span class=\"ez-toc-section\" id=\"Resumo_o_que_voce_precisa_lembrar_sobre_espinha_interna\"><\/span><strong>Resumen: Lo que debes recordar sobre la columna interna<\/strong><span class=\"ez-toc-section-end\"><\/span><\/h2>\n\n\n\n<ul class=\"wp-block-list\">\n<li>EL <strong>La columna vertebral interna es un tipo<\/strong> acn\u00e9 profundo y doloroso sin \u201ccabeza\u201d visible;<\/li>\n\n\n\n<li>Surge debido a la obstrucci\u00f3n de la <strong>fol\u00edculo<\/strong> con <strong>sebo<\/strong>, <strong>c\u00e9lulas muertas<\/strong> y <strong>bacterias<\/strong>;<\/li>\n\n\n\n<li>Nunca <strong>Aprieta el grano interno<\/strong> \u2014 esto puede agravar la inflamaci\u00f3n y dejar <strong>cicatrices<\/strong>;<\/li>\n\n\n\n<li>El uso de <strong>compresa tibia<\/strong>, <strong>\u00e1cido salic\u00edlico<\/strong> y jabones espec\u00edficos pueden ayudar;<\/li>\n\n\n\n<li>Si la lesi\u00f3n es muy <strong>enconado<\/strong>, <strong>consulte a un dermat\u00f3logo<\/strong> es esencial;<\/li>\n\n\n\n<li>La prevenci\u00f3n incluye <strong>L\u00e1vate la cara dos veces al d\u00eda<\/strong>, controlar el <strong>oleaginosidad<\/strong> y adoptar una buena dieta;<\/li>\n\n\n\n<li>EL <strong>La columna interna puede ser<\/strong> influenciada por factores hormonales y emocionales;<\/li>\n\n\n\n<li>EL <strong>grano en la cara<\/strong>, el cuello o la espalda pueden indicar una afecci\u00f3n m\u00e1s grave. <strong>acn\u00e9 interno<\/strong>.<\/li>\n<\/ul>","protected":false},"excerpt":{"rendered":"<p>Los granos internos pueden ser dolorosos y frustrantes; Descubra m\u00e9todos de tratamiento naturales y efectivos.<\/p>","protected":false},"author":1,"featured_media":4481,"comment_status":"closed","ping_status":"open","sticky":false,"template":"","format":"standard","meta":{"_uag_custom_page_level_css":"","site-sidebar-layout":"default","site-content-layout":"","ast-site-content-layout":"default","site-content-style":"default","site-sidebar-style":"default","ast-global-header-display":"","ast-banner-title-visibility":"","ast-main-header-display":"","ast-hfb-above-header-display":"","ast-hfb-below-header-display":"","ast-hfb-mobile-header-display":"","site-post-title":"","ast-breadcrumbs-content":"","ast-featured-img":"","footer-sml-layout":"","ast-disable-related-posts":"","theme-transparent-header-meta":"","adv-header-id-meta":"","stick-header-meta":"","header-above-stick-meta":"","header-main-stick-meta":"","header-below-stick-meta":"","astra-migrate-meta-layouts":"set","ast-page-background-enabled":"default","ast-page-background-meta":{"desktop":{"background-color":"","background-image":"","background-repeat":"repeat","background-position":"center center","background-size":"auto","background-attachment":"scroll","background-type":"","background-media":"","overlay-type":"","overlay-color":"","overlay-opacity":"","overlay-gradient":""},"tablet":{"background-color":"","background-image":"","background-repeat":"repeat","background-position":"center center","background-size":"auto","background-attachment":"scroll","background-type":"","background-media":"","overlay-type":"","overlay-color":"","overlay-opacity":"","overlay-gradient":""},"mobile":{"background-color":"","background-image":"","background-repeat":"repeat","background-position":"center center","background-size":"auto","background-attachment":"scroll","background-type":"","background-media":"","overlay-type":"","overlay-color":"","overlay-opacity":"","overlay-gradient":""}},"ast-content-background-meta":{"desktop":{"background-color":"var(--ast-global-color-5)","background-image":"","background-repeat":"repeat","background-position":"center center","background-size":"auto","background-attachment":"scroll","background-type":"","background-media":"","overlay-type":"","overlay-color":"","overlay-opacity":"","overlay-gradient":""},"tablet":{"background-color":"var(--ast-global-color-5)","background-image":"","background-repeat":"repeat","background-position":"center center","background-size":"auto","background-attachment":"scroll","background-type":"","background-media":"","overlay-type":"","overlay-color":"","overlay-opacity":"","overlay-gradient":""},"mobile":{"background-color":"var(--ast-global-color-5)","background-image":"","background-repeat":"repeat","background-position":"center center","background-size":"auto","background-attachment":"scroll","background-type":"","background-media":"","overlay-type":"","overlay-color":"","overlay-opacity":"","overlay-gradient":""}},"footnotes":""},"categories":[48],"tags":[],"class_list":["post-4224","post","type-post","status-publish","format-standard","has-post-thumbnail","hentry","category-beleza-e-estetica-categoria"],"uagb_featured_image_src":{"full":["https:\/\/corpoequilibrado.com.br\/wp-content\/uploads\/2025\/04\/2148982568-1.jpg",1500,1001,false],"thumbnail":["https:\/\/corpoequilibrado.com.br\/wp-content\/uploads\/2025\/04\/2148982568-1-150x150.jpg",150,150,true],"medium":["https:\/\/corpoequilibrado.com.br\/wp-content\/uploads\/2025\/04\/2148982568-1-300x200.jpg",300,200,true],"medium_large":["https:\/\/corpoequilibrado.com.br\/wp-content\/uploads\/2025\/04\/2148982568-1-768x513.jpg",768,513,true],"large":["https:\/\/corpoequilibrado.com.br\/wp-content\/uploads\/2025\/04\/2148982568-1-1024x683.jpg",1024,683,true],"1536x1536":["https:\/\/corpoequilibrado.com.br\/wp-content\/uploads\/2025\/04\/2148982568-1.jpg",1500,1001,false],"2048x2048":["https:\/\/corpoequilibrado.com.br\/wp-content\/uploads\/2025\/04\/2148982568-1.jpg",1500,1001,false],"trp-custom-language-flag":["https:\/\/corpoequilibrado.com.br\/wp-content\/uploads\/2025\/04\/2148982568-1-18x12.jpg",18,12,true]},"uagb_author_info":{"display_name":"Equipe Corpo Equilibrado","author_link":"https:\/\/corpoequilibrado.com.br\/es\/author\/rcastello20gmail-com\/"},"uagb_comment_info":0,"uagb_excerpt":"Espinha interna pode ser dolorosa e frustrante; descubra m\u00e9todos naturais e eficazes de tratamento.","_links":{"self":[{"href":"https:\/\/corpoequilibrado.com.br\/es\/wp-json\/wp\/v2\/posts\/4224","targetHints":{"allow":["GET"]}}],"collection":[{"href":"https:\/\/corpoequilibrado.com.br\/es\/wp-json\/wp\/v2\/posts"}],"about":[{"href":"https:\/\/corpoequilibrado.com.br\/es\/wp-json\/wp\/v2\/types\/post"}],"author":[{"embeddable":true,"href":"https:\/\/corpoequilibrado.com.br\/es\/wp-json\/wp\/v2\/users\/1"}],"replies":[{"embeddable":true,"href":"https:\/\/corpoequilibrado.com.br\/es\/wp-json\/wp\/v2\/comments?post=4224"}],"version-history":[{"count":0,"href":"https:\/\/corpoequilibrado.com.br\/es\/wp-json\/wp\/v2\/posts\/4224\/revisions"}],"wp:featuredmedia":[{"embeddable":true,"href":"https:\/\/corpoequilibrado.com.br\/es\/wp-json\/wp\/v2\/media\/4481"}],"wp:attachment":[{"href":"https:\/\/corpoequilibrado.com.br\/es\/wp-json\/wp\/v2\/media?parent=4224"}],"wp:term":[{"taxonomy":"category","embeddable":true,"href":"https:\/\/corpoequilibrado.com.br\/es\/wp-json\/wp\/v2\/categories?post=4224"},{"taxonomy":"post_tag","embeddable":true,"href":"https:\/\/corpoequilibrado.com.br\/es\/wp-json\/wp\/v2\/tags?post=4224"}],"curies":[{"name":"wp","href":"https:\/\/api.w.org\/{rel}","templated":true}]}}