{"id":4266,"date":"2025-04-13T18:52:43","date_gmt":"2025-04-13T21:52:43","guid":{"rendered":"https:\/\/corpoequilibrado.com.br\/?p=4266"},"modified":"2025-04-18T14:36:54","modified_gmt":"2025-04-18T17:36:54","slug":"fatiga-mental","status":"publish","type":"post","link":"https:\/\/corpoequilibrado.com.br\/es\/fatiga-mental\/","title":{"rendered":"Fatiga mental: S\u00edntomas, causas y c\u00f3mo aliviarla con tratamientos naturales"},"content":{"rendered":"<p>EL <strong>fatiga mental<\/strong> es un estado de <strong>agotamiento<\/strong> que resulta de <strong>sobrecarga cognitiva<\/strong>, y puede afectar seriamente la <strong>salud mental y f\u00edsica<\/strong>. Se manifiesta con <strong>falta de energ\u00eda<\/strong>, <strong>dificultad para concentrarse<\/strong>, <strong>fatiga mental<\/strong>, y en algunos casos, est\u00e1 relacionado con <strong>s\u00edndrome de burnout<\/strong>, tambi\u00e9n conocido como <strong>s\u00edndrome de burnout<\/strong>.<\/p><div id=\"ez-toc-container\" class=\"ez-toc-v2_0_82_2 counter-hierarchy ez-toc-counter ez-toc-grey ez-toc-container-direction\">\n<div class=\"ez-toc-title-container\">\n<p class=\"ez-toc-title\" style=\"cursor:inherit\">Resumen<\/p>\n<span class=\"ez-toc-title-toggle\"><\/span><\/div>\n<nav><ul class='ez-toc-list ez-toc-list-level-1' ><li class='ez-toc-page-1 ez-toc-heading-level-2'><a class=\"ez-toc-link ez-toc-heading-1\" href=\"https:\/\/corpoequilibrado.com.br\/es\/fatiga-mental\/#O_que_e_cansaco_mental_e_por_que_ele_acontece\" >\u00bfQu\u00e9 es la fatiga mental y por qu\u00e9 se produce?<\/a><\/li><li class='ez-toc-page-1 ez-toc-heading-level-2'><a class=\"ez-toc-link ez-toc-heading-2\" href=\"https:\/\/corpoequilibrado.com.br\/es\/fatiga-mental\/#Cansaco_mental_e_pior_que_o_fisico_Entenda_a_diferenca\" >\u00bfEs la fatiga mental peor que la fatiga f\u00edsica? Entender la diferencia<\/a><\/li><li class='ez-toc-page-1 ez-toc-heading-level-2'><a class=\"ez-toc-link ez-toc-heading-3\" href=\"https:\/\/corpoequilibrado.com.br\/es\/fatiga-mental\/#Sintomas_de_cansaco_mental_que_voce_nao_deve_ignorar\" >S\u00edntomas de fatiga mental que no debes ignorar<\/a><\/li><li class='ez-toc-page-1 ez-toc-heading-level-2'><a class=\"ez-toc-link ez-toc-heading-4\" href=\"https:\/\/corpoequilibrado.com.br\/es\/fatiga-mental\/#Cansaco_mental_teste_como_saber_se_voce_esta_esgotado\" >Test de fatiga mental: \u00bfc\u00f3mo saber si est\u00e1s agotado?<\/a><\/li><li class='ez-toc-page-1 ez-toc-heading-level-2'><a class=\"ez-toc-link ez-toc-heading-5\" href=\"https:\/\/corpoequilibrado.com.br\/es\/fatiga-mental\/#O_que_fazer_para_aliviar_o_cansaco_mental_no_dia_a_dia\" >Qu\u00e9 hacer para aliviar la fatiga mental en la vida cotidiana<\/a><\/li><li class='ez-toc-page-1 ez-toc-heading-level-2'><a class=\"ez-toc-link ez-toc-heading-6\" href=\"https:\/\/corpoequilibrado.com.br\/es\/fatiga-mental\/#Cansaco_mental_o_que_tomar_Opcoes_naturais_e_seguras\" >Fatiga mental \u00bfqu\u00e9 tomar? Opciones naturales y seguras<\/a><\/li><li class='ez-toc-page-1 ez-toc-heading-level-2'><a class=\"ez-toc-link ez-toc-heading-7\" href=\"https:\/\/corpoequilibrado.com.br\/es\/fatiga-mental\/#Estrategias_de_tratamento_para_o_cansaco_mental\" >Estrategias de tratamiento para la fatiga mental<\/a><\/li><li class='ez-toc-page-1 ez-toc-heading-level-2'><a class=\"ez-toc-link ez-toc-heading-8\" href=\"https:\/\/corpoequilibrado.com.br\/es\/fatiga-mental\/#Como_evitar_o_acumulo_de_estresse_e_esgotamento_mental\" >C\u00f3mo evitar la acumulaci\u00f3n de estr\u00e9s y el agotamiento mental<\/a><\/li><li class='ez-toc-page-1 ez-toc-heading-level-2'><a class=\"ez-toc-link ez-toc-heading-9\" href=\"https:\/\/corpoequilibrado.com.br\/es\/fatiga-mental\/#Quando_buscar_ajuda_profissional_para_o_cansaco_mental\" >Cu\u00e1ndo buscar ayuda profesional para la fatiga mental<\/a><\/li><li class='ez-toc-page-1 ez-toc-heading-level-2'><a class=\"ez-toc-link ez-toc-heading-10\" href=\"https:\/\/corpoequilibrado.com.br\/es\/fatiga-mental\/#Consideracoes_finais_sobre_saude_mental_e_esgotamento\" >Reflexiones finales sobre la salud mental y el agotamiento<\/a><\/li><li class='ez-toc-page-1 ez-toc-heading-level-2'><a class=\"ez-toc-link ez-toc-heading-11\" href=\"https:\/\/corpoequilibrado.com.br\/es\/fatiga-mental\/#Resumo_o_que_lembrar_sobre_cansaco_mental\" >Resumen: Qu\u00e9 recordar sobre la fatiga mental<\/a><\/li><\/ul><\/nav><\/div>\n\n\n\n\n<p>Identificar el <strong>primeros signos y s\u00edntomas<\/strong> de <strong>fatiga mental<\/strong> es esencial evitar que se convierta en afecciones m\u00e1s graves. En este art\u00edculo comprender\u00e1s el <strong>causas y s\u00edntomas<\/strong>, las diferencias entre la fatiga mental y f\u00edsica, y saber <strong>Consejos para combatir<\/strong> este agotamiento de forma natural y efectiva.<\/p>\n\n\n\n<h2 class=\"wp-block-heading\"><span class=\"ez-toc-section\" id=\"O_que_e_cansaco_mental_e_por_que_ele_acontece\"><\/span><strong>\u00bfQu\u00e9 es la fatiga mental y por qu\u00e9 se produce?<\/strong><span class=\"ez-toc-section-end\"><\/span><\/h2>\n\n\n\n<p>EL <strong>La fatiga mental es<\/strong> un estado de <strong>agotamiento emocional y cognitivo<\/strong>, generalmente causada por <strong>sobrecarga mental<\/strong> y <strong>trabajo excesivo<\/strong>. Puede surgir en entornos exigentes, como <strong>ambiente de trabajo<\/strong>, o en situaciones de presi\u00f3n constante en la vida personal. Este tipo de fatiga a menudo se confunde con la fatiga f\u00edsica, pero sus efectos pueden ser m\u00e1s duraderos y perjudiciales.<\/p>\n\n\n\n<p>Hacia <strong>causas de la fatiga mental<\/strong> implican la acumulaci\u00f3n de tareas, <strong><a href=\"https:\/\/corpoequilibrado.com.br\/es\/sintomas-de-cortisol-alto\/\" title=\"Aprenda m\u00e1s sobre el estr\u00e9s\">estr\u00e9s<\/a> prolongado<\/strong>, la falta de descanso adecuado y la necesidad constante de atenci\u00f3n y decisiones. EL <strong><a href=\"https:\/\/corpoequilibrado.com.br\/es\/sintomas-de-insomnio\/\" title=\"Aprenda m\u00e1s sobre la dificultad para dormir\">dificultad para dormir<\/a><\/strong>, el uso excesivo de pantallas y la falta de descansos durante el d\u00eda tambi\u00e9n <strong>puede indicar fatiga mental<\/strong> en desarrollo.<\/p>\n\n\n\n<p>Cuando se ignora, este tipo de agotamiento puede afectar el funcionamiento del <strong>sistema nervioso<\/strong>, interfieren con el razonamiento e incluso conducen a <strong>otros problemas de salud<\/strong>. Por lo tanto, es importante <strong>Est\u00e9 atento a las se\u00f1ales<\/strong> y busque formas de tranquilizarse antes de que la situaci\u00f3n empeore.<\/p>\n\n\n\n<h2 class=\"wp-block-heading\"><span class=\"ez-toc-section\" id=\"Cansaco_mental_e_pior_que_o_fisico_Entenda_a_diferenca\"><\/span><strong>\u00bfEs la fatiga mental peor que la fatiga f\u00edsica? Entender la diferencia<\/strong><span class=\"ez-toc-section-end\"><\/span><\/h2>\n\n\n\n<p>La comparaci\u00f3n entre <strong>fatiga f\u00edsica y mental<\/strong> Es com\u00fan, pero no siempre se entiende. Mientras que el f\u00edsico proviene del esfuerzo corporal y generalmente se resuelve con el descanso, el <strong>mental tambi\u00e9n puede<\/strong> permanecen incluso despu\u00e9s de largos per\u00edodos de descanso. EL <strong>La fatiga mental puede afectar<\/strong> La capacidad de concentrarse, el estado de \u00e1nimo e incluso causar <strong>s\u00edntomas f\u00edsicos<\/strong>, como <strong>dolores de cabeza<\/strong> y tensi\u00f3n muscular.<\/p>\n\n\n\n<figure class=\"wp-block-image aligncenter size-large\"><img fetchpriority=\"high\" decoding=\"async\" width=\"1024\" height=\"585\" src=\"https:\/\/corpoequilibrado.com.br\/wp-content\/uploads\/2025\/04\/unnamed-file-229-1024x585.jpg\" alt=\"\u00bfEs la fatiga mental peor que la fatiga f\u00edsica? Entender la diferencia\" class=\"wp-image-4259\" style=\"aspect-ratio:16\/9;object-fit:cover\" srcset=\"https:\/\/corpoequilibrado.com.br\/wp-content\/uploads\/2025\/04\/unnamed-file-229-1024x585.jpg 1024w, https:\/\/corpoequilibrado.com.br\/wp-content\/uploads\/2025\/04\/unnamed-file-229-300x171.jpg 300w, https:\/\/corpoequilibrado.com.br\/wp-content\/uploads\/2025\/04\/unnamed-file-229-768x439.jpg 768w, https:\/\/corpoequilibrado.com.br\/wp-content\/uploads\/2025\/04\/unnamed-file-229-18x10.jpg 18w, https:\/\/corpoequilibrado.com.br\/wp-content\/uploads\/2025\/04\/unnamed-file-229.jpg 1103w\" sizes=\"(max-width: 1024px) 100vw, 1024px\" \/><\/figure>\n\n\n\n<p>Eso <strong>agotamiento f\u00edsico y mental<\/strong> La combinaci\u00f3n agrava a\u00fan m\u00e1s la condici\u00f3n. Una mente sobrecargada afecta al cuerpo, creando un ciclo de <strong>agotamiento f\u00edsico y emocional<\/strong>. Adem\u00e1s, la <strong>La fatiga mental es una se\u00f1al clara<\/strong> que el cerebro necesita tiempo y cuidados espec\u00edficos.<\/p>\n\n\n\n<p>Saber diferenciar entre los dos tipos de fatiga le ayudar\u00e1 a elegir las estrategias adecuadas de descanso y tratamiento. Lo ideal es buscar un equilibrio entre actividades <strong>f\u00edsico y mental<\/strong>, priorizando la <strong><a href=\"https:\/\/corpoequilibrado.com.br\/es\/bienestar-y-salud-mental\/\" title=\"Aprenda m\u00e1s sobre el bienestar\">bienestar<\/a> f\u00edsico y emocional<\/strong>.<\/p>\n\n\n\n<h2 class=\"wp-block-heading\"><span class=\"ez-toc-section\" id=\"Sintomas_de_cansaco_mental_que_voce_nao_deve_ignorar\"><\/span><strong>S\u00edntomas de fatiga mental que no debes ignorar<\/strong><span class=\"ez-toc-section-end\"><\/span><\/h2>\n\n\n\n<p>T\u00fa <strong>s\u00edntomas de fatiga mental<\/strong> Puede ser sutil al principio, pero volverse m\u00e1s intenso con el tiempo. T\u00fa <strong>s\u00edntomas principales<\/strong> incluir:<\/p>\n\n\n\n<ul class=\"wp-block-list\">\n<li><strong>Dificultad para concentrarse<\/strong><\/li>\n\n\n\n<li><strong>Irritabilidad<\/strong> y cambios de humor<\/li>\n\n\n\n<li><strong>Corte de energ\u00eda<\/strong> incluso despu\u00e9s de dormir<\/li>\n\n\n\n<li><strong>Sensaci\u00f3n de agotamiento f\u00edsico<\/strong><\/li>\n\n\n\n<li><strong>dolores de cabeza frecuentes<\/strong><\/li>\n\n\n\n<li><strong>fatiga mental<\/strong> y una sensaci\u00f3n de pesadez en la cabeza<\/li>\n\n\n\n<li><strong>Tensi\u00f3n emocional<\/strong> constante<\/li>\n<\/ul>\n\n\n\n<p>Aquellos <strong>s\u00edntomas emocionales<\/strong> A menudo se ignoran hasta que afectan la productividad y la calidad de vida. En algunos casos, incluso pueden confundirse con el <strong>s\u00edntomas de depresi\u00f3n<\/strong>.<\/p>\n\n\n\n<p>Tenga en cuenta estos <strong>Los signos de fatiga mental son esenciales<\/strong> adoptar cambios en la rutina y buscar apoyo antes de que el problema evolucione. <strong>Reconocer las se\u00f1ales<\/strong> es el primer paso hacia el autocuidado.<\/p>\n\n\n\n<h2 class=\"wp-block-heading\"><span class=\"ez-toc-section\" id=\"Cansaco_mental_teste_como_saber_se_voce_esta_esgotado\"><\/span><strong>Test de fatiga mental: \u00bfc\u00f3mo saber si est\u00e1s agotado?<\/strong><span class=\"ez-toc-section-end\"><\/span><\/h2>\n\n\n\n<p>Si ha estado experimentando varios de los s\u00edntomas anteriores, puede que sea el momento de obtener un <strong>prueba de fatiga mental<\/strong>. Los cuestionarios sencillos pueden ayudar <strong>identificar las se\u00f1ales<\/strong> de <strong>agotamiento mental<\/strong>, evaluando su nivel de estr\u00e9s, capacidad de concentraci\u00f3n y sensaci\u00f3n de bienestar.<\/p>\n\n\n\n<figure class=\"wp-block-image aligncenter size-large\"><img decoding=\"async\" width=\"1024\" height=\"585\" src=\"https:\/\/corpoequilibrado.com.br\/wp-content\/uploads\/2025\/04\/unnamed-file-230-1024x585.jpg\" alt=\"Test de fatiga mental: \u00bfc\u00f3mo saber si est\u00e1s agotado?\" class=\"wp-image-4261\" style=\"aspect-ratio:16\/9;object-fit:cover\" srcset=\"https:\/\/corpoequilibrado.com.br\/wp-content\/uploads\/2025\/04\/unnamed-file-230-1024x585.jpg 1024w, https:\/\/corpoequilibrado.com.br\/wp-content\/uploads\/2025\/04\/unnamed-file-230-300x171.jpg 300w, https:\/\/corpoequilibrado.com.br\/wp-content\/uploads\/2025\/04\/unnamed-file-230-768x439.jpg 768w, https:\/\/corpoequilibrado.com.br\/wp-content\/uploads\/2025\/04\/unnamed-file-230-18x10.jpg 18w, https:\/\/corpoequilibrado.com.br\/wp-content\/uploads\/2025\/04\/unnamed-file-230.jpg 1103w\" sizes=\"(max-width: 1024px) 100vw, 1024px\" \/><\/figure>\n\n\n\n<p>Algunas pruebas consideran la <strong>frecuencia de los s\u00edntomas<\/strong>, tu relaci\u00f3n con el trabajo y tu disposici\u00f3n para realizar actividades sencillas. Si tienes s\u00edntomas constantemente, es un indicio de que puedes estar en una etapa avanzada de <strong>cansancio extremo<\/strong>.<\/p>\n\n\n\n<p>Estas pruebas no sustituyen a <strong>ayuda profesional<\/strong>, pero pueden ser un excelente punto de partida para <strong>identificar la fatiga mental<\/strong> y buscar el tratamiento adecuado.<\/p>\n\n\n\n<h2 class=\"wp-block-heading\"><span class=\"ez-toc-section\" id=\"O_que_fazer_para_aliviar_o_cansaco_mental_no_dia_a_dia\"><\/span><strong>Qu\u00e9 hacer para aliviar la fatiga mental en la vida cotidiana<\/strong><span class=\"ez-toc-section-end\"><\/span><\/h2>\n\n\n\n<p><strong>Aliviar los s\u00edntomas<\/strong> de <strong>fatiga mental<\/strong> requiere una combinaci\u00f3n de h\u00e1bitos saludables y descansos conscientes. Alguno <strong>Consejos para combatir<\/strong> Este marco incluye:<\/p>\n\n\n\n<ul class=\"wp-block-list\">\n<li><strong>Toma descansos regulares<\/strong> en el trabajo<\/li>\n\n\n\n<li><strong>Reducir el tiempo frente a la pantalla<\/strong> siempre que es posible<\/li>\n\n\n\n<li><strong>Para relajarse<\/strong> con t\u00e9cnicas como la meditaci\u00f3n o la respiraci\u00f3n guiada<\/li>\n\n\n\n<li>Incluir <strong>actividad f\u00edsica<\/strong> En tu rutina, como caminar o hacer yoga.<\/li>\n\n\n\n<li>Duerma con regularidad y calidad<\/li>\n\n\n\n<li>Tener momentos de ocio y <strong>bienestar mental<\/strong><\/li>\n\n\n\n<li>Mantener el contacto social con los seres queridos<\/li>\n<\/ul>\n\n\n\n<p>Estas simples acciones <strong>puede ayudar a evitar<\/strong> progresi\u00f3n a condiciones m\u00e1s severas y mejorar significativamente la <strong>salud mental<\/strong> con el tiempo.<\/p>\n\n\n\n<blockquote class=\"wp-block-quote is-layout-flow wp-block-quote-is-layout-flow\">\n<p><strong>\ud83d\udc49 Si el cansancio mental ha afectado tu rutina, vale la pena revisar nuestra<a href=\"https:\/\/corpoequilibrado.com.br\/es\/fatiga-mental\/\" data-type=\"post\" data-id=\"4266\"> Gu\u00eda completa sobre el bienestar y la salud mental<\/a>, con consejos pr\u00e1cticos para aliviar el estr\u00e9s y recuperar el equilibrio emocional.<\/strong><\/p>\n<\/blockquote>\n\n\n\n<h2 class=\"wp-block-heading\"><span class=\"ez-toc-section\" id=\"Cansaco_mental_o_que_tomar_Opcoes_naturais_e_seguras\"><\/span><strong>Fatiga mental \u00bfqu\u00e9 tomar? Opciones naturales y seguras<\/strong><span class=\"ez-toc-section-end\"><\/span><\/h2>\n\n\n\n<p>Si te lo preguntas <strong>Fatiga mental, \u00bfqu\u00e9 tomar?<\/strong>, sepa que existen opciones naturales para <strong>ayudar a combatir la fatiga<\/strong>. Algunas sugerencias incluyen:<\/p>\n\n\n\n<figure class=\"wp-block-image aligncenter size-large\"><img decoding=\"async\" width=\"1024\" height=\"585\" src=\"https:\/\/corpoequilibrado.com.br\/wp-content\/uploads\/2025\/04\/unnamed-file-231-1024x585.jpg\" alt=\"Fatiga mental \u00bfqu\u00e9 tomar? Opciones naturales y seguras\" class=\"wp-image-4262\" style=\"aspect-ratio:16\/9;object-fit:cover\" srcset=\"https:\/\/corpoequilibrado.com.br\/wp-content\/uploads\/2025\/04\/unnamed-file-231-1024x585.jpg 1024w, https:\/\/corpoequilibrado.com.br\/wp-content\/uploads\/2025\/04\/unnamed-file-231-300x171.jpg 300w, https:\/\/corpoequilibrado.com.br\/wp-content\/uploads\/2025\/04\/unnamed-file-231-768x439.jpg 768w, https:\/\/corpoequilibrado.com.br\/wp-content\/uploads\/2025\/04\/unnamed-file-231-18x10.jpg 18w, https:\/\/corpoequilibrado.com.br\/wp-content\/uploads\/2025\/04\/unnamed-file-231.jpg 1103w\" sizes=\"(max-width: 1024px) 100vw, 1024px\" \/><\/figure>\n\n\n\n<ul class=\"wp-block-list\">\n<li><strong>Suplemento de <a href=\"https:\/\/corpoequilibrado.com.br\/es\/beneficios-del-magnesio\/\" title=\"Aprenda m\u00e1s sobre el magnesio\">magnesio<\/a><\/strong>:esencial para el equilibrio de <strong>sistema nervioso<\/strong><\/li>\n\n\n\n<li><strong>vitaminas B<\/strong>:ayuda en la producci\u00f3n de energ\u00eda<\/li>\n\n\n\n<li><strong>T\u00e9s calmantes<\/strong>, como la manzanilla y la melisa<\/li>\n\n\n\n<li><strong>Aromaterapia con lavanda<\/strong>, que ayuda a la relajaci\u00f3n<\/li>\n<\/ul>\n\n\n\n<p>Siempre es importante consultar con un profesional antes de comenzar a tomar cualquier suplemento. Pero estas opciones son seguras para el alivio del dolor leve a moderado. <strong>fatiga mental<\/strong>.<\/p>\n\n\n\n<h2 class=\"wp-block-heading\"><span class=\"ez-toc-section\" id=\"Estrategias_de_tratamento_para_o_cansaco_mental\"><\/span><strong>Estrategias de tratamiento para la fatiga mental<\/strong><span class=\"ez-toc-section-end\"><\/span><\/h2>\n\n\n\n<p>EL <strong>tratamiento de la fatiga mental<\/strong> Hay que tener en cuenta tanto los aspectos f\u00edsicos como los emocionales. EL <strong>pr\u00e1ctica de ejercicio<\/strong>, como caminar y estirarse, ayudan a liberar endorfinas y a relajar la mente.<\/p>\n\n\n\n<p>EL <strong>terapia cognitivo-conductual<\/strong> es un enfoque excelente para abordar patrones de pensamiento negativos que contribuyen a <strong>agotamiento<\/strong>. En casos m\u00e1s intensos est\u00e1 indicado el apoyo de un psic\u00f3logo o psiquiatra para equilibrar la <strong>salud mental<\/strong>.<\/p>\n\n\n\n<p>Cambios en la rutina, como la gesti\u00f3n del tiempo y <strong>prevenir la fatiga mental<\/strong> Con buenas pr\u00e1cticas de sue\u00f1o y nutrici\u00f3n, tambi\u00e9n son parte del proceso. Cada persona debe buscar la estrategia m\u00e1s adecuada a su estilo de vida.<\/p>\n\n\n\n<h2 class=\"wp-block-heading\"><span class=\"ez-toc-section\" id=\"Como_evitar_o_acumulo_de_estresse_e_esgotamento_mental\"><\/span><strong>C\u00f3mo evitar la acumulaci\u00f3n de estr\u00e9s y el agotamiento mental<\/strong><span class=\"ez-toc-section-end\"><\/span><\/h2>\n\n\n\n<p>La prevenci\u00f3n es siempre el mejor camino. A <strong>prevenir la fatiga mental<\/strong> y el <strong>agotamiento emocional<\/strong>, considerar:<\/p>\n\n\n\n<figure class=\"wp-block-image aligncenter size-large\"><img loading=\"lazy\" decoding=\"async\" width=\"1024\" height=\"585\" src=\"https:\/\/corpoequilibrado.com.br\/wp-content\/uploads\/2025\/04\/unnamed-file-232-1024x585.jpg\" alt=\"C\u00f3mo evitar la acumulaci\u00f3n de estr\u00e9s y el agotamiento mental\" class=\"wp-image-4264\" style=\"aspect-ratio:16\/9;object-fit:cover\" srcset=\"https:\/\/corpoequilibrado.com.br\/wp-content\/uploads\/2025\/04\/unnamed-file-232-1024x585.jpg 1024w, https:\/\/corpoequilibrado.com.br\/wp-content\/uploads\/2025\/04\/unnamed-file-232-300x171.jpg 300w, https:\/\/corpoequilibrado.com.br\/wp-content\/uploads\/2025\/04\/unnamed-file-232-768x439.jpg 768w, https:\/\/corpoequilibrado.com.br\/wp-content\/uploads\/2025\/04\/unnamed-file-232-18x10.jpg 18w, https:\/\/corpoequilibrado.com.br\/wp-content\/uploads\/2025\/04\/unnamed-file-232.jpg 1103w\" sizes=\"(max-width: 1024px) 100vw, 1024px\" \/><\/figure>\n\n\n\n<ul class=\"wp-block-list\">\n<li>Establecer l\u00edmites claros entre el trabajo y la vida personal<\/li>\n\n\n\n<li>Priorizar tareas y evitar <strong>sobrecarga<\/strong> constante<\/li>\n\n\n\n<li>Establezca horarios para el descanso y el ocio.<\/li>\n\n\n\n<li>Monitorear el <strong>primeros signos<\/strong> de agotamiento<\/li>\n\n\n\n<li>Para practicar <strong>actividad f\u00edsica<\/strong> regularmente<\/li>\n\n\n\n<li>Aprende a decir no cuando sea necesario<\/li>\n<\/ul>\n\n\n\n<p>EL <strong>El estr\u00e9s puede<\/strong> Se acumulan en silencio, por eso prestamos atenci\u00f3n diaria a su equilibrio. <strong>mental y f\u00edsico<\/strong> es esencial<\/p>\n\n\n\n<h2 class=\"wp-block-heading\"><span class=\"ez-toc-section\" id=\"Quando_buscar_ajuda_profissional_para_o_cansaco_mental\"><\/span><strong>Cu\u00e1ndo buscar ayuda profesional para la fatiga mental<\/strong><span class=\"ez-toc-section-end\"><\/span><\/h2>\n\n\n\n<p>Si los s\u00edntomas persisten, interfieren con su rutina o empeoran, es momento de buscar atenci\u00f3n m\u00e9dica. <strong>ayuda profesional<\/strong>. Los psic\u00f3logos y los m\u00e9dicos pueden ayudar a identificar la <strong>s\u00edndrome de burnout<\/strong>, <strong>condiciones de salud<\/strong> asociados e indican el mejor camino para el <strong>tratamiento de <a href=\"https:\/\/www.cnnbrasil.com.br\/saude\/correspondente-medico-quais-os-riscos-do-esgotamento-mental-a-saude\" target=\"_blank\" rel=\"noreferrer noopener nofollow\">fatiga mental<\/a><\/strong>.<\/p>\n\n\n\n<p>EL <strong>El s\u00edndrome de burnout es<\/strong> Una de las im\u00e1genes m\u00e1s comunes de <strong>agotamiento<\/strong> vinculados al trabajo, y <strong>El agotamiento y c\u00f3mo puede<\/strong> Los problemas que afectan tu vida deben tomarse en serio. El diagn\u00f3stico temprano y la orientaci\u00f3n correcta hacen toda la diferencia en la recuperaci\u00f3n de <strong>salud mental<\/strong>.<\/p>\n\n\n\n<h2 class=\"wp-block-heading\"><span class=\"ez-toc-section\" id=\"Consideracoes_finais_sobre_saude_mental_e_esgotamento\"><\/span><strong>Reflexiones finales sobre la salud mental y el agotamiento<\/strong><span class=\"ez-toc-section-end\"><\/span><\/h2>\n\n\n\n<p>EL <strong>fatiga mental o agotamiento mental<\/strong> Es un problema real y com\u00fan que necesita atenci\u00f3n. La buena noticia es que hay formas de <strong>combatir la fatiga mental<\/strong> Antes de que evolucione.<\/p>\n\n\n\n<figure class=\"wp-block-image aligncenter size-large\"><img loading=\"lazy\" decoding=\"async\" width=\"1024\" height=\"585\" src=\"https:\/\/corpoequilibrado.com.br\/wp-content\/uploads\/2025\/04\/unnamed-file-233-1024x585.jpg\" alt=\"Consideraciones finales sobre la atenci\u00f3n a la salud mental\" class=\"wp-image-4265\" style=\"aspect-ratio:16\/9;object-fit:cover\" srcset=\"https:\/\/corpoequilibrado.com.br\/wp-content\/uploads\/2025\/04\/unnamed-file-233-1024x585.jpg 1024w, https:\/\/corpoequilibrado.com.br\/wp-content\/uploads\/2025\/04\/unnamed-file-233-300x171.jpg 300w, https:\/\/corpoequilibrado.com.br\/wp-content\/uploads\/2025\/04\/unnamed-file-233-768x439.jpg 768w, https:\/\/corpoequilibrado.com.br\/wp-content\/uploads\/2025\/04\/unnamed-file-233-18x10.jpg 18w, https:\/\/corpoequilibrado.com.br\/wp-content\/uploads\/2025\/04\/unnamed-file-233.jpg 1103w\" sizes=\"(max-width: 1024px) 100vw, 1024px\" \/><\/figure>\n\n\n\n<p>Practicar el autocuidado, mantener h\u00e1bitos saludables y buscar apoyo cuando sea necesario son actitudes que fortalecen tu <strong>salud mental y f\u00edsica<\/strong>. Recuerda: reconoce que est\u00e1s cansado <strong>es una se\u00f1al clara<\/strong> de autoconciencia: el primer paso hacia una vida m\u00e1s equilibrada.<\/p>\n\n\n\n<h2 class=\"wp-block-heading\"><span class=\"ez-toc-section\" id=\"Resumo_o_que_lembrar_sobre_cansaco_mental\"><\/span><strong>Resumen: Qu\u00e9 recordar sobre la fatiga mental<\/strong><span class=\"ez-toc-section-end\"><\/span><\/h2>\n\n\n\n<ul class=\"wp-block-list\">\n<li><strong>La fatiga mental es real<\/strong> y puede afectar profundamente su calidad de vida<\/li>\n\n\n\n<li>T\u00fa <strong>Los s\u00edntomas pueden ser<\/strong> f\u00edsico, emocional y conductual<\/li>\n\n\n\n<li><strong>Sobrecarga<\/strong>, el estr\u00e9s y la intensa rutina son las principales causas<\/li>\n\n\n\n<li>Es importante saber <strong>identificar las se\u00f1ales<\/strong> y <strong>s\u00edntomas actuales<\/strong><\/li>\n\n\n\n<li>Pr\u00e1cticas como la meditaci\u00f3n, el sue\u00f1o de calidad y el ejercicio ayudan<\/li>\n\n\n\n<li>Existen suplementos y terapias que <strong>puede ayudar a combatir la fatiga<\/strong><\/li>\n\n\n\n<li>En casos persistentes, <strong>busca ayuda profesional<\/strong> es fundamental<\/li>\n<\/ul>","protected":false},"excerpt":{"rendered":"<p>La fatiga mental afecta tu vida diaria. Descubra formas efectivas de abordar este problema.<\/p>","protected":false},"author":1,"featured_media":4258,"comment_status":"closed","ping_status":"open","sticky":false,"template":"","format":"standard","meta":{"_uag_custom_page_level_css":"","site-sidebar-layout":"default","site-content-layout":"","ast-site-content-layout":"default","site-content-style":"default","site-sidebar-style":"default","ast-global-header-display":"","ast-banner-title-visibility":"","ast-main-header-display":"","ast-hfb-above-header-display":"","ast-hfb-below-header-display":"","ast-hfb-mobile-header-display":"","site-post-title":"","ast-breadcrumbs-content":"","ast-featured-img":"","footer-sml-layout":"","ast-disable-related-posts":"","theme-transparent-header-meta":"","adv-header-id-meta":"","stick-header-meta":"","header-above-stick-meta":"","header-main-stick-meta":"","header-below-stick-meta":"","astra-migrate-meta-layouts":"set","ast-page-background-enabled":"default","ast-page-background-meta":{"desktop":{"background-color":"","background-image":"","background-repeat":"repeat","background-position":"center center","background-size":"auto","background-attachment":"scroll","background-type":"","background-media":"","overlay-type":"","overlay-color":"","overlay-opacity":"","overlay-gradient":""},"tablet":{"background-color":"","background-image":"","background-repeat":"repeat","background-position":"center center","background-size":"auto","background-attachment":"scroll","background-type":"","background-media":"","overlay-type":"","overlay-color":"","overlay-opacity":"","overlay-gradient":""},"mobile":{"background-color":"","background-image":"","background-repeat":"repeat","background-position":"center center","background-size":"auto","background-attachment":"scroll","background-type":"","background-media":"","overlay-type":"","overlay-color":"","overlay-opacity":"","overlay-gradient":""}},"ast-content-background-meta":{"desktop":{"background-color":"var(--ast-global-color-5)","background-image":"","background-repeat":"repeat","background-position":"center center","background-size":"auto","background-attachment":"scroll","background-type":"","background-media":"","overlay-type":"","overlay-color":"","overlay-opacity":"","overlay-gradient":""},"tablet":{"background-color":"var(--ast-global-color-5)","background-image":"","background-repeat":"repeat","background-position":"center center","background-size":"auto","background-attachment":"scroll","background-type":"","background-media":"","overlay-type":"","overlay-color":"","overlay-opacity":"","overlay-gradient":""},"mobile":{"background-color":"var(--ast-global-color-5)","background-image":"","background-repeat":"repeat","background-position":"center center","background-size":"auto","background-attachment":"scroll","background-type":"","background-media":"","overlay-type":"","overlay-color":"","overlay-opacity":"","overlay-gradient":""}},"footnotes":""},"categories":[74],"tags":[],"class_list":["post-4266","post","type-post","status-publish","format-standard","has-post-thumbnail","hentry","category-bem-estar-e-saude-mental-categoria"],"uagb_featured_image_src":{"full":["https:\/\/corpoequilibrado.com.br\/wp-content\/uploads\/2025\/04\/unnamed-file-228.jpg",1103,630,false],"thumbnail":["https:\/\/corpoequilibrado.com.br\/wp-content\/uploads\/2025\/04\/unnamed-file-228-150x150.jpg",150,150,true],"medium":["https:\/\/corpoequilibrado.com.br\/wp-content\/uploads\/2025\/04\/unnamed-file-228-300x171.jpg",300,171,true],"medium_large":["https:\/\/corpoequilibrado.com.br\/wp-content\/uploads\/2025\/04\/unnamed-file-228-768x439.jpg",768,439,true],"large":["https:\/\/corpoequilibrado.com.br\/wp-content\/uploads\/2025\/04\/unnamed-file-228-1024x585.jpg",1024,585,true],"1536x1536":["https:\/\/corpoequilibrado.com.br\/wp-content\/uploads\/2025\/04\/unnamed-file-228.jpg",1103,630,false],"2048x2048":["https:\/\/corpoequilibrado.com.br\/wp-content\/uploads\/2025\/04\/unnamed-file-228.jpg",1103,630,false],"trp-custom-language-flag":["https:\/\/corpoequilibrado.com.br\/wp-content\/uploads\/2025\/04\/unnamed-file-228-18x10.jpg",18,10,true]},"uagb_author_info":{"display_name":"Equipe Corpo Equilibrado","author_link":"https:\/\/corpoequilibrado.com.br\/es\/author\/rcastello20gmail-com\/"},"uagb_comment_info":0,"uagb_excerpt":"Cansa\u00e7o mental afeta seu dia a dia. Descubra formas eficazes para lidar com esse problema.","_links":{"self":[{"href":"https:\/\/corpoequilibrado.com.br\/es\/wp-json\/wp\/v2\/posts\/4266","targetHints":{"allow":["GET"]}}],"collection":[{"href":"https:\/\/corpoequilibrado.com.br\/es\/wp-json\/wp\/v2\/posts"}],"about":[{"href":"https:\/\/corpoequilibrado.com.br\/es\/wp-json\/wp\/v2\/types\/post"}],"author":[{"embeddable":true,"href":"https:\/\/corpoequilibrado.com.br\/es\/wp-json\/wp\/v2\/users\/1"}],"replies":[{"embeddable":true,"href":"https:\/\/corpoequilibrado.com.br\/es\/wp-json\/wp\/v2\/comments?post=4266"}],"version-history":[{"count":0,"href":"https:\/\/corpoequilibrado.com.br\/es\/wp-json\/wp\/v2\/posts\/4266\/revisions"}],"wp:featuredmedia":[{"embeddable":true,"href":"https:\/\/corpoequilibrado.com.br\/es\/wp-json\/wp\/v2\/media\/4258"}],"wp:attachment":[{"href":"https:\/\/corpoequilibrado.com.br\/es\/wp-json\/wp\/v2\/media?parent=4266"}],"wp:term":[{"taxonomy":"category","embeddable":true,"href":"https:\/\/corpoequilibrado.com.br\/es\/wp-json\/wp\/v2\/categories?post=4266"},{"taxonomy":"post_tag","embeddable":true,"href":"https:\/\/corpoequilibrado.com.br\/es\/wp-json\/wp\/v2\/tags?post=4266"}],"curies":[{"name":"wp","href":"https:\/\/api.w.org\/{rel}","templated":true}]}}