{"id":4513,"date":"2025-04-17T18:48:39","date_gmt":"2025-04-17T21:48:39","guid":{"rendered":"https:\/\/corpoequilibrado.com.br\/?p=4513"},"modified":"2025-04-19T11:06:06","modified_gmt":"2025-04-19T14:06:06","slug":"vitamina-a","status":"publish","type":"post","link":"https:\/\/corpoequilibrado.com.br\/es\/vitamina-a\/","title":{"rendered":"Vitamina A: Alimentos ricos en vitamina A, s\u00edntomas y c\u00f3mo evitar deficiencias nutricionales"},"content":{"rendered":"<p>La deficiencia de vitamina A puede causar una serie de problemas de salud, entre ellos ceguera nocturna, disminuci\u00f3n de la inmunidad y piel seca. En este art\u00edculo entenderemos qu\u00e9 es la vitamina A, sus principales beneficios, qu\u00e9 alimentos son ricos en este nutriente y c\u00f3mo evitar de forma segura su deficiencia.<\/p><div id=\"ez-toc-container\" class=\"ez-toc-v2_0_82_2 counter-hierarchy ez-toc-counter ez-toc-grey ez-toc-container-direction\">\n<div class=\"ez-toc-title-container\">\n<p class=\"ez-toc-title\" style=\"cursor:inherit\">Resumen<\/p>\n<span class=\"ez-toc-title-toggle\"><\/span><\/div>\n<nav><ul class='ez-toc-list ez-toc-list-level-1' ><ul class='ez-toc-list-level-3' ><li class='ez-toc-heading-level-3'><a class=\"ez-toc-link ez-toc-heading-1\" href=\"https:\/\/corpoequilibrado.com.br\/es\/vitamina-a\/#Video_explicativo_sobre_os_beneficios_da_vitamina_A\" >V\u00eddeo explicativo sobre los beneficios de la vitamina A:<\/a><\/li><\/ul><\/li><li class='ez-toc-page-1 ez-toc-heading-level-2'><a class=\"ez-toc-link ez-toc-heading-2\" href=\"https:\/\/corpoequilibrado.com.br\/es\/vitamina-a\/#O_que_e_a_vitamina_A_e_por_que_ela_e_importante\" >\u00bfQu\u00e9 es la vitamina A y por qu\u00e9 es importante?<\/a><\/li><li class='ez-toc-page-1 ez-toc-heading-level-2'><a class=\"ez-toc-link ez-toc-heading-3\" href=\"https:\/\/corpoequilibrado.com.br\/es\/vitamina-a\/#Quais_sao_os_beneficios_da_vitamina_A_para_a_saude\" >\u00bfCu\u00e1les son los beneficios de la vitamina A para la salud?<\/a><\/li><li class='ez-toc-page-1 ez-toc-heading-level-2'><a class=\"ez-toc-link ez-toc-heading-4\" href=\"https:\/\/corpoequilibrado.com.br\/es\/vitamina-a\/#Quais_os_sintomas_da_deficiencia_de_vitamina_A\" >\u00bfCu\u00e1les son los s\u00edntomas de la deficiencia de vitamina A?<\/a><\/li><li class='ez-toc-page-1 ez-toc-heading-level-2'><a class=\"ez-toc-link ez-toc-heading-5\" href=\"https:\/\/corpoequilibrado.com.br\/es\/vitamina-a\/#O_que_a_falta_de_vitamina_A_pode_causar\" >\u00bfQu\u00e9 puede provocar la falta de vitamina A?<\/a><\/li><li class='ez-toc-page-1 ez-toc-heading-level-2'><a class=\"ez-toc-link ez-toc-heading-6\" href=\"https:\/\/corpoequilibrado.com.br\/es\/vitamina-a\/#Quais_alimentos_sao_ricos_em_vitamina_A\" >\u00bfQu\u00e9 alimentos son ricos en vitamina A?<\/a><ul class='ez-toc-list-level-3' ><li class='ez-toc-heading-level-3'><a class=\"ez-toc-link ez-toc-heading-7\" href=\"https:\/\/corpoequilibrado.com.br\/es\/vitamina-a\/#Alimentos_de_origem_animal_retinol\" >Alimentos de origen animal (retinol):<\/a><\/li><li class='ez-toc-page-1 ez-toc-heading-level-3'><a class=\"ez-toc-link ez-toc-heading-8\" href=\"https:\/\/corpoequilibrado.com.br\/es\/vitamina-a\/#Alimentos_de_origem_vegetal_carotenoides\" >Alimentos de origen vegetal (carotenoides):<\/a><\/li><\/ul><\/li><li class='ez-toc-page-1 ez-toc-heading-level-2'><a class=\"ez-toc-link ez-toc-heading-9\" href=\"https:\/\/corpoequilibrado.com.br\/es\/vitamina-a\/#Qual_a_quantidade_de_vitamina_A_recomendada_por_dia\" >\u00bfCu\u00e1nta vitamina A se recomienda al d\u00eda?<\/a><\/li><li class='ez-toc-page-1 ez-toc-heading-level-2'><a class=\"ez-toc-link ez-toc-heading-10\" href=\"https:\/\/corpoequilibrado.com.br\/es\/vitamina-a\/#Suplementacao_de_vitamina_A_quando_e_necessaria\" >Suplementaci\u00f3n de vitamina A: \u00bfcu\u00e1ndo es necesaria?<\/a><\/li><li class='ez-toc-page-1 ez-toc-heading-level-2'><a class=\"ez-toc-link ez-toc-heading-11\" href=\"https:\/\/corpoequilibrado.com.br\/es\/vitamina-a\/#Excesso_de_vitamina_A_faz_mal\" >\u00bfEs demasiada vitamina A perjudicial para la salud?<\/a><\/li><li class='ez-toc-page-1 ez-toc-heading-level-2'><a class=\"ez-toc-link ez-toc-heading-12\" href=\"https:\/\/corpoequilibrado.com.br\/es\/vitamina-a\/#Qual_a_relacao_da_vitamina_A_com_a_cegueira\" >\u00bfCu\u00e1l es la relaci\u00f3n entre la vitamina A y la ceguera?<\/a><\/li><li class='ez-toc-page-1 ez-toc-heading-level-2'><a class=\"ez-toc-link ez-toc-heading-13\" href=\"https:\/\/corpoequilibrado.com.br\/es\/vitamina-a\/#Qual_o_papel_da_vitamina_A_na_nutricao_infantil\" >\u00bfCu\u00e1l es el papel de la vitamina A en la nutrici\u00f3n infantil?<\/a><\/li><li class='ez-toc-page-1 ez-toc-heading-level-2'><a class=\"ez-toc-link ez-toc-heading-14\" href=\"https:\/\/corpoequilibrado.com.br\/es\/vitamina-a\/#Consideracoes_finais_sobre_a_vitamina_A_na_sua_saude\" >Reflexiones finales sobre la vitamina A para tu salud<\/a><\/li><li class='ez-toc-page-1 ez-toc-heading-level-2'><a class=\"ez-toc-link ez-toc-heading-15\" href=\"https:\/\/corpoequilibrado.com.br\/es\/vitamina-a\/#Principais_pontos_para_lembrar\" >Puntos clave para recordar<\/a><\/li><li class='ez-toc-page-1 ez-toc-heading-level-2'><a class=\"ez-toc-link ez-toc-heading-16\" href=\"https:\/\/corpoequilibrado.com.br\/es\/vitamina-a\/#FAQ_%E2%80%93_Perguntas_Frequentes_sobre_Vitamina_A\" >FAQ \u2013 Preguntas frecuentes sobre la vitamina A<\/a><\/li><\/ul><\/nav><\/div>\n\n\n\n\n<h3 class=\"wp-block-heading\"><span class=\"ez-toc-section\" id=\"Video_explicativo_sobre_os_beneficios_da_vitamina_A\"><\/span>V\u00eddeo explicativo sobre los beneficios de la vitamina A:<span class=\"ez-toc-section-end\"><\/span><\/h3>\n\n\n\n<figure class=\"wp-block-embed is-type-video is-provider-youtube wp-block-embed-youtube wp-embed-aspect-16-9 wp-has-aspect-ratio\"><div class=\"wp-block-embed__wrapper\">\n<iframe title=\"Vitamina A: Alimentos ricos en vitamina A, s\u00edntomas de deficiencia y c\u00f3mo evitarla\" width=\"500\" height=\"281\" src=\"https:\/\/www.youtube.com\/embed\/aMYJuYYxojA?feature=oembed\" frameborder=\"0\" allow=\"accelerometer; autoplay; clipboard-write; encrypted-media; gyroscope; picture-in-picture; web-share\" referrerpolicy=\"strict-origin-when-cross-origin\" allowfullscreen><\/iframe>\n<\/div><\/figure>\n\n\n\n<h2 class=\"wp-block-heading\"><span class=\"ez-toc-section\" id=\"O_que_e_a_vitamina_A_e_por_que_ela_e_importante\"><\/span>\u00bfQu\u00e9 es la vitamina A y por qu\u00e9 es importante?<span class=\"ez-toc-section-end\"><\/span><\/h2>\n\n\n\n<p>EL <strong>La vitamina A es un micronutriente esencial<\/strong> para diversas funciones corporales. Es crucial para la <strong>salud ocular<\/strong>, participa en el mantenimiento de <strong>piel<\/strong>, fortalece la <strong>sistema inmunitario<\/strong> y act\u00faa en el <strong>crecimiento celular<\/strong>. Adem\u00e1s, la <strong>La vitamina A act\u00faa como <a href=\"https:\/\/corpoequilibrado.com.br\/es\/resveratrol\/\" title=\"Aprenda m\u00e1s sobre los antioxidantes\">antioxidante<\/a><\/strong>, protegiendo las c\u00e9lulas contra <a href=\"https:\/\/corpoequilibrado.com.br\/es\/sintomas-de-cortisol-alto\/\" title=\"Aprenda m\u00e1s sobre el estr\u00e9s\">estr\u00e9s<\/a> oxidativo.<\/p>\n\n\n\n<p>EL <strong>La vitamina A se encuentra en los alimentos.<\/strong> de origen tanto vegetal como animal, y puede estar presente en forma de <strong>retinol<\/strong> (forma activa) o <strong>carotenoides<\/strong> (precursores). EL <strong>forma de retinol en los alimentos<\/strong> Es especialmente biodisponible, lo que facilita su absorci\u00f3n por el organismo.<\/p>\n\n\n\n<h2 class=\"wp-block-heading\"><span class=\"ez-toc-section\" id=\"Quais_sao_os_beneficios_da_vitamina_A_para_a_saude\"><\/span>\u00bfCu\u00e1les son los beneficios de la vitamina A para la salud?<span class=\"ez-toc-section-end\"><\/span><\/h2>\n\n\n\n<figure class=\"wp-block-image aligncenter size-full\"><img fetchpriority=\"high\" decoding=\"async\" width=\"940\" height=\"627\" src=\"https:\/\/corpoequilibrado.com.br\/wp-content\/uploads\/2025\/04\/pexels-photo-977601-977601.jpg\" alt=\"vitamina A para la protecci\u00f3n de la visi\u00f3n\" class=\"wp-image-4523\" style=\"aspect-ratio:16\/9;object-fit:cover\" srcset=\"https:\/\/corpoequilibrado.com.br\/wp-content\/uploads\/2025\/04\/pexels-photo-977601-977601.jpg 940w, https:\/\/corpoequilibrado.com.br\/wp-content\/uploads\/2025\/04\/pexels-photo-977601-977601-300x200.jpg 300w, https:\/\/corpoequilibrado.com.br\/wp-content\/uploads\/2025\/04\/pexels-photo-977601-977601-768x512.jpg 768w, https:\/\/corpoequilibrado.com.br\/wp-content\/uploads\/2025\/04\/pexels-photo-977601-977601-18x12.jpg 18w\" sizes=\"(max-width: 940px) 100vw, 940px\" \/><\/figure>\n\n\n\n<ul class=\"wp-block-list\">\n<li><strong>Protecci\u00f3n de la visi\u00f3n:<\/strong> el <strong>La vitamina A es esencial<\/strong> para la salud ocular y puede prevenir <strong>ceguera nocturna<\/strong>.<\/li>\n\n\n\n<li><strong>Fortalecimiento del sistema inmunol\u00f3gico:<\/strong> Aumenta la resistencia a las infecciones.<\/li>\n\n\n\n<li><strong>Salud de la piel:<\/strong> Ayuda con la renovaci\u00f3n celular y la curaci\u00f3n.<\/li>\n\n\n\n<li><strong>Desarrollo infantil:<\/strong> fundamental en <strong>vitamina A en ni\u00f1os<\/strong> y tambi\u00e9n en <strong>vitamina A para beb\u00e9s<\/strong>.<\/li>\n<\/ul>\n\n\n\n<h2 class=\"wp-block-heading\"><span class=\"ez-toc-section\" id=\"Quais_os_sintomas_da_deficiencia_de_vitamina_A\"><\/span>\u00bfCu\u00e1les son los s\u00edntomas de la deficiencia de vitamina A?<span class=\"ez-toc-section-end\"><\/span><\/h2>\n\n\n\n<p>EL <strong>deficiencia de vitamina A<\/strong> Puede conducir a varias <strong>s\u00edntomas de deficiencia<\/strong>, como:<\/p>\n\n\n\n<ul class=\"wp-block-list\">\n<li><strong>ceguera nocturna<\/strong> (incapacidad para ver en entornos con poca luz)<\/li>\n\n\n\n<li><strong>ojos secos<\/strong> y xeroftalmia<\/li>\n\n\n\n<li><strong>Infecciones respiratorias e intestinales<\/strong> peri\u00f3dico<\/li>\n\n\n\n<li><strong>Piel seca<\/strong> y con grietas<\/li>\n\n\n\n<li><strong>Crecimiento deteriorado<\/strong> en ni\u00f1os<\/li>\n<\/ul>\n\n\n\n<p>EL <strong>deficiencia de vitamina A<\/strong> Tambi\u00e9n puede reducir la <strong>reserva de vitaminas<\/strong> en el organismo, da\u00f1ando sus funciones a largo plazo. EL <strong>La deficiencia de vitamina A se considera grave<\/strong> en varias regiones del mundo y est\u00e1 asociada con <strong>problemas de salud p\u00fablica<\/strong>.<\/p>\n\n\n\n<h2 class=\"wp-block-heading\"><span class=\"ez-toc-section\" id=\"O_que_a_falta_de_vitamina_A_pode_causar\"><\/span>\u00bfQu\u00e9 puede provocar la falta de vitamina A?<span class=\"ez-toc-section-end\"><\/span><\/h2>\n\n\n\n<p>EL <strong>La falta de vitamina A puede provocar<\/strong> con graves consecuencias, como:<\/p>\n\n\n\n<ul class=\"wp-block-list\">\n<li><strong>Sistema inmunol\u00f3gico comprometido<\/strong><\/li>\n\n\n\n<li><strong>Mayor riesgo de infecciones<\/strong><\/li>\n\n\n\n<li><strong>Cambios en la piel y las mucosas.<\/strong><\/li>\n\n\n\n<li><strong>ceguera irreversible<\/strong> en casos extremos<\/li>\n<\/ul>\n\n\n\n<p>EL <strong>La deficiencia de vitamina A se puede prevenir<\/strong> con una dieta equilibrada o, cuando sea necesario, con <strong>suplementaci\u00f3n con vitamina A<\/strong>.<\/p>\n\n\n\n<h2 class=\"wp-block-heading\"><span class=\"ez-toc-section\" id=\"Quais_alimentos_sao_ricos_em_vitamina_A\"><\/span>\u00bfQu\u00e9 alimentos son ricos en vitamina A?<span class=\"ez-toc-section-end\"><\/span><\/h2>\n\n\n\n<p>EL <strong>La vitamina A se encuentra en alimentos de origen animal.<\/strong> y vegetales. Los principales <strong>alimentos ricos en vitamina A<\/strong> incluir:<\/p>\n\n\n\n<figure class=\"wp-block-image aligncenter size-full\"><img decoding=\"async\" width=\"940\" height=\"627\" src=\"https:\/\/corpoequilibrado.com.br\/wp-content\/uploads\/2025\/04\/pexels-photo-8642022-8642022.jpg\" alt=\"alimentos con vitamina A\" class=\"wp-image-4526\" style=\"aspect-ratio:16\/9;object-fit:cover\" srcset=\"https:\/\/corpoequilibrado.com.br\/wp-content\/uploads\/2025\/04\/pexels-photo-8642022-8642022.jpg 940w, https:\/\/corpoequilibrado.com.br\/wp-content\/uploads\/2025\/04\/pexels-photo-8642022-8642022-300x200.jpg 300w, https:\/\/corpoequilibrado.com.br\/wp-content\/uploads\/2025\/04\/pexels-photo-8642022-8642022-768x512.jpg 768w, https:\/\/corpoequilibrado.com.br\/wp-content\/uploads\/2025\/04\/pexels-photo-8642022-8642022-18x12.jpg 18w\" sizes=\"(max-width: 940px) 100vw, 940px\" \/><\/figure>\n\n\n\n<h3 class=\"wp-block-heading\"><span class=\"ez-toc-section\" id=\"Alimentos_de_origem_animal_retinol\"><\/span>Alimentos de origen animal (retinol):<span class=\"ez-toc-section-end\"><\/span><\/h3>\n\n\n\n<ul class=\"wp-block-list\">\n<li><strong>H\u00edgado de res<\/strong>:una de las fuentes m\u00e1s concentradas<\/li>\n\n\n\n<li><strong>Yema<\/strong><\/li>\n\n\n\n<li><strong>Leche entera y productos l\u00e1cteos<\/strong><\/li>\n\n\n\n<li><strong>Manteca<\/strong><\/li>\n<\/ul>\n\n\n\n<h3 class=\"wp-block-heading\"><span class=\"ez-toc-section\" id=\"Alimentos_de_origem_vegetal_carotenoides\"><\/span>Alimentos de origen vegetal (carotenoides):<span class=\"ez-toc-section-end\"><\/span><\/h3>\n\n\n\n<ul class=\"wp-block-list\">\n<li><strong>Zanahoria<\/strong><\/li>\n\n\n\n<li><strong>Calabaza<\/strong><\/li>\n\n\n\n<li><strong>Batata<\/strong><\/li>\n\n\n\n<li><strong>mango<\/strong><\/li>\n\n\n\n<li><strong>Espinaca<\/strong><\/li>\n\n\n\n<li><strong>Repollo<\/strong><\/li>\n<\/ul>\n\n\n\n<p>Estos son <strong>alimentos ricos en el nutriente<\/strong> y debe ser parte de una dieta equilibrada.<\/p>\n\n\n\n<h2 class=\"wp-block-heading\"><span class=\"ez-toc-section\" id=\"Qual_a_quantidade_de_vitamina_A_recomendada_por_dia\"><\/span>\u00bfCu\u00e1nta vitamina A se recomienda al d\u00eda?<span class=\"ez-toc-section-end\"><\/span><\/h2>\n\n\n\n<p>EL <strong>cantidad recomendada de vitamina A al d\u00eda<\/strong> Depende del grupo de edad y el g\u00e9nero. En general:<\/p>\n\n\n\n<ul class=\"wp-block-list\">\n<li>Ni\u00f1os: 300 a 600 mcg<\/li>\n\n\n\n<li>Adultos: 700 mcg (mujeres) a 900 mcg (hombres)<\/li>\n\n\n\n<li>Mujeres embarazadas y lactantes: hasta 1300 mcg<\/li>\n<\/ul>\n\n\n\n<p>EL <strong>necesidad de vitamina A<\/strong> Puede ser mayor en individuos con absorci\u00f3n comprometida o enfermedades intestinales.<\/p>\n\n\n\n<blockquote class=\"wp-block-quote is-layout-flow wp-block-quote-is-layout-flow\">\n<p>\ud83d\udc49 <strong>\u00bfQuieres comprender mejor el papel de la vitamina A dentro de un conjunto completo de nutrientes para tu organismo?<\/strong> Vea nuestro <strong><a href=\"https:\/\/corpoequilibrado.com.br\/es\/suplementos-alimenticios\/\" data-type=\"post\" data-id=\"4025\">Gu\u00eda completa de los principales suplementos y vitaminas.<\/a> esencial para la salud<\/strong>, donde te explicamos c\u00f3mo act\u00faa cada vitamina en el organismo y c\u00f3mo combinarlas de forma segura en tu rutina.<\/p>\n<\/blockquote>\n\n\n\n<h2 class=\"wp-block-heading\"><span class=\"ez-toc-section\" id=\"Suplementacao_de_vitamina_A_quando_e_necessaria\"><\/span>Suplementaci\u00f3n de vitamina A: \u00bfcu\u00e1ndo es necesaria?<span class=\"ez-toc-section-end\"><\/span><\/h2>\n\n\n\n<p>EL <strong>suplementaci\u00f3n con vitamina A<\/strong> Puede estar indicado en casos de <strong>discapacidad comprobada<\/strong>, especialmente en poblaciones vulnerables como los ni\u00f1os peque\u00f1os y las mujeres embarazadas.<\/p>\n\n\n\n<figure class=\"wp-block-image aligncenter size-full\"><img decoding=\"async\" width=\"940\" height=\"627\" src=\"https:\/\/corpoequilibrado.com.br\/wp-content\/uploads\/2025\/04\/pexels-photo-3683074-3683074.jpg\" alt=\"suplementaci\u00f3n con vitamina A\" class=\"wp-image-4527\" style=\"aspect-ratio:16\/9;object-fit:cover\" srcset=\"https:\/\/corpoequilibrado.com.br\/wp-content\/uploads\/2025\/04\/pexels-photo-3683074-3683074.jpg 940w, https:\/\/corpoequilibrado.com.br\/wp-content\/uploads\/2025\/04\/pexels-photo-3683074-3683074-300x200.jpg 300w, https:\/\/corpoequilibrado.com.br\/wp-content\/uploads\/2025\/04\/pexels-photo-3683074-3683074-768x512.jpg 768w, https:\/\/corpoequilibrado.com.br\/wp-content\/uploads\/2025\/04\/pexels-photo-3683074-3683074-18x12.jpg 18w\" sizes=\"(max-width: 940px) 100vw, 940px\" \/><\/figure>\n\n\n\n<p>En Brasil, la <strong>Programa Nacional de Suplementaci\u00f3n con Vitamina A<\/strong> Proporciona dosis de refuerzo para ni\u00f1os de 6 meses a 5 a\u00f1os, reduciendo el riesgo de <strong>deficiencia de esta vitamina<\/strong>.<\/p>\n\n\n\n<p>Antes <strong>tomar vitamina A<\/strong>, es importante consultar con un m\u00e9dico o nutricionista para evaluar la necesidad real de <strong>suplementaci\u00f3n vitam\u00ednica<\/strong>.<\/p>\n\n\n\n<h2 class=\"wp-block-heading\"><span class=\"ez-toc-section\" id=\"Excesso_de_vitamina_A_faz_mal\"><\/span>\u00bfEs demasiada vitamina A perjudicial para la salud?<span class=\"ez-toc-section-end\"><\/span><\/h2>\n\n\n\n<p>S\u00ed. El <strong>El exceso de vitamina A puede ser t\u00f3xico<\/strong>, especialmente si se consume en dosis altas a trav\u00e9s de <a href=\"https:\/\/corpoequilibrado.com.br\/es\/suplementos-alimenticios\/\" title=\"Obtenga m\u00e1s informaci\u00f3n sobre los suplementos\">suplementos<\/a>. Los principales s\u00edntomas incluyen:<\/p>\n\n\n\n<ul class=\"wp-block-list\">\n<li>N\u00e1useas<\/li>\n\n\n\n<li>Dolor de cabeza<\/li>\n\n\n\n<li>Mareo<\/li>\n\n\n\n<li>Irritabilidad<\/li>\n\n\n\n<li>En casos graves, da\u00f1o hep\u00e1tico.<\/li>\n<\/ul>\n\n\n\n<p>EL <strong>El exceso de vitamina A es m\u00e1s com\u00fan<\/strong> en el <strong>suplementaci\u00f3n con vitamina A<\/strong> sin gu\u00eda. La admisi\u00f3n debe respetar la <strong>cantidad recomendada de vitamina<\/strong>.<\/p>\n\n\n\n<h2 class=\"wp-block-heading\"><span class=\"ez-toc-section\" id=\"Qual_a_relacao_da_vitamina_A_com_a_cegueira\"><\/span>\u00bfCu\u00e1l es la relaci\u00f3n entre la vitamina A y la ceguera?<span class=\"ez-toc-section-end\"><\/span><\/h2>\n\n\n\n<p>EL <strong>La vitamina A es importante para la salud ocular.<\/strong>. Su <strong>deficiencia de vitaminas<\/strong> es una de las principales causas de <strong>ceguera evitable<\/strong> en el mundo, especialmente en los ni\u00f1os de los pa\u00edses en desarrollo.<\/p>\n\n\n\n<p>EL <strong>vitamina A en el cuerpo<\/strong> participa en la formaci\u00f3n de rodopsina, un pigmento esencial para la visi\u00f3n nocturna. Cuando falta, provoca <strong>ceguera nocturna<\/strong> y, con el tiempo, da\u00f1o permanente a la visi\u00f3n.<\/p>\n\n\n\n<h2 class=\"wp-block-heading\"><span class=\"ez-toc-section\" id=\"Qual_o_papel_da_vitamina_A_na_nutricao_infantil\"><\/span>\u00bfCu\u00e1l es el papel de la vitamina A en la nutrici\u00f3n infantil?<span class=\"ez-toc-section-end\"><\/span><\/h2>\n\n\n\n<p>EL <strong>La vitamina A es un nutriente esencial<\/strong> para un crecimiento saludable. Participa en el desarrollo celular, fortaleciendo el sistema inmunol\u00f3gico y <strong>mantenimiento de la salud<\/strong> general del ni\u00f1o.<\/p>\n\n\n\n<figure class=\"wp-block-image aligncenter size-full\"><img loading=\"lazy\" decoding=\"async\" width=\"940\" height=\"627\" src=\"https:\/\/corpoequilibrado.com.br\/wp-content\/uploads\/2025\/04\/pexels-photo-1001914-1001914.jpg\" alt=\"ni\u00f1os\" class=\"wp-image-4528\" style=\"aspect-ratio:16\/9;object-fit:cover\" srcset=\"https:\/\/corpoequilibrado.com.br\/wp-content\/uploads\/2025\/04\/pexels-photo-1001914-1001914.jpg 940w, https:\/\/corpoequilibrado.com.br\/wp-content\/uploads\/2025\/04\/pexels-photo-1001914-1001914-300x200.jpg 300w, https:\/\/corpoequilibrado.com.br\/wp-content\/uploads\/2025\/04\/pexels-photo-1001914-1001914-768x512.jpg 768w, https:\/\/corpoequilibrado.com.br\/wp-content\/uploads\/2025\/04\/pexels-photo-1001914-1001914-18x12.jpg 18w\" sizes=\"(max-width: 940px) 100vw, 940px\" \/><\/figure>\n\n\n\n<p>La deficiencia en los primeros a\u00f1os puede causar <strong>problemas de visi\u00f3n<\/strong>, mayor susceptibilidad a las infecciones y <strong>problemas de salud nutricional<\/strong>.<\/p>\n\n\n\n<h2 class=\"wp-block-heading\"><span class=\"ez-toc-section\" id=\"Consideracoes_finais_sobre_a_vitamina_A_na_sua_saude\"><\/span>Reflexiones finales sobre la vitamina A para tu salud<span class=\"ez-toc-section-end\"><\/span><\/h2>\n\n\n\n<p>EL <strong><a href=\"https:\/\/www.msdmanuals.com\/pt\/casa\/dist%C3%BArbios-nutricionais\/vitaminas\/defici%C3%AAncia-de-vitamina-a\" target=\"_blank\" rel=\"noreferrer noopener nofollow\">vitamina A<\/a> es esencial<\/strong> para diversas funciones corporales. Su adecuado consumo garantiza <strong>visi\u00f3n saludable<\/strong>, inmunidad fortalecida y piel bien cuidada. Se puede obtener a trav\u00e9s de <strong>alimentos ricos en vitamina A<\/strong>, ambos <strong>de origen vegetal<\/strong> como <strong>animal<\/strong>.<\/p>\n\n\n\n<p>En los casos de <strong>deficiencia de vitamina A<\/strong>, es posible recurrir a <strong>suplementaci\u00f3n con vitamina A<\/strong>, siempre con consejo m\u00e9dico. Evite tanto la deficiencia como <strong>exceso de vitamina A<\/strong>, ya que ambos pueden aportar <strong>problemas de salud<\/strong> grave.<\/p>\n\n\n\n<h2 class=\"wp-block-heading\"><span class=\"ez-toc-section\" id=\"Principais_pontos_para_lembrar\"><\/span>Puntos clave para recordar<span class=\"ez-toc-section-end\"><\/span><\/h2>\n\n\n\n<ul class=\"wp-block-list\">\n<li>EL <strong>La vitamina A es esencial<\/strong> Para la visi\u00f3n, la inmunidad y la piel.<\/li>\n\n\n\n<li>Est\u00e1 presente en <strong>h\u00edgado, zanahorias, huevos y verduras de color verde oscuro<\/strong>.<\/li>\n\n\n\n<li>EL <strong>La deficiencia de vitamina A puede provocar<\/strong> el <strong>ceguera<\/strong> y infecciones recurrentes.<\/li>\n\n\n\n<li>EL <strong>El exceso de vitamina A puede ser t\u00f3xico<\/strong>.<\/li>\n\n\n\n<li>EL <strong>La suplementaci\u00f3n con vitamina A debe ser guiada<\/strong> por profesional.<\/li>\n\n\n\n<li>Los ni\u00f1os peque\u00f1os son el p\u00fablico objetivo de <strong>Programa Nacional de Suplementaci\u00f3n con Vitamina A<\/strong>.<\/li>\n<\/ul>\n\n\n\n<h2 class=\"wp-block-heading\"><span class=\"ez-toc-section\" id=\"FAQ_%E2%80%93_Perguntas_Frequentes_sobre_Vitamina_A\"><\/span>FAQ \u2013 Preguntas frecuentes sobre la vitamina A<span class=\"ez-toc-section-end\"><\/span><\/h2>\n\n\n\n<p><strong>\u00bfQu\u00e9 es la vitamina A y para qu\u00e9 sirve?<\/strong><br>EL <strong>La vitamina A es un nutriente esencial<\/strong> Para la visi\u00f3n, la inmunidad, la piel y el crecimiento celular.<\/p>\n\n\n\n<p><strong>\u00bfCu\u00e1les son los s\u00edntomas de la deficiencia de vitamina A?<\/strong><br><strong>ceguera nocturna<\/strong>, piel seca, infecciones frecuentes y retraso del crecimiento.<\/p>\n\n\n\n<p><strong>\u00bfQu\u00e9 alimentos son ricos en vitamina A?<\/strong><br><strong>H\u00edgado<\/strong>, zanahorias, mango, calabaza, huevos, espinacas y batatas.<\/p>\n\n\n\n<p><strong>\u00bfEs seguro tomar suplementos de vitamina A?<\/strong><br>S\u00ed, pero debe hacerse bajo la gu\u00eda de un <strong>profesional de la salud<\/strong>, ya que el exceso puede ser t\u00f3xico.<\/p>\n\n\n\n<p><strong>\u00bfCu\u00e1l es la cantidad diaria recomendada de vitamina A?<\/strong><br>Var\u00eda seg\u00fan la edad y el sexo, entre 300 y 1.300 mcg al d\u00eda.<\/p>\n\n\n\n<p><strong>\u00bfLa vitamina A es mala para ti?<\/strong><br><strong>El exceso de vitamina A puede causar<\/strong> efectos adversos como n\u00e1useas, dolor de cabeza y problemas hep\u00e1ticos.<\/p>\n\n\n\n<p><\/p>","protected":false},"excerpt":{"rendered":"<p>La vitamina A es esencial y puede transformar tu salud. \u00a1Descubre los beneficios y fuentes naturales ahora!<\/p>","protected":false},"author":1,"featured_media":4506,"comment_status":"closed","ping_status":"open","sticky":false,"template":"","format":"standard","meta":{"_uag_custom_page_level_css":"","site-sidebar-layout":"default","site-content-layout":"","ast-site-content-layout":"default","site-content-style":"default","site-sidebar-style":"default","ast-global-header-display":"","ast-banner-title-visibility":"","ast-main-header-display":"","ast-hfb-above-header-display":"","ast-hfb-below-header-display":"","ast-hfb-mobile-header-display":"","site-post-title":"","ast-breadcrumbs-content":"","ast-featured-img":"","footer-sml-layout":"","ast-disable-related-posts":"","theme-transparent-header-meta":"","adv-header-id-meta":"","stick-header-meta":"","header-above-stick-meta":"","header-main-stick-meta":"","header-below-stick-meta":"","astra-migrate-meta-layouts":"set","ast-page-background-enabled":"default","ast-page-background-meta":{"desktop":{"background-color":"","background-image":"","background-repeat":"repeat","background-position":"center center","background-size":"auto","background-attachment":"scroll","background-type":"","background-media":"","overlay-type":"","overlay-color":"","overlay-opacity":"","overlay-gradient":""},"tablet":{"background-color":"","background-image":"","background-repeat":"repeat","background-position":"center center","background-size":"auto","background-attachment":"scroll","background-type":"","background-media":"","overlay-type":"","overlay-color":"","overlay-opacity":"","overlay-gradient":""},"mobile":{"background-color":"","background-image":"","background-repeat":"repeat","background-position":"center center","background-size":"auto","background-attachment":"scroll","background-type":"","background-media":"","overlay-type":"","overlay-color":"","overlay-opacity":"","overlay-gradient":""}},"ast-content-background-meta":{"desktop":{"background-color":"var(--ast-global-color-5)","background-image":"","background-repeat":"repeat","background-position":"center center","background-size":"auto","background-attachment":"scroll","background-type":"","background-media":"","overlay-type":"","overlay-color":"","overlay-opacity":"","overlay-gradient":""},"tablet":{"background-color":"var(--ast-global-color-5)","background-image":"","background-repeat":"repeat","background-position":"center center","background-size":"auto","background-attachment":"scroll","background-type":"","background-media":"","overlay-type":"","overlay-color":"","overlay-opacity":"","overlay-gradient":""},"mobile":{"background-color":"var(--ast-global-color-5)","background-image":"","background-repeat":"repeat","background-position":"center center","background-size":"auto","background-attachment":"scroll","background-type":"","background-media":"","overlay-type":"","overlay-color":"","overlay-opacity":"","overlay-gradient":""}},"footnotes":""},"categories":[29],"tags":[144],"class_list":["post-4513","post","type-post","status-publish","format-standard","has-post-thumbnail","hentry","category-suplementos-e-vitaminas-categoria","tag-guia-de-suplementacao"],"uagb_featured_image_src":{"full":["https:\/\/corpoequilibrado.com.br\/wp-content\/uploads\/2025\/04\/unnamed-file-242.jpg",1103,630,false],"thumbnail":["https:\/\/corpoequilibrado.com.br\/wp-content\/uploads\/2025\/04\/unnamed-file-242-150x150.jpg",150,150,true],"medium":["https:\/\/corpoequilibrado.com.br\/wp-content\/uploads\/2025\/04\/unnamed-file-242-300x171.jpg",300,171,true],"medium_large":["https:\/\/corpoequilibrado.com.br\/wp-content\/uploads\/2025\/04\/unnamed-file-242-768x439.jpg",768,439,true],"large":["https:\/\/corpoequilibrado.com.br\/wp-content\/uploads\/2025\/04\/unnamed-file-242-1024x585.jpg",1024,585,true],"1536x1536":["https:\/\/corpoequilibrado.com.br\/wp-content\/uploads\/2025\/04\/unnamed-file-242.jpg",1103,630,false],"2048x2048":["https:\/\/corpoequilibrado.com.br\/wp-content\/uploads\/2025\/04\/unnamed-file-242.jpg",1103,630,false],"trp-custom-language-flag":["https:\/\/corpoequilibrado.com.br\/wp-content\/uploads\/2025\/04\/unnamed-file-242-18x10.jpg",18,10,true]},"uagb_author_info":{"display_name":"Equipe Corpo Equilibrado","author_link":"https:\/\/corpoequilibrado.com.br\/es\/author\/rcastello20gmail-com\/"},"uagb_comment_info":0,"uagb_excerpt":"Vitamina A \u00e9 essencial e pode transformar sua sa\u00fade. Descubra benef\u00edcios e fontes naturais agora!","_links":{"self":[{"href":"https:\/\/corpoequilibrado.com.br\/es\/wp-json\/wp\/v2\/posts\/4513","targetHints":{"allow":["GET"]}}],"collection":[{"href":"https:\/\/corpoequilibrado.com.br\/es\/wp-json\/wp\/v2\/posts"}],"about":[{"href":"https:\/\/corpoequilibrado.com.br\/es\/wp-json\/wp\/v2\/types\/post"}],"author":[{"embeddable":true,"href":"https:\/\/corpoequilibrado.com.br\/es\/wp-json\/wp\/v2\/users\/1"}],"replies":[{"embeddable":true,"href":"https:\/\/corpoequilibrado.com.br\/es\/wp-json\/wp\/v2\/comments?post=4513"}],"version-history":[{"count":0,"href":"https:\/\/corpoequilibrado.com.br\/es\/wp-json\/wp\/v2\/posts\/4513\/revisions"}],"wp:featuredmedia":[{"embeddable":true,"href":"https:\/\/corpoequilibrado.com.br\/es\/wp-json\/wp\/v2\/media\/4506"}],"wp:attachment":[{"href":"https:\/\/corpoequilibrado.com.br\/es\/wp-json\/wp\/v2\/media?parent=4513"}],"wp:term":[{"taxonomy":"category","embeddable":true,"href":"https:\/\/corpoequilibrado.com.br\/es\/wp-json\/wp\/v2\/categories?post=4513"},{"taxonomy":"post_tag","embeddable":true,"href":"https:\/\/corpoequilibrado.com.br\/es\/wp-json\/wp\/v2\/tags?post=4513"}],"curies":[{"name":"wp","href":"https:\/\/api.w.org\/{rel}","templated":true}]}}