{"id":4559,"date":"2025-04-18T15:32:39","date_gmt":"2025-04-18T18:32:39","guid":{"rendered":"https:\/\/corpoequilibrado.com.br\/?p=4559"},"modified":"2025-04-18T19:37:56","modified_gmt":"2025-04-18T22:37:56","slug":"beneficios-y-deficiencia-de-la-vitamina-b6","status":"publish","type":"post","link":"https:\/\/corpoequilibrado.com.br\/es\/beneficios-y-deficiencia-de-la-vitamina-b6\/","title":{"rendered":"Vitamina B6: para qu\u00e9 sirve, beneficios y alimentos ricos en ella"},"content":{"rendered":"<p>EL <strong>vitamina B6<\/strong> es un <strong>nutritivo<\/strong> fundamental para varias funciones del organismo, desde <strong>metabolismo<\/strong> hasta el <strong>sistema inmunitario<\/strong>. Tambi\u00e9n conocido como <strong>piridoxina<\/strong>, ella es una de las principales <strong>vitaminas B<\/strong> y participa en reacciones esenciales para la producci\u00f3n de energ\u00eda, neurotransmisores y gl\u00f3bulos rojos. En este art\u00edculo comprender\u00e1s <strong>\u00bfPara qu\u00e9 sirve la vitamina B6?<\/strong>C\u00f3mo identificar los signos de <strong>deficiencia de vitamina B6<\/strong>, sus fuentes de alimento y cu\u00e1ndo <strong>suplementaci\u00f3n<\/strong> Puede estar indicado.<\/p><div id=\"ez-toc-container\" class=\"ez-toc-v2_0_82_2 counter-hierarchy ez-toc-counter ez-toc-grey ez-toc-container-direction\">\n<div class=\"ez-toc-title-container\">\n<p class=\"ez-toc-title\" style=\"cursor:inherit\">Resumen<\/p>\n<span class=\"ez-toc-title-toggle\"><\/span><\/div>\n<nav><ul class='ez-toc-list ez-toc-list-level-1' ><ul class='ez-toc-list-level-3' ><li class='ez-toc-heading-level-3'><a class=\"ez-toc-link ez-toc-heading-1\" href=\"https:\/\/corpoequilibrado.com.br\/es\/beneficios-y-deficiencia-de-la-vitamina-b6\/#Video_explicativo_sobre_os_beneficios_da_vitamina_B6\" >V\u00eddeo explicativo sobre los beneficios de la vitamina B6:<\/a><\/li><\/ul><\/li><li class='ez-toc-page-1 ez-toc-heading-level-2'><a class=\"ez-toc-link ez-toc-heading-2\" href=\"https:\/\/corpoequilibrado.com.br\/es\/beneficios-y-deficiencia-de-la-vitamina-b6\/#O_que_e_a_vitamina_B6_e_qual_seu_papel_no_organismo\" >\u00bfQu\u00e9 es la vitamina B6 y cu\u00e1l es su funci\u00f3n en el organismo?<\/a><\/li><li class='ez-toc-page-1 ez-toc-heading-level-2'><a class=\"ez-toc-link ez-toc-heading-3\" href=\"https:\/\/corpoequilibrado.com.br\/es\/beneficios-y-deficiencia-de-la-vitamina-b6\/#Quais_sao_os_beneficios_da_vitamina_B6_para_a_saude\" >\u00bfCu\u00e1les son los beneficios para la salud de la vitamina B6?<\/a><\/li><li class='ez-toc-page-1 ez-toc-heading-level-2'><a class=\"ez-toc-link ez-toc-heading-4\" href=\"https:\/\/corpoequilibrado.com.br\/es\/beneficios-y-deficiencia-de-la-vitamina-b6\/#Quais_alimentos_sao_ricos_em_vitamina_B6\" >\u00bfQu\u00e9 alimentos son ricos en vitamina B6?<\/a><\/li><li class='ez-toc-page-1 ez-toc-heading-level-2'><a class=\"ez-toc-link ez-toc-heading-5\" href=\"https:\/\/corpoequilibrado.com.br\/es\/beneficios-y-deficiencia-de-la-vitamina-b6\/#Qual_e_a_ingestao_diaria_recomendada_de_vitamina_B6\" >\u00bfCu\u00e1l es la ingesta diaria recomendada de vitamina B6?<\/a><\/li><li class='ez-toc-page-1 ez-toc-heading-level-2'><a class=\"ez-toc-link ez-toc-heading-6\" href=\"https:\/\/corpoequilibrado.com.br\/es\/beneficios-y-deficiencia-de-la-vitamina-b6\/#Quais_sao_os_sintomas_da_deficiencia_de_vitamina_B6\" >\u00bfCu\u00e1les son los s\u00edntomas de la deficiencia de vitamina B6?<\/a><\/li><li class='ez-toc-page-1 ez-toc-heading-level-2'><a class=\"ez-toc-link ez-toc-heading-7\" href=\"https:\/\/corpoequilibrado.com.br\/es\/beneficios-y-deficiencia-de-la-vitamina-b6\/#O_que_pode_causar_a_falta_de_vitamina_B6\" >\u00bfQu\u00e9 puede provocar una falta de vitamina B6?<\/a><\/li><li class='ez-toc-page-1 ez-toc-heading-level-2'><a class=\"ez-toc-link ez-toc-heading-8\" href=\"https:\/\/corpoequilibrado.com.br\/es\/beneficios-y-deficiencia-de-la-vitamina-b6\/#Quando_a_suplementacao_de_vitamina_B6_e_indicada\" >\u00bfCu\u00e1ndo est\u00e1 indicada la suplementaci\u00f3n con vitamina B6?<\/a><\/li><li class='ez-toc-page-1 ez-toc-heading-level-2'><a class=\"ez-toc-link ez-toc-heading-9\" href=\"https:\/\/corpoequilibrado.com.br\/es\/beneficios-y-deficiencia-de-la-vitamina-b6\/#Quais_os_riscos_do_excesso_de_vitamina_B6\" >\u00bfCu\u00e1les son los riesgos del exceso de vitamina B6?<\/a><\/li><li class='ez-toc-page-1 ez-toc-heading-level-2'><a class=\"ez-toc-link ez-toc-heading-10\" href=\"https:\/\/corpoequilibrado.com.br\/es\/beneficios-y-deficiencia-de-la-vitamina-b6\/#Vitamina_B6_na_prevencao_de_anemias_e_disturbios_neurologicos\" >La vitamina B6 en la prevenci\u00f3n de la anemia y los trastornos neurol\u00f3gicos<\/a><\/li><li class='ez-toc-page-1 ez-toc-heading-level-2'><a class=\"ez-toc-link ez-toc-heading-11\" href=\"https:\/\/corpoequilibrado.com.br\/es\/beneficios-y-deficiencia-de-la-vitamina-b6\/#Quando_procurar_um_medico_para_avaliar_a_vitamina_B6\" >\u00bfCu\u00e1ndo debo consultar a un m\u00e9dico para evaluar la vitamina B6?<\/a><\/li><li class='ez-toc-page-1 ez-toc-heading-level-2'><a class=\"ez-toc-link ez-toc-heading-12\" href=\"https:\/\/corpoequilibrado.com.br\/es\/beneficios-y-deficiencia-de-la-vitamina-b6\/#Conclusao_por_que_a_vitamina_B6_e_essencial\" >Conclusi\u00f3n: \u00bfPor qu\u00e9 es esencial la vitamina B6?<\/a><\/li><li class='ez-toc-page-1 ez-toc-heading-level-2'><a class=\"ez-toc-link ez-toc-heading-13\" href=\"https:\/\/corpoequilibrado.com.br\/es\/beneficios-y-deficiencia-de-la-vitamina-b6\/#Pontos_principais_para_lembrar\" >Puntos clave para recordar<\/a><\/li><li class='ez-toc-page-1 ez-toc-heading-level-2'><a class=\"ez-toc-link ez-toc-heading-14\" href=\"https:\/\/corpoequilibrado.com.br\/es\/beneficios-y-deficiencia-de-la-vitamina-b6\/#FAQ_%E2%80%93_Perguntas_frequentes_sobre_vitamina_B6\" >FAQ \u2013 Preguntas frecuentes sobre la vitamina B6<\/a><\/li><\/ul><\/nav><\/div>\n\n\n\n\n<h3 class=\"wp-block-heading\"><span class=\"ez-toc-section\" id=\"Video_explicativo_sobre_os_beneficios_da_vitamina_B6\"><\/span>V\u00eddeo explicativo sobre los beneficios de la vitamina B6:<span class=\"ez-toc-section-end\"><\/span><\/h3>\n\n\n\n<figure class=\"wp-block-embed is-type-video is-provider-youtube wp-block-embed-youtube wp-embed-aspect-16-9 wp-has-aspect-ratio\"><div class=\"wp-block-embed__wrapper\">\n<iframe title=\"Vitamina B6: para qu\u00e9 sirve, beneficios y alimentos ricos en ella | Gu\u00eda completa\" width=\"500\" height=\"281\" src=\"https:\/\/www.youtube.com\/embed\/sZ2wxFZDyUY?feature=oembed\" frameborder=\"0\" allow=\"accelerometer; autoplay; clipboard-write; encrypted-media; gyroscope; picture-in-picture; web-share\" referrerpolicy=\"strict-origin-when-cross-origin\" allowfullscreen><\/iframe>\n<\/div><\/figure>\n\n\n\n<h2 class=\"wp-block-heading\"><span class=\"ez-toc-section\" id=\"O_que_e_a_vitamina_B6_e_qual_seu_papel_no_organismo\"><\/span>\u00bfQu\u00e9 es la vitamina B6 y cu\u00e1l es su funci\u00f3n en el organismo?<span class=\"ez-toc-section-end\"><\/span><\/h2>\n\n\n\n<p>EL <strong>vitamina B6<\/strong> es un <strong>vitamina soluble en agua<\/strong>, es decir, no se almacena en el organismo y debe consumirse diariamente. Eso <strong>La vitamina es<\/strong> esencial para el metabolismo de <strong>prote\u00ednas<\/strong>, <strong>carbohidratos<\/strong> y <strong>grasas<\/strong>, y act\u00faa como <strong>coenzima en diversas reacciones qu\u00edmicas<\/strong> del organismo.<\/p>\n\n\n\n<p>EL <strong>piridoxina<\/strong> Tambi\u00e9n es vital para la formaci\u00f3n de <strong>neurotransmisores<\/strong>, como el <strong>serotonin<\/strong>, que regula el estado de \u00e1nimo, y <strong>dopamina<\/strong>, relacionado con el placer y la motivaci\u00f3n. Tambi\u00e9n es importante para la producci\u00f3n de <strong>hemoglobina<\/strong>, presente en el <strong>gl\u00f3bulos rojos<\/strong>, y para el correcto funcionamiento de la <strong>sistema nervioso<\/strong> y <strong>inmunol\u00f3gico<\/strong>.<\/p>\n\n\n\n<h2 class=\"wp-block-heading\"><span class=\"ez-toc-section\" id=\"Quais_sao_os_beneficios_da_vitamina_B6_para_a_saude\"><\/span>\u00bfCu\u00e1les son los beneficios para la salud de la vitamina B6?<span class=\"ez-toc-section-end\"><\/span><\/h2>\n\n\n\n<p>EL <strong>La vitamina B6 juega<\/strong> funciones esenciales que inciden positivamente en diversos aspectos de la salud. Entre los <strong>beneficios de la vitamina B6<\/strong>, destacan los siguientes:<\/p>\n\n\n\n<figure class=\"wp-block-image aligncenter size-large\"><img fetchpriority=\"high\" decoding=\"async\" width=\"1024\" height=\"585\" src=\"https:\/\/corpoequilibrado.com.br\/wp-content\/uploads\/2025\/04\/unnamed-file-253-1024x585.jpg\" alt=\"Vitamina B6: descubre sus incre\u00edbles beneficios y fuentes\" class=\"wp-image-4557\" style=\"aspect-ratio:16\/9;object-fit:cover\" srcset=\"https:\/\/corpoequilibrado.com.br\/wp-content\/uploads\/2025\/04\/unnamed-file-253-1024x585.jpg 1024w, https:\/\/corpoequilibrado.com.br\/wp-content\/uploads\/2025\/04\/unnamed-file-253-300x171.jpg 300w, https:\/\/corpoequilibrado.com.br\/wp-content\/uploads\/2025\/04\/unnamed-file-253-768x439.jpg 768w, https:\/\/corpoequilibrado.com.br\/wp-content\/uploads\/2025\/04\/unnamed-file-253-18x10.jpg 18w, https:\/\/corpoequilibrado.com.br\/wp-content\/uploads\/2025\/04\/unnamed-file-253.jpg 1103w\" sizes=\"(max-width: 1024px) 100vw, 1024px\" \/><\/figure>\n\n\n\n<ul class=\"wp-block-list\">\n<li>Ayuda en <strong>producci\u00f3n de hemoglobina<\/strong>, previniendo <strong>anemia<\/strong>;<\/li>\n\n\n\n<li>Participa en el metabolismo de <strong>prote\u00ednas<\/strong> y en la conversi\u00f3n de alimentos en energ\u00eda;<\/li>\n\n\n\n<li>Act\u00faa en la s\u00edntesis de <strong>neurotransmisores<\/strong>, como <strong>serotonin<\/strong> y <strong>dopamina<\/strong>;<\/li>\n\n\n\n<li>Contribuye a la <strong>buen funcionamiento del sistema nervioso<\/strong>;<\/li>\n\n\n\n<li>Ayuda en <strong>sistema inmunitario<\/strong>, promoviendo una mayor resistencia contra las infecciones;<\/li>\n\n\n\n<li>Puede reducir los s\u00edntomas de <strong>tensi\u00f3n premenstrual<\/strong>;<\/li>\n\n\n\n<li>Controla los niveles de <strong>homociste\u00edna<\/strong>, reduciendo el riesgo de <strong>cardiopat\u00eda<\/strong>.<\/li>\n<\/ul>\n\n\n\n<h2 class=\"wp-block-heading\"><span class=\"ez-toc-section\" id=\"Quais_alimentos_sao_ricos_em_vitamina_B6\"><\/span>\u00bfQu\u00e9 alimentos son ricos en vitamina B6?<span class=\"ez-toc-section-end\"><\/span><\/h2>\n\n\n\n<p>EL <strong>La vitamina B6 est\u00e1 presente<\/strong> en diversos alimentos cotidianos. T\u00fa <strong>alimentos ricos en vitamina B6<\/strong> incluir:<\/p>\n\n\n\n<ul class=\"wp-block-list\">\n<li><strong>Carnes magras<\/strong> como pollo, pavo y carne de res;<\/li>\n\n\n\n<li><strong>Pez<\/strong> como el at\u00fan y el salm\u00f3n;<\/li>\n\n\n\n<li><strong>Granos integrales<\/strong>:arroz integral, avena, centeno;<\/li>\n\n\n\n<li><strong>Legumbres<\/strong>:lentejas, frijoles y garbanzos;<\/li>\n\n\n\n<li><strong>Frutas<\/strong> como el pl\u00e1tano, el aguacate y el mel\u00f3n;<\/li>\n\n\n\n<li><strong>Frutos secos y semillas<\/strong>, como los cacahuetes y las semillas de girasol;<\/li>\n\n\n\n<li><strong>verduras de hoja<\/strong> como la espinaca y la col rizada.<\/li>\n<\/ul>\n\n\n\n<p>Una dieta equilibrada y rica en estos alimentos suele garantizar <strong>ingesta de vitaminas<\/strong> en cantidades adecuadas.<\/p>\n\n\n\n<h2 class=\"wp-block-heading\"><span class=\"ez-toc-section\" id=\"Qual_e_a_ingestao_diaria_recomendada_de_vitamina_B6\"><\/span>\u00bfCu\u00e1l es la ingesta diaria recomendada de vitamina B6?<span class=\"ez-toc-section-end\"><\/span><\/h2>\n\n\n\n<p>EL <strong>tarifa diaria recomendada<\/strong> de vitamina B6 var\u00eda <strong>seg\u00fan la edad<\/strong>, sexo y condiciones espec\u00edficas como el embarazo. De t\u00e9rmino medio:<\/p>\n\n\n\n<ul class=\"wp-block-list\">\n<li>Adultos: 1,3 a 2 mg por d\u00eda<\/li>\n\n\n\n<li>Mujeres embarazadas: alrededor de 1,9 mg al d\u00eda.<\/li>\n\n\n\n<li>Mujeres lactantes: 2,0 mg al d\u00eda<\/li>\n<\/ul>\n\n\n\n<p>Estas necesidades pueden aumentar en casos de <strong>uso de anticonvulsivos<\/strong>, <strong>alcoholismo cr\u00f3nico<\/strong> o <strong>enfermedades renales<\/strong>.<\/p>\n\n\n\n<h2 class=\"wp-block-heading\"><span class=\"ez-toc-section\" id=\"Quais_sao_os_sintomas_da_deficiencia_de_vitamina_B6\"><\/span>\u00bfCu\u00e1les son los s\u00edntomas de la deficiencia de vitamina B6?<span class=\"ez-toc-section-end\"><\/span><\/h2>\n\n\n\n<p>EL <strong>deficiencia de vitamina B6<\/strong> Puede causar una variedad de s\u00edntomas, algunos sutiles y otros m\u00e1s obvios. Entre los <strong>s\u00edntomas de deficiencia de vitamina B6<\/strong>, ellos son:<\/p>\n\n\n\n<figure class=\"wp-block-image aligncenter size-large\"><img decoding=\"async\" width=\"1024\" height=\"681\" src=\"https:\/\/corpoequilibrado.com.br\/wp-content\/uploads\/2025\/04\/g3a73c99c33a085590c66079fca8916e580ecc44d75b5816316df95db056a25febad057a8ea0f1ce5b738d017eb182d0f63f86039c4e2e6923ac51cd6ce82ac1d_1280-5381800-1024x681.jpg\" alt=\"fatiga por falta de vitamina b6\" class=\"wp-image-4622\" style=\"aspect-ratio:16\/9;object-fit:cover\" srcset=\"https:\/\/corpoequilibrado.com.br\/wp-content\/uploads\/2025\/04\/g3a73c99c33a085590c66079fca8916e580ecc44d75b5816316df95db056a25febad057a8ea0f1ce5b738d017eb182d0f63f86039c4e2e6923ac51cd6ce82ac1d_1280-5381800-1024x681.jpg 1024w, https:\/\/corpoequilibrado.com.br\/wp-content\/uploads\/2025\/04\/g3a73c99c33a085590c66079fca8916e580ecc44d75b5816316df95db056a25febad057a8ea0f1ce5b738d017eb182d0f63f86039c4e2e6923ac51cd6ce82ac1d_1280-5381800-300x199.jpg 300w, https:\/\/corpoequilibrado.com.br\/wp-content\/uploads\/2025\/04\/g3a73c99c33a085590c66079fca8916e580ecc44d75b5816316df95db056a25febad057a8ea0f1ce5b738d017eb182d0f63f86039c4e2e6923ac51cd6ce82ac1d_1280-5381800-768x511.jpg 768w, https:\/\/corpoequilibrado.com.br\/wp-content\/uploads\/2025\/04\/g3a73c99c33a085590c66079fca8916e580ecc44d75b5816316df95db056a25febad057a8ea0f1ce5b738d017eb182d0f63f86039c4e2e6923ac51cd6ce82ac1d_1280-5381800-18x12.jpg 18w, https:\/\/corpoequilibrado.com.br\/wp-content\/uploads\/2025\/04\/g3a73c99c33a085590c66079fca8916e580ecc44d75b5816316df95db056a25febad057a8ea0f1ce5b738d017eb182d0f63f86039c4e2e6923ac51cd6ce82ac1d_1280-5381800.jpg 1280w\" sizes=\"(max-width: 1024px) 100vw, 1024px\" \/><\/figure>\n\n\n\n<ul class=\"wp-block-list\">\n<li><strong>Fatiga<\/strong> constante y falta de energ\u00eda<\/li>\n\n\n\n<li><strong>Irritabilidad<\/strong> y cambios de humor<\/li>\n\n\n\n<li><strong>Problemas de la piel<\/strong>, como dermatitis y labios agrietados.<\/li>\n\n\n\n<li><strong>Estremecimiento<\/strong> en las manos y los pies<\/li>\n\n\n\n<li><strong>Confusi\u00f3n mental<\/strong> y dificultad para concentrarse<\/li>\n\n\n\n<li><strong>Baja inmunidad<\/strong> y una mayor susceptibilidad a las infecciones<\/li>\n<\/ul>\n\n\n\n<p>En casos graves, puede haber <strong>anemia<\/strong> y disfunciones neurol\u00f3gicas. Si usted <strong>tiene una deficiencia de esta vitamina<\/strong>Es importante buscar el apoyo de un <strong>m\u00e9dico o nutricionista<\/strong>.<\/p>\n\n\n\n<h2 class=\"wp-block-heading\"><span class=\"ez-toc-section\" id=\"O_que_pode_causar_a_falta_de_vitamina_B6\"><\/span>\u00bfQu\u00e9 puede provocar una falta de vitamina B6?<span class=\"ez-toc-section-end\"><\/span><\/h2>\n\n\n\n<p>EL <strong>La falta de vitamina B6 puede<\/strong> ser causada por diversos factores, tales como:<\/p>\n\n\n\n<ul class=\"wp-block-list\">\n<li>Dietas muy restrictivas o desequilibradas<\/li>\n\n\n\n<li><strong>alcoholismo cr\u00f3nico<\/strong>, lo que perjudica la absorci\u00f3n del nutriente<\/li>\n\n\n\n<li>El uso prolongado de medicamentos como <strong>anticonvulsivos<\/strong> o <strong>isoniazida<\/strong><\/li>\n\n\n\n<li>Problemas de absorci\u00f3n intestinal<\/li>\n<\/ul>\n\n\n\n<p>Algunos grupos de riesgo incluyen mujeres embarazadas, ancianos, pacientes con enfermedad renal y aquellos con enfermedad hep\u00e1tica.<\/p>\n\n\n\n<blockquote class=\"wp-block-quote is-layout-flow wp-block-quote-is-layout-flow\">\n<p>\ud83d\udc49 Si te interesan los beneficios de la vitamina B6, vale la pena consultar nuestra<a href=\"https:\/\/corpoequilibrado.com.br\/es\/suplementos-alimenticios\/\" data-type=\"post\" data-id=\"4025\"> Gu\u00eda completa de vitaminas y suplementos esenciales.<\/a>. All\u00ed comprender\u00e1s c\u00f3mo act\u00faa cada nutriente en el organismo y c\u00f3mo crear una rutina equilibrada, segura y saludable.<\/p>\n<\/blockquote>\n\n\n\n<h2 class=\"wp-block-heading\"><span class=\"ez-toc-section\" id=\"Quando_a_suplementacao_de_vitamina_B6_e_indicada\"><\/span>\u00bfCu\u00e1ndo est\u00e1 indicada la suplementaci\u00f3n con vitamina B6?<span class=\"ez-toc-section-end\"><\/span><\/h2>\n\n\n\n<p>EL <strong>suplementaci\u00f3n con vitamina B6<\/strong> Est\u00e1 indicado cuando la dieta no es suficiente para garantizar los niveles ideales del nutriente. Casos en los que el uso de es com\u00fan <strong><a href=\"https:\/\/corpoequilibrado.com.br\/es\/suplementos-alimenticios\/\" title=\"Obtenga m\u00e1s informaci\u00f3n sobre los suplementos\">suplementos<\/a> de vitamina B6<\/strong> incluir:<\/p>\n\n\n\n<ul class=\"wp-block-list\">\n<li>Personas con <strong>discapacidad diagnosticada<\/strong> mediante an\u00e1lisis de sangre<\/li>\n\n\n\n<li>Mujeres embarazadas y lactantes con mayores necesidades de nutrientes<\/li>\n\n\n\n<li>Pacientes con <strong>enfermedades cr\u00f3nicas<\/strong> o usar medicamentos que interfieren con la absorci\u00f3n<\/li>\n<\/ul>\n\n\n\n<p>Sin embargo, su uso debe realizarse bajo la supervisi\u00f3n de un profesional de la salud. <strong>nutricionista, nutricionista o m\u00e9dico general<\/strong>, evitando <strong>dosis altas<\/strong> que pueden provocar efectos secundarios.<\/p>\n\n\n\n<h2 class=\"wp-block-heading\"><span class=\"ez-toc-section\" id=\"Quais_os_riscos_do_excesso_de_vitamina_B6\"><\/span>\u00bfCu\u00e1les son los riesgos del exceso de vitamina B6?<span class=\"ez-toc-section-end\"><\/span><\/h2>\n\n\n\n<p>Aunque es poco com\u00fan, la <strong>intoxicaci\u00f3n por vitamina B6<\/strong> Puede ocurrir con el uso excesivo de <strong>suplemento<\/strong> sin supervisi\u00f3n profesional. T\u00fa <strong>efectos adversos<\/strong> Puede incluir:<\/p>\n\n\n\n<figure class=\"wp-block-image aligncenter size-large\"><img decoding=\"async\" width=\"1024\" height=\"1024\" src=\"https:\/\/corpoequilibrado.com.br\/wp-content\/uploads\/2025\/04\/g3209adcc2449780458b5ff600b38a05c4a645e7c958601b922fb6401b814293e926964cdb3017f88cd23bc13f9848e01_1280-642510-1024x1024.jpg\" alt=\"peligro\" class=\"wp-image-4623\" style=\"aspect-ratio:16\/9;object-fit:cover\" srcset=\"https:\/\/corpoequilibrado.com.br\/wp-content\/uploads\/2025\/04\/g3209adcc2449780458b5ff600b38a05c4a645e7c958601b922fb6401b814293e926964cdb3017f88cd23bc13f9848e01_1280-642510-1024x1024.jpg 1024w, https:\/\/corpoequilibrado.com.br\/wp-content\/uploads\/2025\/04\/g3209adcc2449780458b5ff600b38a05c4a645e7c958601b922fb6401b814293e926964cdb3017f88cd23bc13f9848e01_1280-642510-300x300.jpg 300w, https:\/\/corpoequilibrado.com.br\/wp-content\/uploads\/2025\/04\/g3209adcc2449780458b5ff600b38a05c4a645e7c958601b922fb6401b814293e926964cdb3017f88cd23bc13f9848e01_1280-642510-150x150.jpg 150w, https:\/\/corpoequilibrado.com.br\/wp-content\/uploads\/2025\/04\/g3209adcc2449780458b5ff600b38a05c4a645e7c958601b922fb6401b814293e926964cdb3017f88cd23bc13f9848e01_1280-642510-768x768.jpg 768w, https:\/\/corpoequilibrado.com.br\/wp-content\/uploads\/2025\/04\/g3209adcc2449780458b5ff600b38a05c4a645e7c958601b922fb6401b814293e926964cdb3017f88cd23bc13f9848e01_1280-642510-12x12.jpg 12w, https:\/\/corpoequilibrado.com.br\/wp-content\/uploads\/2025\/04\/g3209adcc2449780458b5ff600b38a05c4a645e7c958601b922fb6401b814293e926964cdb3017f88cd23bc13f9848e01_1280-642510.jpg 1280w\" sizes=\"(max-width: 1024px) 100vw, 1024px\" \/><\/figure>\n\n\n\n<ul class=\"wp-block-list\">\n<li>Entumecimiento y hormigueo en las extremidades.<\/li>\n\n\n\n<li>P\u00e9rdida de coordinaci\u00f3n motora<\/li>\n\n\n\n<li>lesiones nerviosas<\/li>\n<\/ul>\n\n\n\n<p>Por lo tanto, la <strong>ingesta de vitaminas<\/strong> Siempre debes respetar la dosis recomendada.<\/p>\n\n\n\n<h2 class=\"wp-block-heading\"><span class=\"ez-toc-section\" id=\"Vitamina_B6_na_prevencao_de_anemias_e_disturbios_neurologicos\"><\/span>La vitamina B6 en la prevenci\u00f3n de la anemia y los trastornos neurol\u00f3gicos<span class=\"ez-toc-section-end\"><\/span><\/h2>\n\n\n\n<p>EL <strong>La vitamina B6 ayuda<\/strong> en la formaci\u00f3n de <strong>gl\u00f3bulos rojos<\/strong> y en el metabolismo del hierro, siendo esencial para prevenir <strong>anemia<\/strong>. Tambi\u00e9n act\u00faa en la s\u00edntesis de neurotransmisores importantes para la <strong>sistema nervioso<\/strong>, como el <strong>serotonin<\/strong> y el <strong>GABA<\/strong>.<\/p>\n\n\n\n<p>La discapacidad prolongada puede estar relacionada con s\u00edntomas neurol\u00f3gicos como: <strong>depresi\u00f3n leve<\/strong>, <strong>irritabilidad<\/strong> y <strong>dificultades cognitivas<\/strong>, especialmente en los ancianos.<\/p>\n\n\n\n<h2 class=\"wp-block-heading\"><span class=\"ez-toc-section\" id=\"Quando_procurar_um_medico_para_avaliar_a_vitamina_B6\"><\/span>\u00bfCu\u00e1ndo debo consultar a un m\u00e9dico para evaluar la vitamina B6?<span class=\"ez-toc-section-end\"><\/span><\/h2>\n\n\n\n<p>Busca una <strong>m\u00e9dico general<\/strong> o <strong>nutricionista<\/strong> Si tiene s\u00edntomas de <strong>deficiencia de vitamina B6<\/strong> o si est\u00e1s en un grupo de riesgo. EL <strong>La prueba de vitamina B6 es<\/strong> hecho por medio de <strong>an\u00e1lisis de sangre<\/strong> y en algunos casos puede estar asociado a una <strong>recuento sangu\u00edneo<\/strong> lleno.<\/p>\n\n\n\n<p>EL <strong>La suplementaci\u00f3n con vitamina B6 debe<\/strong> siempre basarse en <strong>evaluaci\u00f3n cl\u00ednica<\/strong> y laboratorio.<\/p>\n\n\n\n<h2 class=\"wp-block-heading\"><span class=\"ez-toc-section\" id=\"Conclusao_por_que_a_vitamina_B6_e_essencial\"><\/span>Conclusi\u00f3n: \u00bfPor qu\u00e9 es esencial la vitamina B6?<span class=\"ez-toc-section-end\"><\/span><\/h2>\n\n\n\n<p>EL <strong><a href=\"https:\/\/www.tuasaude.com\/funcao-da-vitamina-b6-piridoxina\/\" target=\"_blank\" rel=\"noreferrer noopener nofollow\">vitamina B6<\/a> es un micronutriente<\/strong> vital para el <strong>buen funcionamiento del cuerpo<\/strong>, influyendo directamente en la <strong>metabolismo<\/strong>, el <strong>sistema nervioso<\/strong>, el <strong>salud de la sangre<\/strong> y el <strong>Inmunidad<\/strong>. EL <strong>La deficiencia de vitamina B6 puede<\/strong> Comprometiendo varias funciones corporales y aumentando el riesgo de <strong>anemia<\/strong> y trastornos neurol\u00f3gicos.<\/p>\n\n\n\n<p>Garantizar un consumo adecuado, a trav\u00e9s de la dieta o <strong>Suplementaci\u00f3n cuando est\u00e9 indicada<\/strong>, es esencial para mantener el cuerpo en equilibrio. Hable con un profesional de la salud y h\u00e1gase chequeos regulares si sospecha que tiene <strong>falta de vitamina B6<\/strong>.<\/p>\n\n\n\n<h2 class=\"wp-block-heading\"><span class=\"ez-toc-section\" id=\"Pontos_principais_para_lembrar\"><\/span>Puntos clave para recordar<span class=\"ez-toc-section-end\"><\/span><\/h2>\n\n\n\n<ul class=\"wp-block-list\">\n<li>EL <strong>La vitamina B6 es esencial<\/strong> para el metabolismo y la funci\u00f3n neurol\u00f3gica<\/li>\n\n\n\n<li>Est\u00e1 ubicado en <strong>carnes magras, pescado, frutas, cereales y verduras<\/strong><\/li>\n\n\n\n<li>Su deficiencia puede causar <strong>fatiga, anemia y confusi\u00f3n mental<\/strong><\/li>\n\n\n\n<li>EL <strong>suplementaci\u00f3n<\/strong> Est\u00e1 indicado en casos espec\u00edficos, con valoraci\u00f3n profesional.<\/li>\n\n\n\n<li>EL <strong>exceso de vitamina B6<\/strong> Puede causar efectos adversos y debe evitarse.<\/li>\n<\/ul>\n\n\n\n<h2 class=\"wp-block-heading\"><span class=\"ez-toc-section\" id=\"FAQ_%E2%80%93_Perguntas_frequentes_sobre_vitamina_B6\"><\/span>FAQ \u2013 Preguntas frecuentes sobre la vitamina B6<span class=\"ez-toc-section-end\"><\/span><\/h2>\n\n\n\n<p><strong>\u00bfCu\u00e1les son los principales beneficios de la vitamina B6?<\/strong><br>Ayuda en la producci\u00f3n de hemoglobina, regula el estado de \u00e1nimo, mejora la inmunidad y act\u00faa sobre la funci\u00f3n cerebral.<\/p>\n\n\n\n<p><strong>\u00bfD\u00f3nde encontrar vitamina B6?<\/strong><br>En carnes magras, pescado, cereales integrales, frutas, frutos secos, semillas y verduras de hoja verde.<\/p>\n\n\n\n<p><strong>\u00bfCu\u00e1les son los s\u00edntomas de la deficiencia de vitamina B6?<\/strong><br>Fatiga, irritabilidad, problemas en la piel, confusi\u00f3n mental, baja inmunidad y anemia.<\/p>\n\n\n\n<p><strong>\u00bfQui\u00e9n necesita suplementar vitamina B6?<\/strong><br>Mujeres embarazadas, ancianos, alcoh\u00f3licos y personas con enfermedades cr\u00f3nicas o que toman medicamentos que interfieren en la absorci\u00f3n.<\/p>\n\n\n\n<p><strong>\u00bfEs demasiada vitamina B6 perjudicial para la salud?<\/strong><br>S\u00ed. Puede causar problemas neurol\u00f3gicos y s\u00edntomas como hormigueo y p\u00e9rdida de coordinaci\u00f3n.<\/p>\n\n\n\n<p><strong>\u00bfQu\u00e9 prueba se utiliza para detectar la deficiencia de vitamina B6?<\/strong><br>EL <strong>an\u00e1lisis de sangre<\/strong> es el m\u00e1s adecuado, a menudo junto con un <strong>recuento sangu\u00edneo<\/strong>.<\/p>\n\n\n\n<p><strong>\u00bfLa vitamina B6 ayuda con el s\u00edndrome premenstrual?<\/strong><br>S\u00ed. Puede ayudar a aliviar los s\u00edntomas del s\u00edndrome premenstrual, como irritabilidad y hinchaz\u00f3n.<\/p>\n\n\n\n<p><\/p>","protected":false},"excerpt":{"rendered":"<p>La vitamina B6 ayuda a la salud cardiovascular y la cognici\u00f3n. Descubre c\u00f3mo incluir esta poderosa vitamina en tu dieta.<\/p>","protected":false},"author":1,"featured_media":4557,"comment_status":"closed","ping_status":"open","sticky":false,"template":"","format":"standard","meta":{"_uag_custom_page_level_css":"","site-sidebar-layout":"default","site-content-layout":"","ast-site-content-layout":"default","site-content-style":"default","site-sidebar-style":"default","ast-global-header-display":"","ast-banner-title-visibility":"","ast-main-header-display":"","ast-hfb-above-header-display":"","ast-hfb-below-header-display":"","ast-hfb-mobile-header-display":"","site-post-title":"","ast-breadcrumbs-content":"","ast-featured-img":"","footer-sml-layout":"","ast-disable-related-posts":"","theme-transparent-header-meta":"","adv-header-id-meta":"","stick-header-meta":"","header-above-stick-meta":"","header-main-stick-meta":"","header-below-stick-meta":"","astra-migrate-meta-layouts":"set","ast-page-background-enabled":"default","ast-page-background-meta":{"desktop":{"background-color":"","background-image":"","background-repeat":"repeat","background-position":"center center","background-size":"auto","background-attachment":"scroll","background-type":"","background-media":"","overlay-type":"","overlay-color":"","overlay-opacity":"","overlay-gradient":""},"tablet":{"background-color":"","background-image":"","background-repeat":"repeat","background-position":"center center","background-size":"auto","background-attachment":"scroll","background-type":"","background-media":"","overlay-type":"","overlay-color":"","overlay-opacity":"","overlay-gradient":""},"mobile":{"background-color":"","background-image":"","background-repeat":"repeat","background-position":"center center","background-size":"auto","background-attachment":"scroll","background-type":"","background-media":"","overlay-type":"","overlay-color":"","overlay-opacity":"","overlay-gradient":""}},"ast-content-background-meta":{"desktop":{"background-color":"var(--ast-global-color-5)","background-image":"","background-repeat":"repeat","background-position":"center center","background-size":"auto","background-attachment":"scroll","background-type":"","background-media":"","overlay-type":"","overlay-color":"","overlay-opacity":"","overlay-gradient":""},"tablet":{"background-color":"var(--ast-global-color-5)","background-image":"","background-repeat":"repeat","background-position":"center center","background-size":"auto","background-attachment":"scroll","background-type":"","background-media":"","overlay-type":"","overlay-color":"","overlay-opacity":"","overlay-gradient":""},"mobile":{"background-color":"var(--ast-global-color-5)","background-image":"","background-repeat":"repeat","background-position":"center center","background-size":"auto","background-attachment":"scroll","background-type":"","background-media":"","overlay-type":"","overlay-color":"","overlay-opacity":"","overlay-gradient":""}},"footnotes":""},"categories":[29],"tags":[144],"class_list":["post-4559","post","type-post","status-publish","format-standard","has-post-thumbnail","hentry","category-suplementos-e-vitaminas-categoria","tag-guia-de-suplementacao"],"uagb_featured_image_src":{"full":["https:\/\/corpoequilibrado.com.br\/wp-content\/uploads\/2025\/04\/unnamed-file-253.jpg",1103,630,false],"thumbnail":["https:\/\/corpoequilibrado.com.br\/wp-content\/uploads\/2025\/04\/unnamed-file-253-150x150.jpg",150,150,true],"medium":["https:\/\/corpoequilibrado.com.br\/wp-content\/uploads\/2025\/04\/unnamed-file-253-300x171.jpg",300,171,true],"medium_large":["https:\/\/corpoequilibrado.com.br\/wp-content\/uploads\/2025\/04\/unnamed-file-253-768x439.jpg",768,439,true],"large":["https:\/\/corpoequilibrado.com.br\/wp-content\/uploads\/2025\/04\/unnamed-file-253-1024x585.jpg",1024,585,true],"1536x1536":["https:\/\/corpoequilibrado.com.br\/wp-content\/uploads\/2025\/04\/unnamed-file-253.jpg",1103,630,false],"2048x2048":["https:\/\/corpoequilibrado.com.br\/wp-content\/uploads\/2025\/04\/unnamed-file-253.jpg",1103,630,false],"trp-custom-language-flag":["https:\/\/corpoequilibrado.com.br\/wp-content\/uploads\/2025\/04\/unnamed-file-253-18x10.jpg",18,10,true]},"uagb_author_info":{"display_name":"Equipe Corpo Equilibrado","author_link":"https:\/\/corpoequilibrado.com.br\/es\/author\/rcastello20gmail-com\/"},"uagb_comment_info":0,"uagb_excerpt":"Vitamina B6 auxilia na sa\u00fade cardiovascular e cogni\u00e7\u00e3o. Descubra como incluir essa poderosa vitamina na sua dieta.","_links":{"self":[{"href":"https:\/\/corpoequilibrado.com.br\/es\/wp-json\/wp\/v2\/posts\/4559","targetHints":{"allow":["GET"]}}],"collection":[{"href":"https:\/\/corpoequilibrado.com.br\/es\/wp-json\/wp\/v2\/posts"}],"about":[{"href":"https:\/\/corpoequilibrado.com.br\/es\/wp-json\/wp\/v2\/types\/post"}],"author":[{"embeddable":true,"href":"https:\/\/corpoequilibrado.com.br\/es\/wp-json\/wp\/v2\/users\/1"}],"replies":[{"embeddable":true,"href":"https:\/\/corpoequilibrado.com.br\/es\/wp-json\/wp\/v2\/comments?post=4559"}],"version-history":[{"count":0,"href":"https:\/\/corpoequilibrado.com.br\/es\/wp-json\/wp\/v2\/posts\/4559\/revisions"}],"wp:featuredmedia":[{"embeddable":true,"href":"https:\/\/corpoequilibrado.com.br\/es\/wp-json\/wp\/v2\/media\/4557"}],"wp:attachment":[{"href":"https:\/\/corpoequilibrado.com.br\/es\/wp-json\/wp\/v2\/media?parent=4559"}],"wp:term":[{"taxonomy":"category","embeddable":true,"href":"https:\/\/corpoequilibrado.com.br\/es\/wp-json\/wp\/v2\/categories?post=4559"},{"taxonomy":"post_tag","embeddable":true,"href":"https:\/\/corpoequilibrado.com.br\/es\/wp-json\/wp\/v2\/tags?post=4559"}],"curies":[{"name":"wp","href":"https:\/\/api.w.org\/{rel}","templated":true}]}}